{"id":469412,"date":"2023-09-04T20:04:03","date_gmt":"2023-09-05T00:04:03","guid":{"rendered":"http:\/\/diariodominicano.com\/?p=469412"},"modified":"2023-09-04T20:06:55","modified_gmt":"2023-09-05T00:06:55","slug":"fiscalia-de-santiago-solicita-prision-preventiva-contra-mujer-que-se-hizo-pasar-por-abogada-para-estafar-a-decenas-de-personas","status":"publish","type":"post","link":"https:\/\/diariodominicano.com\/?p=469412","title":{"rendered":"Fiscal\u00eda de Santiago solicita prisi\u00f3n preventiva contra mujer que se hizo pasar por abogada para estafar a decenas de personas"},"content":{"rendered":"\n<p><em><u>La audiencia fue aplazada para este martes 5 de septiembre<\/u><\/em><\/p>\n\n\n\n<p>SANTIAGO,  Rep\u00fablica Dominicana.- La Fiscal\u00eda de Santiago solicit\u00f3 a la Oficina Judicial de Servicios de Atenci\u00f3n Permanente de esta jurisdicci\u00f3n que le imponga prisi\u00f3n preventiva a una mujer que se hizo pasar por abogada para estafar y extorsionar a decenas de personas.<\/p>\n\n\n\n<p>La medida de coerci\u00f3n fue solicitada para la imputada Amanda Tejada de la Cruz, quien, vali\u00e9ndose de documentos falsos, usurp\u00f3 la funci\u00f3n de abogada para cometer los delitos.<\/p>\n\n\n\n<p>En la solicitud de medida de coerci\u00f3n el \u00f3rgano de justicia indica que la imputada fue arrestada en flagrancia cuando se acerc\u00f3 al Departamento de Asuntos Internos de esta Fiscal\u00eda, coordinado por el procurador de Corte Gerardo Ponce, quien se percat\u00f3 de que la mujer, a quien observ\u00f3 en actitud sospechosa, usurpaba las funciones de un profesional del derecho, como hab\u00edan denunciado sus v\u00edctimas.&nbsp; &nbsp;<\/p>\n\n\n\n<p>Ante un requerimiento de registro de persona a la imputada se le ocup\u00f3 un carnet del Colegio de Abogados de la Rep\u00fablica Dominicana, con la matr\u00edcula MAT-72352-50-14, a nombre de Amanda Tejada de la Cruz, emitido en fecha 12\/12\/2022, y que el citado gremio profesional declar\u00f3 que es falso.&nbsp;&nbsp;<\/p>\n\n\n\n<p>En la solicitud de medida de coerci\u00f3n depositada ante el citado tribunal, consta el testimonio de decenas de querellantes que se acercaron a la Fiscal\u00eda para poner en conocimiento la estafa de la que fueron v\u00edctimas por parte de Tejada de la Cruz, quien, con maniobras enga\u00f1osas, se agenci\u00f3 de m\u00e1s de un mill\u00f3n de pesos.&nbsp; &nbsp;<\/p>\n\n\n\n<p>Una vez escuchado el testimonio de las v\u00edctimas, este \u00f3rgano persecutor formul\u00f3 contra la imputada cargos por violaci\u00f3n a las disposiciones de los art\u00edculos 147, 148 y 258 del C\u00f3digo Penal Dominicano, que tipifican y sancionan el uso de documentos falsos y la usurpaci\u00f3n de funciones.&nbsp;&nbsp;<\/p>\n\n\n\n<p>Hoy la jueza Kimberly Tatis aplaz\u00f3 para este martes 5 de septiembre la audiencia para el conocimiento de la medida de coerci\u00f3n luego acoger una solicitud de la defensa de la imputada que pidi\u00f3 m\u00e1s tiempo para reunir presupuestos que presentar\u00e1 en el proceso.<\/p>\n\n\n\n<p>Comunicaciones PGR<a target=\"_blank\" href=\"mailto:comunicaciones@pgr.gob.do\" rel=\"noreferrer noopener\">comunicaciones@pgr.gob.do<\/a><\/p>\n\n\n\n<p><strong>Direcci\u00f3n General de Comunicaci\u00f3n, Prensa, y RRPP<\/strong><strong><\/strong><\/p>\n\n\n\n<p>Ministerio P\u00fablico.&nbsp;R.D.<\/p>\n\n\n\n<p>Lunes, 4 de septiembre de 2023&#8230;.<\/p>\n","protected":false},"excerpt":{"rendered":"<p>La audiencia fue aplazada para este martes 5 de septiembre SANTIAGO, Rep\u00fablica Dominicana.- La Fiscal\u00eda de Santiago solicit\u00f3 a la Oficina Judicial de Servicios de Atenci\u00f3n Permanente de esta jurisdicci\u00f3n que le imponga prisi\u00f3n preventiva a una mujer que se hizo pasar por abogada para estafar y extorsionar a decenas de personas. La medida de [&hellip;]<\/p>\n","protected":false},"author":28,"featured_media":469415,"comment_status":"closed","ping_status":"","sticky":true,"template":"","format":"standard","meta":{"footnotes":""},"categories":[24,29,27],"tags":[],"class_list":["post-469412","post","type-post","status-publish","format-standard","has-post-thumbnail","hentry","category-justicia-y-derecho","category-policiasucesos","category-portada"],"_links":{"self":[{"href":"https:\/\/diariodominicano.com\/index.php?rest_route=\/wp\/v2\/posts\/469412","targetHints":{"allow":["GET"]}}],"collection":[{"href":"https:\/\/diariodominicano.com\/index.php?rest_route=\/wp\/v2\/posts"}],"about":[{"href":"https:\/\/diariodominicano.com\/index.php?rest_route=\/wp\/v2\/types\/post"}],"author":[{"embeddable":true,"href":"https:\/\/diariodominicano.com\/index.php?rest_route=\/wp\/v2\/users\/28"}],"replies":[{"embeddable":true,"href":"https:\/\/diariodominicano.com\/index.php?rest_route=%2Fwp%2Fv2%2Fcomments&post=469412"}],"version-history":[{"count":3,"href":"https:\/\/diariodominicano.com\/index.php?rest_route=\/wp\/v2\/posts\/469412\/revisions"}],"predecessor-version":[{"id":469417,"href":"https:\/\/diariodominicano.com\/index.php?rest_route=\/wp\/v2\/posts\/469412\/revisions\/469417"}],"wp:featuredmedia":[{"embeddable":true,"href":"https:\/\/diariodominicano.com\/index.php?rest_route=\/wp\/v2\/media\/469415"}],"wp:attachment":[{"href":"https:\/\/diariodominicano.com\/index.php?rest_route=%2Fwp%2Fv2%2Fmedia&parent=469412"}],"wp:term":[{"taxonomy":"category","embeddable":true,"href":"https:\/\/diariodominicano.com\/index.php?rest_route=%2Fwp%2Fv2%2Fcategories&post=469412"},{"taxonomy":"post_tag","embeddable":true,"href":"https:\/\/diariodominicano.com\/index.php?rest_route=%2Fwp%2Fv2%2Ftags&post=469412"}],"curies":[{"name":"wp","href":"https:\/\/api.w.org\/{rel}","templated":true}]}}