{"id":469400,"date":"2023-09-04T19:56:52","date_gmt":"2023-09-04T23:56:52","guid":{"rendered":"http:\/\/diariodominicano.com\/?p=469400"},"modified":"2023-09-05T00:39:25","modified_gmt":"2023-09-05T04:39:25","slug":"egresado-de-cine-de-intec-gana-galardon-a-la-excelencia-dgcine-en-el-festival-libelula-dorada","status":"publish","type":"post","link":"https:\/\/diariodominicano.com\/?p=469400","title":{"rendered":"Egresado de Cine de INTEC gana Galard\u00f3n a la Excelencia DGCine en el Festival Lib\u00e9lula Dorada"},"content":{"rendered":"\n<p> <em>Lino Valc\u00e1rcel <\/em> <\/p>\n\n\n\n<p><em>Lino Valc\u00e1rcel obtuvo el reconocimiento por su cortometraje \u201cEl Viaje\u201d, su trabajo de tesis para obtener el t\u00edtulo de licenciado en Cine y Comunicaci\u00f3n Audiovisual del INTEC<\/em><\/p>\n\n\n\n<p>SANTO DOMINGO, RD. \u2013 Un egresado de la carrera de Cine y Comunicaci\u00f3n Audiovisual del Instituto Tecnol\u00f3gico de Santo Domingo (INTEC) recibi\u00f3 el galard\u00f3n a la Excelencia DGCine durante la Octava edici\u00f3n del Festival Internacional de Cortometrajes Lib\u00e9lula Dorada, por su cortometraje \u201cEl Viaje\u201d, que fue tambi\u00e9n su proyecto de fin de grado.&nbsp;<\/p>\n\n\n\n<p>El trabajo audiovisual de Lino Valc\u00e1rcel, que tuvo su premier a finales de agosto de 2023 en Casa de Teatro, cuenta la historia de un joven universitario que es detenido por agentes policiales arbitrariamente luego de una protesta y deber\u00e1 afrontar no solo torturas y maltratos, sino tambi\u00e9n los estragos causados por la pandemia de COVID-19.&nbsp;&nbsp;<\/p>\n\n\n\n<figure class=\"wp-block-image size-large\"><img loading=\"lazy\" decoding=\"async\" width=\"1024\" height=\"473\" src=\"https:\/\/diariodominicano.com\/wp-content\/uploads\/2023\/09\/image00014-1024x473.png\" alt=\"\" class=\"wp-image-469403\" srcset=\"https:\/\/diariodominicano.com\/wp-content\/uploads\/2023\/09\/image00014-1024x473.png 1024w, https:\/\/diariodominicano.com\/wp-content\/uploads\/2023\/09\/image00014-300x139.png 300w, https:\/\/diariodominicano.com\/wp-content\/uploads\/2023\/09\/image00014-768x355.png 768w, https:\/\/diariodominicano.com\/wp-content\/uploads\/2023\/09\/image00014-1536x710.png 1536w, https:\/\/diariodominicano.com\/wp-content\/uploads\/2023\/09\/image00014-2048x946.png 2048w, https:\/\/diariodominicano.com\/wp-content\/uploads\/2023\/09\/image00014-816x377.png 816w\" sizes=\"auto, (max-width: 1024px) 100vw, 1024px\" \/><\/figure>\n\n\n\n<p>\u201cEl arte siempre ha sido para m\u00ed, y creo que, para muchos, una forma de canalizar todo aquello que nos apasiona, inquieta, deprime y ataca. La historia narrada en este cortometraje forma parte de uno de los muchos testimonios que salieron a flote luego de la ola represiva desatada por la dictadura cubana despu\u00e9s de las protestas del 11 de julio de 2021\u201d, explica el cineasta.<\/p>\n\n\n\n<figure class=\"wp-block-image size-large\"><img loading=\"lazy\" decoding=\"async\" width=\"1024\" height=\"473\" src=\"https:\/\/diariodominicano.com\/wp-content\/uploads\/2023\/09\/image00007-1024x473.png\" alt=\"\" class=\"wp-image-469405\" srcset=\"https:\/\/diariodominicano.com\/wp-content\/uploads\/2023\/09\/image00007-1024x473.png 1024w, https:\/\/diariodominicano.com\/wp-content\/uploads\/2023\/09\/image00007-300x139.png 300w, https:\/\/diariodominicano.com\/wp-content\/uploads\/2023\/09\/image00007-768x355.png 768w, https:\/\/diariodominicano.com\/wp-content\/uploads\/2023\/09\/image00007-1536x710.png 1536w, https:\/\/diariodominicano.com\/wp-content\/uploads\/2023\/09\/image00007-2048x946.png 2048w, https:\/\/diariodominicano.com\/wp-content\/uploads\/2023\/09\/image00007-816x377.png 816w\" sizes=\"auto, (max-width: 1024px) 100vw, 1024px\" \/><\/figure>\n\n\n\n<p>Valc\u00e1rcel indica que mientras los sucesos que se narran en su corto suced\u00edan, ese mismo d\u00eda por la tarde nac\u00eda su hijo. \u201cInquieto, desconcertado, apenas pudiendo respirar y sin saber d\u00f3nde estaba. No pude evitar la comparaci\u00f3n despu\u00e9s de un d\u00eda completo de ansiedad y much\u00edsimas noticias\u201d, expuso el joven de origen cubano.<\/p>\n\n\n\n<figure class=\"wp-block-image size-large\"><img loading=\"lazy\" decoding=\"async\" width=\"1024\" height=\"473\" src=\"https:\/\/diariodominicano.com\/wp-content\/uploads\/2023\/09\/image00003-1024x473.png\" alt=\"\" class=\"wp-image-469408\" srcset=\"https:\/\/diariodominicano.com\/wp-content\/uploads\/2023\/09\/image00003-1024x473.png 1024w, https:\/\/diariodominicano.com\/wp-content\/uploads\/2023\/09\/image00003-300x139.png 300w, https:\/\/diariodominicano.com\/wp-content\/uploads\/2023\/09\/image00003-768x355.png 768w, https:\/\/diariodominicano.com\/wp-content\/uploads\/2023\/09\/image00003-1536x710.png 1536w, https:\/\/diariodominicano.com\/wp-content\/uploads\/2023\/09\/image00003-2048x946.png 2048w, https:\/\/diariodominicano.com\/wp-content\/uploads\/2023\/09\/image00003-816x377.png 816w\" sizes=\"auto, (max-width: 1024px) 100vw, 1024px\" \/><\/figure>\n\n\n\n<figure class=\"wp-block-image size-large\"><img loading=\"lazy\" decoding=\"async\" width=\"1024\" height=\"473\" src=\"https:\/\/diariodominicano.com\/wp-content\/uploads\/2023\/09\/image00002-1024x473.jpeg\" alt=\"\" class=\"wp-image-469409\" srcset=\"https:\/\/diariodominicano.com\/wp-content\/uploads\/2023\/09\/image00002-1024x473.jpeg 1024w, https:\/\/diariodominicano.com\/wp-content\/uploads\/2023\/09\/image00002-300x139.jpeg 300w, https:\/\/diariodominicano.com\/wp-content\/uploads\/2023\/09\/image00002-768x355.jpeg 768w, https:\/\/diariodominicano.com\/wp-content\/uploads\/2023\/09\/image00002-1536x710.jpeg 1536w, https:\/\/diariodominicano.com\/wp-content\/uploads\/2023\/09\/image00002-2048x946.jpeg 2048w, https:\/\/diariodominicano.com\/wp-content\/uploads\/2023\/09\/image00002-816x377.jpeg 816w\" sizes=\"auto, (max-width: 1024px) 100vw, 1024px\" \/><\/figure>\n\n\n\n<p>\u201cEl viaje\u201d es una obra acerca de la represi\u00f3n, la libertad, el individuo y sobre todas las maneras en las que el poder militar e ideol\u00f3gico puede ser utilizado para controlar, destruir y evitar el cambio. Una historia de realidades paralelas dentro de un solo pa\u00eds.<\/p>\n\n\n\n<p><strong>Ficha T\u00e9cnica<\/strong><\/p>\n\n\n\n<p><strong>Nicole Ortiz\/Productora<\/strong><\/p>\n\n\n\n<p><strong>Elizabeth Infante\/Productora<\/strong><\/p>\n\n\n\n<p><strong>Lino Valc\u00e1rcel\/Director y Escritor<\/strong><\/p>\n\n\n\n<p><strong>L\u00eda Carrasco\/Asistente de Direcci\u00f3n<\/strong><\/p>\n\n\n\n<p><strong>Sebasti\u00e1n Del Valle\/Fotograf\u00eda<\/strong><\/p>\n\n\n\n<p><strong>Robert Rodr\u00edguez\/Dise\u00f1o de Sonido<\/strong><\/p>\n\n\n\n<p><strong>Camila P\u00e9rez\/Dise\u00f1o de Producci\u00f3n<\/strong><\/p>\n\n\n\n<p><strong>Jorge Navarro\/Editor del filme<\/strong><\/p>\n\n\n\n<p><strong>Elenco<\/strong><\/p>\n\n\n\n<p><strong>Gabriel Abreu<\/strong><\/p>\n\n\n\n<p>\u00abRub\u00e9n\u00bb<\/p>\n\n\n\n<p><strong>Jason Cabrera<\/strong><\/p>\n\n\n\n<p>\u00abTeniente Carmona\u00bb<\/p>\n\n\n\n<p><strong>Cindy Guerrero<\/strong><\/p>\n\n\n\n<p>\u00abLaura\u00bb<\/p>\n\n\n\n<p><strong>Sobre Valc\u00e1rcel<\/strong><\/p>\n\n\n\n<p>Nacido en Holgu\u00edn, Cuba, en 1997, Lino Valc\u00e1rcel es un joven cineasta y creador con una pasi\u00f3n inquebrantable por el cine y las artes visuales. Con tan solo 25 a\u00f1os, ha dedicado su talento y energ\u00eda al dise\u00f1o gr\u00e1fico, la fotograf\u00eda, la edici\u00f3n, la postproducci\u00f3n y el arte 3D.<\/p>\n\n\n\n<p>Graduado recientemente en abril de 2023 de la Licenciatura en Cine y Medios de Comunicaci\u00f3n Audiovisuales del Instituto Tecnol\u00f3gico de Santo Domingo (INTEC), ha demostrado una determinaci\u00f3n admirable en su b\u00fasqueda por perfeccionar su oficio. Aunque su carrera est\u00e1 en sus primeras etapas, su dedicaci\u00f3n y entusiasmo le han permitido sumergirse en campos como la Direcci\u00f3n y el Dise\u00f1o de producci\u00f3n.<\/p>\n\n\n\n<p>Con una mente inquieta y una curiosidad insaciable, Lino encuentra inspiraci\u00f3n en una amplia gama de g\u00e9neros cinematogr\u00e1ficos, incluido el cine Noir, el cine Latinoamericano y en general el Cine de autor.<\/p>\n\n\n\n<p><strong>La carrera de Cine del INTEC<\/strong><\/p>\n\n\n\n<p>La licenciatura en Cine y Comunicaci\u00f3n Audiovisual tiene como objetivo formar un profesional integral, con pensamiento cr\u00edtico y creativo, con habilidades para el trabajo en equipo, liderazgo, la planificaci\u00f3n, la gesti\u00f3n de proyectos innovadores y emprendedores; anclado a las nuevas herramientas y plataformas del mundo digital, con un alto dominio de las capacidades t\u00e9cnicas, el lenguaje audiovisual y est\u00e9tico, el compromiso con el ser humano y la sociedad, la identidad, las responsabilidades \u00e9ticas y la indagaci\u00f3n de las nuevas realidades del mundo que nos rodea.<\/p>\n\n\n\n<p>La carrera del \u00c1rea de Ciencias Sociales y Humanidades del INTEC posee un plan de estudios enfocado en la investigaci\u00f3n de la cultura caribe\u00f1a y la construcci\u00f3n de la identidad local a trav\u00e9s de la producci\u00f3n de audiovisuales.<\/p>\n\n\n\n<p>Cynthia Abreu &#8211; INTEC<a target=\"_blank\" href=\"mailto:cynthia.abreu@intec.edu.do\" rel=\"noreferrer noopener\">cynthia.abreu@intec.edu.do<\/a><\/p>\n","protected":false},"excerpt":{"rendered":"<p>Lino Valc\u00e1rcel Lino Valc\u00e1rcel obtuvo el reconocimiento por su cortometraje \u201cEl Viaje\u201d, su trabajo de tesis para obtener el t\u00edtulo de licenciado en Cine y Comunicaci\u00f3n Audiovisual del INTEC SANTO DOMINGO, RD. \u2013 Un egresado de la carrera de Cine y Comunicaci\u00f3n Audiovisual del Instituto Tecnol\u00f3gico de Santo Domingo (INTEC) recibi\u00f3 el galard\u00f3n a la [&hellip;]<\/p>\n","protected":false},"author":28,"featured_media":469452,"comment_status":"closed","ping_status":"","sticky":true,"template":"","format":"standard","meta":{"footnotes":""},"categories":[21,36,25,27,32],"tags":[],"class_list":["post-469400","post","type-post","status-publish","format-standard","has-post-thumbnail","hentry","category-cultura","category-hombresmujeresycosas","category-gente","category-portada","category-turismo"],"_links":{"self":[{"href":"https:\/\/diariodominicano.com\/index.php?rest_route=\/wp\/v2\/posts\/469400","targetHints":{"allow":["GET"]}}],"collection":[{"href":"https:\/\/diariodominicano.com\/index.php?rest_route=\/wp\/v2\/posts"}],"about":[{"href":"https:\/\/diariodominicano.com\/index.php?rest_route=\/wp\/v2\/types\/post"}],"author":[{"embeddable":true,"href":"https:\/\/diariodominicano.com\/index.php?rest_route=\/wp\/v2\/users\/28"}],"replies":[{"embeddable":true,"href":"https:\/\/diariodominicano.com\/index.php?rest_route=%2Fwp%2Fv2%2Fcomments&post=469400"}],"version-history":[{"count":7,"href":"https:\/\/diariodominicano.com\/index.php?rest_route=\/wp\/v2\/posts\/469400\/revisions"}],"predecessor-version":[{"id":469454,"href":"https:\/\/diariodominicano.com\/index.php?rest_route=\/wp\/v2\/posts\/469400\/revisions\/469454"}],"wp:featuredmedia":[{"embeddable":true,"href":"https:\/\/diariodominicano.com\/index.php?rest_route=\/wp\/v2\/media\/469452"}],"wp:attachment":[{"href":"https:\/\/diariodominicano.com\/index.php?rest_route=%2Fwp%2Fv2%2Fmedia&parent=469400"}],"wp:term":[{"taxonomy":"category","embeddable":true,"href":"https:\/\/diariodominicano.com\/index.php?rest_route=%2Fwp%2Fv2%2Fcategories&post=469400"},{"taxonomy":"post_tag","embeddable":true,"href":"https:\/\/diariodominicano.com\/index.php?rest_route=%2Fwp%2Fv2%2Ftags&post=469400"}],"curies":[{"name":"wp","href":"https:\/\/api.w.org\/{rel}","templated":true}]}}