{"id":469376,"date":"2023-09-04T18:45:06","date_gmt":"2023-09-04T22:45:06","guid":{"rendered":"http:\/\/diariodominicano.com\/?p=469376"},"modified":"2023-09-04T18:45:41","modified_gmt":"2023-09-04T22:45:41","slug":"arajet-inicia-operaciones-de-conexion-desde-santiago-de-los-caballeros-a-brasil-chile-y-argentina","status":"publish","type":"post","link":"https:\/\/diariodominicano.com\/?p=469376","title":{"rendered":"Arajet inicia operaciones de conexi\u00f3n desde Santiago de los Caballeros a Brasil, Chile y Argentina"},"content":{"rendered":"\n<p>Santo Domingo 4 de septiembre 2023. Arajet, la l\u00ednea a\u00e9rea de precios bajos del Caribe anunci\u00f3 el inicio de sus conexiones desde Santiago de los Caballeros con Sao Paulo en Brasil, Buenos Aires en Argentina y Santiago en Chile, que suman 5 destinos en Suram\u00e9rica donde los cibae\u00f1os podr\u00e1n volar ahora a trav\u00e9s de esta l\u00ednea a\u00e9rea nacional.<\/p>\n\n\n\n<p>A trav\u00e9s de un comunicado Arajet inform\u00f3 que los vuelos desde el Aeropuerto Internacional del Cibao conectar\u00e1n con estos destinos a trav\u00e9s del Aeropuerto Internacional Las Am\u00e9ricas en Santo Domingo en lo que ha sido denominado el nuevo Hub a\u00e9reo del Caribe.<\/p>\n\n\n\n<p>Las conexiones desde Santiago de los Caballeros a Sao Paulo y a Santiago de Chile iniciar\u00e1n el 2 de noviembre, mientras que las conexiones hacia Buenos Aires comenzar\u00e1n el 16 de noviembre.<\/p>\n\n\n\n<p>\u201cSeguimos cumpliendo con Santiago y con el pa\u00eds, de hacer de Arajet la l\u00ednea a\u00e9rea de los dominicanos, por eso ahora los cibae\u00f1os tendr\u00e1n la facilidad para volar a estas importantes ciudades en Suram\u00e9rica saliendo directo desde su aeropuerto y de la manera m\u00e1s eficiente y con el mejor precio hacia Sao Paulo, Santiago de Chile y Buenos Aires\u201d expres\u00f3 V\u00edctor Pacheco, CEO y fundador de Arajet.<\/p>\n\n\n\n<p>Las conexiones desde Santiago de los Caballeros a esos destinos de Suram\u00e9rica ser\u00e1n todos los jueves y los vuelos de regreso ser\u00edan todos los lunes; seg\u00fan se inform\u00f3 los precios empiezan desde los 281 d\u00f3lares por trayecto con impuestos incluidos.<\/p>\n\n\n\n<p>Actualmente, Arajet ofrece vuelos directos desde el Aeropuerto de Santiago de los Caballeros a Medell\u00edn y a partir del 30 de octubre a Bogot\u00e1, ambos en Colombia; por lo que en menos de 60 d\u00edas los cibae\u00f1os tendr\u00e1n conexiones con 5 ciudades de Suram\u00e9rica a trav\u00e9s de Arajet.<\/p>\n\n\n\n<p>Arajet ofrece m\u00e1s de 140 conexiones en el Norte, Centro y Suram\u00e9rica, logrando interconectar todo el continente al menor costo y seguridad operacional.<\/p>\n\n\n\n<hr class=\"wp-block-separator\"\/>\n\n\n\n<p>Sobre Arajet<\/p>\n\n\n\n<p><br>Arajet es la primera aerol\u00ednea de bajos precios en la regi\u00f3n del Caribe e inici\u00f3 operaciones en septiembre de 2022 desde su base en el Aeropuerto de Las Am\u00e9ricas en Santo Domingo, bajo su certificado de operador a\u00e9reo (AOC) de Rep\u00fablica Dominicana. Arajet opera una nueva flota de aviones Boeing 737MAX-8 que brindan viajes seguros y asequibles desde y hacia la Rep\u00fablica Dominicana a varios destinos en Am\u00e9rica del Norte, Central y del Sur y la regi\u00f3n del Caribe. Para obtener m\u00e1s informaci\u00f3n, visite www.Arajet.com<\/p>\n\n\n\n<p>Mariet Espinal<a target=\"_blank\" href=\"mailto:Mariet.Espinal@arajet.com\" rel=\"noreferrer noopener\">Mariet.Espinal@arajet.com<\/a><\/p>\n","protected":false},"excerpt":{"rendered":"<p>Santo Domingo 4 de septiembre 2023. Arajet, la l\u00ednea a\u00e9rea de precios bajos del Caribe anunci\u00f3 el inicio de sus conexiones desde Santiago de los Caballeros con Sao Paulo en Brasil, Buenos Aires en Argentina y Santiago en Chile, que suman 5 destinos en Suram\u00e9rica donde los cibae\u00f1os podr\u00e1n volar ahora a trav\u00e9s de esta [&hellip;]<\/p>\n","protected":false},"author":28,"featured_media":469377,"comment_status":"closed","ping_status":"","sticky":true,"template":"","format":"standard","meta":{"footnotes":""},"categories":[36,27,32],"tags":[],"class_list":["post-469376","post","type-post","status-publish","format-standard","has-post-thumbnail","hentry","category-hombresmujeresycosas","category-portada","category-turismo"],"_links":{"self":[{"href":"https:\/\/diariodominicano.com\/index.php?rest_route=\/wp\/v2\/posts\/469376","targetHints":{"allow":["GET"]}}],"collection":[{"href":"https:\/\/diariodominicano.com\/index.php?rest_route=\/wp\/v2\/posts"}],"about":[{"href":"https:\/\/diariodominicano.com\/index.php?rest_route=\/wp\/v2\/types\/post"}],"author":[{"embeddable":true,"href":"https:\/\/diariodominicano.com\/index.php?rest_route=\/wp\/v2\/users\/28"}],"replies":[{"embeddable":true,"href":"https:\/\/diariodominicano.com\/index.php?rest_route=%2Fwp%2Fv2%2Fcomments&post=469376"}],"version-history":[{"count":2,"href":"https:\/\/diariodominicano.com\/index.php?rest_route=\/wp\/v2\/posts\/469376\/revisions"}],"predecessor-version":[{"id":469379,"href":"https:\/\/diariodominicano.com\/index.php?rest_route=\/wp\/v2\/posts\/469376\/revisions\/469379"}],"wp:featuredmedia":[{"embeddable":true,"href":"https:\/\/diariodominicano.com\/index.php?rest_route=\/wp\/v2\/media\/469377"}],"wp:attachment":[{"href":"https:\/\/diariodominicano.com\/index.php?rest_route=%2Fwp%2Fv2%2Fmedia&parent=469376"}],"wp:term":[{"taxonomy":"category","embeddable":true,"href":"https:\/\/diariodominicano.com\/index.php?rest_route=%2Fwp%2Fv2%2Fcategories&post=469376"},{"taxonomy":"post_tag","embeddable":true,"href":"https:\/\/diariodominicano.com\/index.php?rest_route=%2Fwp%2Fv2%2Ftags&post=469376"}],"curies":[{"name":"wp","href":"https:\/\/api.w.org\/{rel}","templated":true}]}}