{"id":469358,"date":"2023-09-04T18:22:39","date_gmt":"2023-09-04T22:22:39","guid":{"rendered":"http:\/\/diariodominicano.com\/?p=469358"},"modified":"2023-09-04T18:30:44","modified_gmt":"2023-09-04T22:30:44","slug":"de-la-universidad-a-la-oficina","status":"publish","type":"post","link":"https:\/\/diariodominicano.com\/?p=469358","title":{"rendered":"Jacqueline Viteri present\u00f3 su libro De la universidad a la o\ufb01cina"},"content":{"rendered":"\n<p>Frakn Valenzuela, Jacqueline Viteri, Claudia y Raqueli Contreras Viteri<\/p>\n\n\n\n<p>Santo Domingo, Rep. Dom. 29 de agosto de 2023.- La experta en etiqueta corporativa Jacqueline Viteri present\u00f3 su libro De la universidad a la o\ufb01cina donde comparte an\u00e9cdotas y m\u00e1s de 600 tips como un aporte a la imagen profesional de los estudiantes universitarios.<\/p>\n\n\n\n<figure class=\"wp-block-image size-large\"><img loading=\"lazy\" decoding=\"async\" width=\"683\" height=\"1024\" src=\"https:\/\/diariodominicano.com\/wp-content\/uploads\/2023\/09\/Emmanuel-Esquea-y-Jacobo-Fernandez-683x1024.jpg\" alt=\"\" class=\"wp-image-469362\" srcset=\"https:\/\/diariodominicano.com\/wp-content\/uploads\/2023\/09\/Emmanuel-Esquea-y-Jacobo-Fernandez-683x1024.jpg 683w, https:\/\/diariodominicano.com\/wp-content\/uploads\/2023\/09\/Emmanuel-Esquea-y-Jacobo-Fernandez-200x300.jpg 200w, https:\/\/diariodominicano.com\/wp-content\/uploads\/2023\/09\/Emmanuel-Esquea-y-Jacobo-Fernandez-768x1152.jpg 768w, https:\/\/diariodominicano.com\/wp-content\/uploads\/2023\/09\/Emmanuel-Esquea-y-Jacobo-Fernandez-1024x1536.jpg 1024w, https:\/\/diariodominicano.com\/wp-content\/uploads\/2023\/09\/Emmanuel-Esquea-y-Jacobo-Fernandez-1365x2048.jpg 1365w, https:\/\/diariodominicano.com\/wp-content\/uploads\/2023\/09\/Emmanuel-Esquea-y-Jacobo-Fernandez-816x1224.jpg 816w, https:\/\/diariodominicano.com\/wp-content\/uploads\/2023\/09\/Emmanuel-Esquea-y-Jacobo-Fernandez-scaled.jpg 1707w\" sizes=\"auto, (max-width: 683px) 100vw, 683px\" \/><figcaption>Emmanuel Esquea y Jacobo Fern\u00e1ndez<\/figcaption><\/figure>\n\n\n\n<figure class=\"wp-block-image size-large\"><img loading=\"lazy\" decoding=\"async\" width=\"683\" height=\"1024\" src=\"https:\/\/diariodominicano.com\/wp-content\/uploads\/2023\/09\/Melba-Jimenez-Maritza-de-Otero-y-Rosanna-Garcia-683x1024.jpg\" alt=\"\" class=\"wp-image-469364\" srcset=\"https:\/\/diariodominicano.com\/wp-content\/uploads\/2023\/09\/Melba-Jimenez-Maritza-de-Otero-y-Rosanna-Garcia-683x1024.jpg 683w, https:\/\/diariodominicano.com\/wp-content\/uploads\/2023\/09\/Melba-Jimenez-Maritza-de-Otero-y-Rosanna-Garcia-200x300.jpg 200w, https:\/\/diariodominicano.com\/wp-content\/uploads\/2023\/09\/Melba-Jimenez-Maritza-de-Otero-y-Rosanna-Garcia-768x1152.jpg 768w, https:\/\/diariodominicano.com\/wp-content\/uploads\/2023\/09\/Melba-Jimenez-Maritza-de-Otero-y-Rosanna-Garcia-1024x1536.jpg 1024w, https:\/\/diariodominicano.com\/wp-content\/uploads\/2023\/09\/Melba-Jimenez-Maritza-de-Otero-y-Rosanna-Garcia-1365x2048.jpg 1365w, https:\/\/diariodominicano.com\/wp-content\/uploads\/2023\/09\/Melba-Jimenez-Maritza-de-Otero-y-Rosanna-Garcia-816x1224.jpg 816w, https:\/\/diariodominicano.com\/wp-content\/uploads\/2023\/09\/Melba-Jimenez-Maritza-de-Otero-y-Rosanna-Garcia-scaled.jpg 1707w\" sizes=\"auto, (max-width: 683px) 100vw, 683px\" \/><figcaption>Melba Jim\u00e9nez, Maritza de Otero y Rosanna Garc\u00eda<\/figcaption><\/figure>\n\n\n\n<p>Viteri, catedr\u00e1tica universitaria, regresa a las universidades con esta obra en su af\u00e1n de aportar a los estudiantes las habilidades sociales que les permitan destacarse por un trato y conducta profesional.<\/p>\n\n\n\n<p>De la universidad a la oficina est\u00e1 escrito con pasi\u00f3n y un toque jocoso simulando la interacci\u00f3n de Jacqueline Viteri en un sal\u00f3n de clases con sus estudiantes. En este libro comparte m\u00e1s de 600 tips acompa\u00f1ados de an\u00e9cdotas que relatan situaciones vividas a lo largo de su vida profesional y c\u00f3digos QR ubicados dentro de sus siete cap\u00edtulos, los cuales el lector podr\u00e1 escanear para disfrutar de videos relativos a distintos temas<\/p>\n\n\n\n<figure class=\"wp-block-image size-large\"><img loading=\"lazy\" decoding=\"async\" width=\"1024\" height=\"683\" src=\"https:\/\/diariodominicano.com\/wp-content\/uploads\/2023\/09\/Rullina-Montes-Irving-Vargas-y-Jacqueline-Viteri-1024x683.jpg\" alt=\"\" class=\"wp-image-469366\" srcset=\"https:\/\/diariodominicano.com\/wp-content\/uploads\/2023\/09\/Rullina-Montes-Irving-Vargas-y-Jacqueline-Viteri-1024x683.jpg 1024w, https:\/\/diariodominicano.com\/wp-content\/uploads\/2023\/09\/Rullina-Montes-Irving-Vargas-y-Jacqueline-Viteri-300x200.jpg 300w, https:\/\/diariodominicano.com\/wp-content\/uploads\/2023\/09\/Rullina-Montes-Irving-Vargas-y-Jacqueline-Viteri-768x512.jpg 768w, https:\/\/diariodominicano.com\/wp-content\/uploads\/2023\/09\/Rullina-Montes-Irving-Vargas-y-Jacqueline-Viteri-1536x1024.jpg 1536w, https:\/\/diariodominicano.com\/wp-content\/uploads\/2023\/09\/Rullina-Montes-Irving-Vargas-y-Jacqueline-Viteri-2048x1365.jpg 2048w, https:\/\/diariodominicano.com\/wp-content\/uploads\/2023\/09\/Rullina-Montes-Irving-Vargas-y-Jacqueline-Viteri-816x544.jpg 816w\" sizes=\"auto, (max-width: 1024px) 100vw, 1024px\" \/><figcaption>Rullina Montes, Irving Vargas y Jacqueline Viteri<\/figcaption><\/figure>\n\n\n\n<p>Esta gu\u00eda, con tips numerados para su f\u00e1cil ubicaci\u00f3n, ser\u00e1 de inter\u00e9s adem\u00e1s para los padres, profesionales en ejercicio, reclutadores, docentes de educaci\u00f3n superior y para toda persona interesada en crecer profesionalmente.<\/p>\n\n\n\n<figure class=\"wp-block-image size-large\"><img loading=\"lazy\" decoding=\"async\" width=\"1024\" height=\"683\" src=\"https:\/\/diariodominicano.com\/wp-content\/uploads\/2023\/09\/Yanira-Fondeur-Fernando-Camacho-y-Gloria-Pina-1024x683.jpg\" alt=\"\" class=\"wp-image-469368\" srcset=\"https:\/\/diariodominicano.com\/wp-content\/uploads\/2023\/09\/Yanira-Fondeur-Fernando-Camacho-y-Gloria-Pina-1024x683.jpg 1024w, https:\/\/diariodominicano.com\/wp-content\/uploads\/2023\/09\/Yanira-Fondeur-Fernando-Camacho-y-Gloria-Pina-300x200.jpg 300w, https:\/\/diariodominicano.com\/wp-content\/uploads\/2023\/09\/Yanira-Fondeur-Fernando-Camacho-y-Gloria-Pina-768x512.jpg 768w, https:\/\/diariodominicano.com\/wp-content\/uploads\/2023\/09\/Yanira-Fondeur-Fernando-Camacho-y-Gloria-Pina-1536x1024.jpg 1536w, https:\/\/diariodominicano.com\/wp-content\/uploads\/2023\/09\/Yanira-Fondeur-Fernando-Camacho-y-Gloria-Pina-2048x1365.jpg 2048w, https:\/\/diariodominicano.com\/wp-content\/uploads\/2023\/09\/Yanira-Fondeur-Fernando-Camacho-y-Gloria-Pina-816x544.jpg 816w\" sizes=\"auto, (max-width: 1024px) 100vw, 1024px\" \/><figcaption>Yanira Fondeur, Fernando Camacho y Gloria Pi\u00f1a<\/figcaption><\/figure>\n\n\n\n<p>Entre los temas tratados se encuentran:<\/p>\n\n\n\n<ul class=\"wp-block-list\"><li>La imagen profesional<\/li><li>El saludo y la presentaci\u00f3n<\/li><li>Qu\u00e9 hacer cuando se te olvida un nombre<\/li><li>Manejar favorablemente el lenguaje corporal<\/li><li>Tener \u00e9xito en una entrevista de trabajo antes, durante y despu\u00e9s<\/li><li>Qu\u00e9 hacer si surge el amor o el romance en el trabajo<\/li><li>C\u00f3mo destacarse en los programas de pasantia<\/li><li>Emplear los modales correctos al usar la tecnolog\u00eda<\/li><li>C\u00f3mo manejarse en un evento de networking<\/li><li>Comportarte correctamente en una comida corporativa, \u00a1y muchos m\u00e1s!<\/li><\/ul>\n\n\n\n<p>El evento fue celebrado en el auditorio Leonel Rodr\u00edguez Rib de la Universidad APEC donde asistieron representantes de las universidades del pa\u00eds y personas ligadas al sector educativo.<\/p>\n\n\n\n<p><strong>Sobre la autora<\/strong><strong><\/strong><\/p>\n\n\n\n<p>JACQUELINE VITERI. Conferencista. Especialista en Etiqueta Corporativa. Primera dominicana egresada de la escuela l\u00edder mundial en protocolo, <em>The Protocol School of Washington <\/em>(EEUU). Acad\u00e9mica correspondiente de la Academia Internacional de Ceremonial y Protocolo (sede en Brasil) \u00fanica representante de la Rep\u00fablica Dominicana. Fundadora y Directora de la Escuela de Etiqueta Jacqueline Viteri.<\/p>\n\n\n\n<p>En Rep\u00fablica Dominicana, es graduada de La Femme Elegante, del Instituto Dominicano Gregg y del Centro Cultural Hilda Kelly, de donde adem\u00e1s fue profesora de etiqueta y protocolo.<\/p>\n\n\n\n<p>Licenciada en Derecho por la Universidad UTE (Rep\u00fablica Dominicana), Licenciada en Arte Publicitario por la Universidad APEC (Rep\u00fablica Dominicana), Maestr\u00eda en Periodismo y Medios de Comunicaci\u00f3n de la <em>Florida International University <\/em>(Miami, Estados Unidos de Am\u00e9rica).<\/p>\n\n\n\n<p>Daniela Sena<a target=\"_blank\" href=\"mailto:daniela@lendof.com.do\" rel=\"noreferrer noopener\">daniela@lendof.com.do<\/a><\/p>\n","protected":false},"excerpt":{"rendered":"<p>Frakn Valenzuela, Jacqueline Viteri, Claudia y Raqueli Contreras Viteri Santo Domingo, Rep. Dom. 29 de agosto de 2023.- La experta en etiqueta corporativa Jacqueline Viteri present\u00f3 su libro De la universidad a la o\ufb01cina donde comparte an\u00e9cdotas y m\u00e1s de 600 tips como un aporte a la imagen profesional de los estudiantes universitarios. Viteri, catedr\u00e1tica [&hellip;]<\/p>\n","protected":false},"author":28,"featured_media":469359,"comment_status":"closed","ping_status":"","sticky":true,"template":"","format":"standard","meta":{"footnotes":""},"categories":[21,36,20,27,32],"tags":[],"class_list":["post-469358","post","type-post","status-publish","format-standard","has-post-thumbnail","hentry","category-cultura","category-hombresmujeresycosas","category-dominicana-hoy","category-portada","category-turismo"],"_links":{"self":[{"href":"https:\/\/diariodominicano.com\/index.php?rest_route=\/wp\/v2\/posts\/469358","targetHints":{"allow":["GET"]}}],"collection":[{"href":"https:\/\/diariodominicano.com\/index.php?rest_route=\/wp\/v2\/posts"}],"about":[{"href":"https:\/\/diariodominicano.com\/index.php?rest_route=\/wp\/v2\/types\/post"}],"author":[{"embeddable":true,"href":"https:\/\/diariodominicano.com\/index.php?rest_route=\/wp\/v2\/users\/28"}],"replies":[{"embeddable":true,"href":"https:\/\/diariodominicano.com\/index.php?rest_route=%2Fwp%2Fv2%2Fcomments&post=469358"}],"version-history":[{"count":7,"href":"https:\/\/diariodominicano.com\/index.php?rest_route=\/wp\/v2\/posts\/469358\/revisions"}],"predecessor-version":[{"id":469370,"href":"https:\/\/diariodominicano.com\/index.php?rest_route=\/wp\/v2\/posts\/469358\/revisions\/469370"}],"wp:featuredmedia":[{"embeddable":true,"href":"https:\/\/diariodominicano.com\/index.php?rest_route=\/wp\/v2\/media\/469359"}],"wp:attachment":[{"href":"https:\/\/diariodominicano.com\/index.php?rest_route=%2Fwp%2Fv2%2Fmedia&parent=469358"}],"wp:term":[{"taxonomy":"category","embeddable":true,"href":"https:\/\/diariodominicano.com\/index.php?rest_route=%2Fwp%2Fv2%2Fcategories&post=469358"},{"taxonomy":"post_tag","embeddable":true,"href":"https:\/\/diariodominicano.com\/index.php?rest_route=%2Fwp%2Fv2%2Ftags&post=469358"}],"curies":[{"name":"wp","href":"https:\/\/api.w.org\/{rel}","templated":true}]}}