{"id":469341,"date":"2023-09-04T17:52:47","date_gmt":"2023-09-04T21:52:47","guid":{"rendered":"http:\/\/diariodominicano.com\/?p=469341"},"modified":"2023-09-04T17:52:47","modified_gmt":"2023-09-04T21:52:47","slug":"el-tribunal-colegiado-de-san-cristobal-condena-a-15-anos-de-prision-a-un-hombre-que-mato-a-un-primo-en-san-cristobal","status":"publish","type":"post","link":"https:\/\/diariodominicano.com\/?p=469341","title":{"rendered":"\u00a0El Tribunal Colegiado de San Crist\u00f3bal condena a 15 a\u00f1os de prisi\u00f3n a un hombre que mat\u00f3 a un  primo en San Crist\u00f3bal"},"content":{"rendered":"\n<p><strong>SAN CRIST\u00d3BAL (Rep\u00fablica Dominicana).-\u00a0<\/strong>El Tribunal Colegiado de San Crist\u00f3bal   conden\u00f3 a 15 a\u00f1os de prisi\u00f3n a un hombre, quien le quit\u00f3 la vida a su primo, en un hecho ocurrido en el sector Estebania Borinquen, de San Rafael de Hatillo, San Crist\u00f3bal.\u00a0<\/p>\n\n\n\n<p>El tribunal, que preside la jueza Biulkys Milan\u00e9s, conden\u00f3 a Francisco Jos\u00e9 Mateo Carmona, por el hecho de sangre que cometi\u00f3 en contra de su primo, Miguel \u00c1ngel Carmona.&nbsp;<\/p>\n\n\n\n<p>La fiscal Josefina de los Santos Asencio, prob\u00f3 ante el tribunal la culpabilidad del agresor, quien con su accionar falt\u00f3 a los art\u00edculos 295, 29, 297, 298 y 304 del C\u00f3digo Penal Dominicano y los art\u00edculos 83 y 86 de la Ley 631-16, sobre arma y municiones y materiales relacionados.&nbsp;&nbsp;<\/p>\n\n\n\n<p>La acci\u00f3n criminal ocurri\u00f3 el 22 de mayo del a\u00f1o 2022, cuando la v\u00edctima, tras salir de compartir con varios amigos en una fiesta, se devolvi\u00f3 al lugar a buscar una bebida que hab\u00eda quedado, al marcharse nuevamente del lugar, el victimario, quien lo asechaba, sali\u00f3 de detr\u00e1s de una mata y con un arma blanca, tipo cuchillo, le propin\u00f3 una herida en el cuello, la cual termin\u00f3 causando la muerte de \u00c1ngel Carmona.<\/p>\n\n\n\n<p>Tras cometer el hecho, Mateo Carmona se dirigi\u00f3 a la casa de Heiudy Mateo Javier, a quien extern\u00f3 que la v\u00edctima le hab\u00eda amenazado con un arma, tipo chilena, y \u00e9l le infiri\u00f3 la herida que termin\u00f3 con la vida de \u00c1ngel Carmona.<\/p>\n\n\n\n<p>Por decisi\u00f3n del tribunal, el procesado deber\u00e1 cumplir la pena en el Centro de Correcci\u00f3n y Rehabilitaci\u00f3n Najayo Hombres.<\/p>\n\n\n\n<p><strong>Direcci\u00f3n General de Comunicaci\u00f3n, Prensa, y RRPP<\/strong><\/p>\n\n\n\n<p>Ministerio P\u00fablico.&nbsp;R.D.<\/p>\n\n\n\n<p>Lunes, 4 de septiembre de 2023&#8230;<\/p>\n","protected":false},"excerpt":{"rendered":"<p>SAN CRIST\u00d3BAL (Rep\u00fablica Dominicana).-\u00a0El Tribunal Colegiado de San Crist\u00f3bal conden\u00f3 a 15 a\u00f1os de prisi\u00f3n a un hombre, quien le quit\u00f3 la vida a su primo, en un hecho ocurrido en el sector Estebania Borinquen, de San Rafael de Hatillo, San Crist\u00f3bal.\u00a0 El tribunal, que preside la jueza Biulkys Milan\u00e9s, conden\u00f3 a Francisco Jos\u00e9 Mateo [&hellip;]<\/p>\n","protected":false},"author":28,"featured_media":351958,"comment_status":"closed","ping_status":"","sticky":true,"template":"","format":"standard","meta":{"footnotes":""},"categories":[24,29,27],"tags":[],"class_list":["post-469341","post","type-post","status-publish","format-standard","has-post-thumbnail","hentry","category-justicia-y-derecho","category-policiasucesos","category-portada"],"_links":{"self":[{"href":"https:\/\/diariodominicano.com\/index.php?rest_route=\/wp\/v2\/posts\/469341","targetHints":{"allow":["GET"]}}],"collection":[{"href":"https:\/\/diariodominicano.com\/index.php?rest_route=\/wp\/v2\/posts"}],"about":[{"href":"https:\/\/diariodominicano.com\/index.php?rest_route=\/wp\/v2\/types\/post"}],"author":[{"embeddable":true,"href":"https:\/\/diariodominicano.com\/index.php?rest_route=\/wp\/v2\/users\/28"}],"replies":[{"embeddable":true,"href":"https:\/\/diariodominicano.com\/index.php?rest_route=%2Fwp%2Fv2%2Fcomments&post=469341"}],"version-history":[{"count":1,"href":"https:\/\/diariodominicano.com\/index.php?rest_route=\/wp\/v2\/posts\/469341\/revisions"}],"predecessor-version":[{"id":469342,"href":"https:\/\/diariodominicano.com\/index.php?rest_route=\/wp\/v2\/posts\/469341\/revisions\/469342"}],"wp:featuredmedia":[{"embeddable":true,"href":"https:\/\/diariodominicano.com\/index.php?rest_route=\/wp\/v2\/media\/351958"}],"wp:attachment":[{"href":"https:\/\/diariodominicano.com\/index.php?rest_route=%2Fwp%2Fv2%2Fmedia&parent=469341"}],"wp:term":[{"taxonomy":"category","embeddable":true,"href":"https:\/\/diariodominicano.com\/index.php?rest_route=%2Fwp%2Fv2%2Fcategories&post=469341"},{"taxonomy":"post_tag","embeddable":true,"href":"https:\/\/diariodominicano.com\/index.php?rest_route=%2Fwp%2Fv2%2Ftags&post=469341"}],"curies":[{"name":"wp","href":"https:\/\/api.w.org\/{rel}","templated":true}]}}