{"id":469317,"date":"2023-09-04T14:05:46","date_gmt":"2023-09-04T18:05:46","guid":{"rendered":"http:\/\/diariodominicano.com\/?p=469317"},"modified":"2023-09-04T14:23:02","modified_gmt":"2023-09-04T18:23:02","slug":"la-policia-nacional-reporta-tres-haitianos-son-responsables-de-muerte-de-cuatro-miembros-de-una-familia-en-dajabon","status":"publish","type":"post","link":"https:\/\/diariodominicano.com\/?p=469317","title":{"rendered":"La Polic\u00eda Nacional informa tres ciudadanos haitianos son responsables de muerte de cuatro miembros de una familia en La Aminilla, Partido, provincia Dajab\u00f3n"},"content":{"rendered":"\n<p>Foto diario El Caribe<\/p>\n\n\n\n<p>Diariodominicano.com<\/p>\n\n\n\n<p>La Polic\u00eda Nacional inform\u00f3 este lunes que los presuntos responsables de la muerte de cuatro personas la madrugada del lunes en una vivienda de  la comunidad de La Aminilla del municipio de Partido, provincia Dajab\u00f3n, son tres ciudadanos  haitianos.<\/p>\n\n\n\n<p>Seg\u00fan el reporte uno de los tres hombres cay\u00f3 abatido en un enfrentamiento con agentes de la PN. Uno est\u00e1 detenido y otro se encuentra pr\u00f3fugo.<\/p>\n\n\n\n<p> Los fallecidos fueron identificados como: Carmelina Cabreja Ramos de 49 a\u00f1os, Papito Medina de 60, Daniel Medina Cabrera de 19 y una cuarta persona, que a\u00fan no ha sido identificada. <\/p>\n\n\n\n<p>El vocero la Polic\u00eda Nacional, Coronel  Diego Pesqueira, precis\u00f3 que tras una intensa persecuci\u00f3n uno de los supuestos responsables cay\u00f3 abatido en un enfrentamiento con agentes policiales; un segundo se encuentra detenido y un tercero est\u00e1 pr\u00f3fugo.<\/p>\n\n\n\n<p>Vecinos de La Aminilla se expresaron consternados por el hecho y dijeron  que los autores acribillaron a las cuatro personas y un quinto sufri\u00f3 heridas de bala.<\/p>\n\n\n\n<p>Dijeron a reporteros de CDN que en La Aminilla nunca hab\u00eda ocurrido un hecho como el registrado la madrugada del lunes.<\/p>\n\n\n\n<p><\/p>\n\n\n\n<p><\/p>\n\n\n\n<p><\/p>\n","protected":false},"excerpt":{"rendered":"<p>Foto diario El Caribe Diariodominicano.com La Polic\u00eda Nacional inform\u00f3 este lunes que los presuntos responsables de la muerte de cuatro personas la madrugada del lunes en una vivienda de la comunidad de La Aminilla del municipio de Partido, provincia Dajab\u00f3n, son tres ciudadanos haitianos. Seg\u00fan el reporte uno de los tres hombres cay\u00f3 abatido en [&hellip;]<\/p>\n","protected":false},"author":28,"featured_media":469318,"comment_status":"closed","ping_status":"","sticky":true,"template":"","format":"standard","meta":{"footnotes":""},"categories":[29,27],"tags":[],"class_list":["post-469317","post","type-post","status-publish","format-standard","has-post-thumbnail","hentry","category-policiasucesos","category-portada"],"_links":{"self":[{"href":"https:\/\/diariodominicano.com\/index.php?rest_route=\/wp\/v2\/posts\/469317","targetHints":{"allow":["GET"]}}],"collection":[{"href":"https:\/\/diariodominicano.com\/index.php?rest_route=\/wp\/v2\/posts"}],"about":[{"href":"https:\/\/diariodominicano.com\/index.php?rest_route=\/wp\/v2\/types\/post"}],"author":[{"embeddable":true,"href":"https:\/\/diariodominicano.com\/index.php?rest_route=\/wp\/v2\/users\/28"}],"replies":[{"embeddable":true,"href":"https:\/\/diariodominicano.com\/index.php?rest_route=%2Fwp%2Fv2%2Fcomments&post=469317"}],"version-history":[{"count":6,"href":"https:\/\/diariodominicano.com\/index.php?rest_route=\/wp\/v2\/posts\/469317\/revisions"}],"predecessor-version":[{"id":469324,"href":"https:\/\/diariodominicano.com\/index.php?rest_route=\/wp\/v2\/posts\/469317\/revisions\/469324"}],"wp:featuredmedia":[{"embeddable":true,"href":"https:\/\/diariodominicano.com\/index.php?rest_route=\/wp\/v2\/media\/469318"}],"wp:attachment":[{"href":"https:\/\/diariodominicano.com\/index.php?rest_route=%2Fwp%2Fv2%2Fmedia&parent=469317"}],"wp:term":[{"taxonomy":"category","embeddable":true,"href":"https:\/\/diariodominicano.com\/index.php?rest_route=%2Fwp%2Fv2%2Fcategories&post=469317"},{"taxonomy":"post_tag","embeddable":true,"href":"https:\/\/diariodominicano.com\/index.php?rest_route=%2Fwp%2Fv2%2Ftags&post=469317"}],"curies":[{"name":"wp","href":"https:\/\/api.w.org\/{rel}","templated":true}]}}