{"id":469264,"date":"2023-09-04T12:27:49","date_gmt":"2023-09-04T16:27:49","guid":{"rendered":"http:\/\/diariodominicano.com\/?p=469264"},"modified":"2023-09-04T12:27:49","modified_gmt":"2023-09-04T16:27:49","slug":"la-fiscalia-de-puerto-plata-logra-condena-de-20-anos-contra-hombre-por-homicidio","status":"publish","type":"post","link":"https:\/\/diariodominicano.com\/?p=469264","title":{"rendered":"La Fiscal\u00eda de Puerto Plata logra condena de 20 a\u00f1os contra hombre por homicidio"},"content":{"rendered":"\n<p><strong>PUERTO PLATA, Rep\u00fablica Dominicana.-<\/strong>\u00a0El Ministerio P\u00fablico de Puerto Plata obtuvo una condena de 20 a\u00f1os de prisi\u00f3n en contra de un hombre, quien cometi\u00f3 homicidio en contra de una personas en un hecho ocurrido el 27 de febrero del a\u00f1o 2022.<\/p>\n\n\n\n<p>La condena fue impuesta por el Tribunal Colegiado de esta jurisdicci\u00f3n, que integran los jueces Venecia Rojas, Jos\u00e9 Juan Jim\u00e9nez y Jeison Valdez, en contra de Patricio Leonardo P\u00e9rez Parra, por el hecho de sangre cometido en contra de Jos\u00e9 Francisco P\u00e9rez Ure\u00f1a.<\/p>\n\n\n\n<p>Los fiscales Jos\u00e9 Mart\u00ednez Mont\u00e1n y Pedro Melo demostraron ante el tribunal que el condenado falt\u00f3 a los art\u00edculos 295 y 304 del C\u00f3digo Penal Dominicano que sancionan el homicidio voluntario.<\/p>\n\n\n\n<p>Los hechos ocurrieron cuando la v\u00edctima, P\u00e9rez Ure\u00f1a, se encontraba en la calle Principal del sector El Mango, en el municipio Montellano, de Puerto Plata, frente a un negocio de expendio de bebidas alcoh\u00f3licas, donde sostuvo una discusi\u00f3n con P\u00e9rez Parra, quien le propin\u00f3 un golpe en la cara, lo que provocando que la v\u00edctima lo persiguiera, sin lograr alcanzarlo.<\/p>\n\n\n\n<p>Minutos despu\u00e9s, el hoy occiso se encontraba de nuevo frente al referido negocio, compartiendo con varias personas, cuando P\u00e9rez Parra se presenta nuevamente al lugar, provocando un enfrentamiento con la v\u00edctima, a quien en medio de forcejeo el victimario le infiri\u00f3 tres heridas en el cuello, con un casco de botella, que llevaba oculto en su mano izquierda.<\/p>\n\n\n\n<p>Al resultar herido, la v\u00edctima sali\u00f3 huyendo, en un intento desesperado por salvar su vida, pero varios metros m\u00e1s adelante cay\u00f3 al suelo y muri\u00f3.<\/p>\n\n\n\n<p>P\u00e9rez Parra deber\u00e1 cumplir la condena impuesta en el Centro de Correcci\u00f3n y Rehabilitaci\u00f3n San Felipe.<\/p>\n\n\n\n<p><strong>Direcci\u00f3n General de Comunicaci\u00f3n, Prensa, y RRPP<\/strong><\/p>\n\n\n\n<p>Ministerio P\u00fablico.&nbsp;R.D.<\/p>\n\n\n\n<p>Lunes, 4 de septiembre de 2023<\/p>\n","protected":false},"excerpt":{"rendered":"<p>PUERTO PLATA, Rep\u00fablica Dominicana.-\u00a0El Ministerio P\u00fablico de Puerto Plata obtuvo una condena de 20 a\u00f1os de prisi\u00f3n en contra de un hombre, quien cometi\u00f3 homicidio en contra de una personas en un hecho ocurrido el 27 de febrero del a\u00f1o 2022. La condena fue impuesta por el Tribunal Colegiado de esta jurisdicci\u00f3n, que integran los [&hellip;]<\/p>\n","protected":false},"author":28,"featured_media":269996,"comment_status":"closed","ping_status":"","sticky":true,"template":"","format":"standard","meta":{"footnotes":""},"categories":[24,29],"tags":[],"class_list":["post-469264","post","type-post","status-publish","format-standard","has-post-thumbnail","hentry","category-justicia-y-derecho","category-policiasucesos"],"_links":{"self":[{"href":"https:\/\/diariodominicano.com\/index.php?rest_route=\/wp\/v2\/posts\/469264","targetHints":{"allow":["GET"]}}],"collection":[{"href":"https:\/\/diariodominicano.com\/index.php?rest_route=\/wp\/v2\/posts"}],"about":[{"href":"https:\/\/diariodominicano.com\/index.php?rest_route=\/wp\/v2\/types\/post"}],"author":[{"embeddable":true,"href":"https:\/\/diariodominicano.com\/index.php?rest_route=\/wp\/v2\/users\/28"}],"replies":[{"embeddable":true,"href":"https:\/\/diariodominicano.com\/index.php?rest_route=%2Fwp%2Fv2%2Fcomments&post=469264"}],"version-history":[{"count":1,"href":"https:\/\/diariodominicano.com\/index.php?rest_route=\/wp\/v2\/posts\/469264\/revisions"}],"predecessor-version":[{"id":469265,"href":"https:\/\/diariodominicano.com\/index.php?rest_route=\/wp\/v2\/posts\/469264\/revisions\/469265"}],"wp:featuredmedia":[{"embeddable":true,"href":"https:\/\/diariodominicano.com\/index.php?rest_route=\/wp\/v2\/media\/269996"}],"wp:attachment":[{"href":"https:\/\/diariodominicano.com\/index.php?rest_route=%2Fwp%2Fv2%2Fmedia&parent=469264"}],"wp:term":[{"taxonomy":"category","embeddable":true,"href":"https:\/\/diariodominicano.com\/index.php?rest_route=%2Fwp%2Fv2%2Fcategories&post=469264"},{"taxonomy":"post_tag","embeddable":true,"href":"https:\/\/diariodominicano.com\/index.php?rest_route=%2Fwp%2Fv2%2Ftags&post=469264"}],"curies":[{"name":"wp","href":"https:\/\/api.w.org\/{rel}","templated":true}]}}