{"id":469149,"date":"2023-09-04T09:21:19","date_gmt":"2023-09-04T13:21:19","guid":{"rendered":"http:\/\/diariodominicano.com\/?p=469149"},"modified":"2023-09-04T09:23:08","modified_gmt":"2023-09-04T13:23:08","slug":"5-provincias-en-alerta-verde-por-posibles-crecidas-de-rios-arroyos-canadas-e-inundaciones-repentinas","status":"publish","type":"post","link":"https:\/\/diariodominicano.com\/?p=469149","title":{"rendered":"5 provincias en alerta verde por posibles crecidas de r\u00edos, arroyos, ca\u00f1adas e   inundaciones repentinas"},"content":{"rendered":"\n<p>El COE inform\u00f3 el lunes que ha colocado  5 provincias en alerta verde por posibles crecidas de r\u00edos, arroyos\u00a0 y ca\u00f1adas, as\u00ed como inundaciones repentinas o urbanas, debido a las descargas el\u00e9ctricas, aguaceros de moderados a fuertes y r\u00e1fagas de viento que est\u00e1n ocurriendo.\u00a0<br>Las provincias en alerta verde\u00a0<img decoding=\"async\" alt=\"\ud83d\udfe2\" src=\"https:\/\/fonts.gstatic.com\/s\/e\/notoemoji\/15.0\/1f7e2\/32.png\">\u00a0son:\u00a0<\/p>\n\n\n\n<p><br>Distrito Nacional,\u00a0Santo Domingo, \u00a0La Altagracia,\u00a0San Pedro de Macor\u00eds y \u00a0La Romana.<\/p>\n\n\n\n<p>\u00a0<br>El COE recomienda a las personas abstenerse de cruzar r\u00edos, arroyos y ca\u00f1adas que presenten alto vol\u00famenes de agua y no hacer uso de balnearios (r\u00edos), en las provincias bajo alerta.<\/p>\n\n\n\n<p><br>El COE tambi\u00e9n exhorta a a la poblaci\u00f3n y a los organismos de primera respuesta en la costa Atl\u00e1ntica darle un estricto seguimiento a la restricci\u00f3n contenida en el informe marino de la @onamet_rdo<\/p>\n\n\n\n<p>Comunicaciones e Informaci\u00f3n Digital COE<a target=\"_blank\" href=\"mailto:cdigitalcoe@gmail.com\" rel=\"noreferrer noopener\">cdigitalcoe@gmail.com<\/a><\/p>\n\n\n\n<p><br>#COERD<\/p>\n\n\n\n<p><\/p>\n","protected":false},"excerpt":{"rendered":"<p>El COE inform\u00f3 el lunes que ha colocado 5 provincias en alerta verde por posibles crecidas de r\u00edos, arroyos\u00a0 y ca\u00f1adas, as\u00ed como inundaciones repentinas o urbanas, debido a las descargas el\u00e9ctricas, aguaceros de moderados a fuertes y r\u00e1fagas de viento que est\u00e1n ocurriendo.\u00a0Las provincias en alerta verde\u00a0\u00a0son:\u00a0 Distrito Nacional,\u00a0Santo Domingo, \u00a0La Altagracia,\u00a0San Pedro de [&hellip;]<\/p>\n","protected":false},"author":28,"featured_media":469152,"comment_status":"closed","ping_status":"","sticky":true,"template":"","format":"standard","meta":{"footnotes":""},"categories":[20,27,32],"tags":[],"class_list":["post-469149","post","type-post","status-publish","format-standard","has-post-thumbnail","hentry","category-dominicana-hoy","category-portada","category-turismo"],"_links":{"self":[{"href":"https:\/\/diariodominicano.com\/index.php?rest_route=\/wp\/v2\/posts\/469149","targetHints":{"allow":["GET"]}}],"collection":[{"href":"https:\/\/diariodominicano.com\/index.php?rest_route=\/wp\/v2\/posts"}],"about":[{"href":"https:\/\/diariodominicano.com\/index.php?rest_route=\/wp\/v2\/types\/post"}],"author":[{"embeddable":true,"href":"https:\/\/diariodominicano.com\/index.php?rest_route=\/wp\/v2\/users\/28"}],"replies":[{"embeddable":true,"href":"https:\/\/diariodominicano.com\/index.php?rest_route=%2Fwp%2Fv2%2Fcomments&post=469149"}],"version-history":[{"count":2,"href":"https:\/\/diariodominicano.com\/index.php?rest_route=\/wp\/v2\/posts\/469149\/revisions"}],"predecessor-version":[{"id":469154,"href":"https:\/\/diariodominicano.com\/index.php?rest_route=\/wp\/v2\/posts\/469149\/revisions\/469154"}],"wp:featuredmedia":[{"embeddable":true,"href":"https:\/\/diariodominicano.com\/index.php?rest_route=\/wp\/v2\/media\/469152"}],"wp:attachment":[{"href":"https:\/\/diariodominicano.com\/index.php?rest_route=%2Fwp%2Fv2%2Fmedia&parent=469149"}],"wp:term":[{"taxonomy":"category","embeddable":true,"href":"https:\/\/diariodominicano.com\/index.php?rest_route=%2Fwp%2Fv2%2Fcategories&post=469149"},{"taxonomy":"post_tag","embeddable":true,"href":"https:\/\/diariodominicano.com\/index.php?rest_route=%2Fwp%2Fv2%2Ftags&post=469149"}],"curies":[{"name":"wp","href":"https:\/\/api.w.org\/{rel}","templated":true}]}}