{"id":469018,"date":"2023-09-03T23:27:06","date_gmt":"2023-09-04T03:27:06","guid":{"rendered":"http:\/\/diariodominicano.com\/?p=469018"},"modified":"2023-09-03T23:29:34","modified_gmt":"2023-09-04T03:29:34","slug":"comunican-interior-y-policia-y-la-ucsd-fomentaran-turismo-religioso-y-cultural","status":"publish","type":"post","link":"https:\/\/diariodominicano.com\/?p=469018","title":{"rendered":"Comunican Interior y Polic\u00eda y la UCSD \u00a0fomentar\u00e1n turismo religioso y cultural"},"content":{"rendered":"\n<p><strong><br>Con diplomado ser\u00e1n instruidos j\u00f3venes que generar\u00e1n ingresos y mejorar\u00e1n as\u00ed su calidad de vida<\/strong><\/p>\n\n\n\n<figure class=\"wp-block-image size-large\"><img loading=\"lazy\" decoding=\"async\" width=\"1024\" height=\"683\" src=\"https:\/\/diariodominicano.com\/wp-content\/uploads\/2023\/09\/Firma-acuerdo-UCSD-MIP-AGosto-2023-2-1024x683.jpeg\" alt=\"\" class=\"wp-image-469020\" srcset=\"https:\/\/diariodominicano.com\/wp-content\/uploads\/2023\/09\/Firma-acuerdo-UCSD-MIP-AGosto-2023-2-1024x683.jpeg 1024w, https:\/\/diariodominicano.com\/wp-content\/uploads\/2023\/09\/Firma-acuerdo-UCSD-MIP-AGosto-2023-2-300x200.jpeg 300w, https:\/\/diariodominicano.com\/wp-content\/uploads\/2023\/09\/Firma-acuerdo-UCSD-MIP-AGosto-2023-2-768x512.jpeg 768w, https:\/\/diariodominicano.com\/wp-content\/uploads\/2023\/09\/Firma-acuerdo-UCSD-MIP-AGosto-2023-2-816x544.jpeg 816w, https:\/\/diariodominicano.com\/wp-content\/uploads\/2023\/09\/Firma-acuerdo-UCSD-MIP-AGosto-2023-2.jpeg 1354w\" sizes=\"auto, (max-width: 1024px) 100vw, 1024px\" \/><figcaption>El momento de la firma del convenio.<\/figcaption><\/figure>\n\n\n\n<p><br>El Ministerio de Interior y Polic\u00eda y la Universidad Cat\u00f3lica Santo Domingo (UCSD) fomentar\u00e1n un turismo religioso y cultural, mediante un diplomado, con \u00e9nfasis en instruir \u00a0a j\u00f3venes de sectores vulnerables, que tendr\u00e1n as\u00ed una fuente de ingresos.<br>En el acuerdo, el \u00f3rgano estatal asumi\u00f3 seleccionar y organizar junto a la academia las capacitaciones, dotar\u00e1 el financiamiento y elegir\u00e1 a \u00a0los candidatos en las localidades \u00a0con esos atractivos tur\u00edsticos.<\/p>\n\n\n\n<p><br>\u00a0De su parte, el centro de estudios aportar\u00e1 los docentes, las instalaciones y socializar\u00e1 con los instructores las caracter\u00edsticas de las capacitaciones, como contenidos, duraci\u00f3n, requerimientos, entre otros detalles.<\/p>\n\n\n\n<figure class=\"wp-block-image size-large\"><img loading=\"lazy\" decoding=\"async\" width=\"1024\" height=\"628\" src=\"https:\/\/diariodominicano.com\/wp-content\/uploads\/2023\/09\/Firma-acuerdo-UCSD-MIP-AGosto-2023-1024x628.jpeg\" alt=\"\" class=\"wp-image-469021\" srcset=\"https:\/\/diariodominicano.com\/wp-content\/uploads\/2023\/09\/Firma-acuerdo-UCSD-MIP-AGosto-2023-1024x628.jpeg 1024w, https:\/\/diariodominicano.com\/wp-content\/uploads\/2023\/09\/Firma-acuerdo-UCSD-MIP-AGosto-2023-300x184.jpeg 300w, https:\/\/diariodominicano.com\/wp-content\/uploads\/2023\/09\/Firma-acuerdo-UCSD-MIP-AGosto-2023-768x471.jpeg 768w, https:\/\/diariodominicano.com\/wp-content\/uploads\/2023\/09\/Firma-acuerdo-UCSD-MIP-AGosto-2023-1536x942.jpeg 1536w, https:\/\/diariodominicano.com\/wp-content\/uploads\/2023\/09\/Firma-acuerdo-UCSD-MIP-AGosto-2023-816x500.jpeg 816w, https:\/\/diariodominicano.com\/wp-content\/uploads\/2023\/09\/Firma-acuerdo-UCSD-MIP-AGosto-2023.jpeg 1544w\" sizes=\"auto, (max-width: 1024px) 100vw, 1024px\" \/><\/figure>\n\n\n\n<p><br>El ministro Jes\u00fas V\u00e1squez Mart\u00ednez manifest\u00f3 que \u00a0ese ha sido uno de los m\u00e1s importantes convenios \u00a0que ha firmado, por la importancia que conlleva trabajar por el bien com\u00fan en un esfuerzo colectivo de formar a una sociedad en valores y un Estado m\u00e1s eficiente y transparente.<\/p>\n\n\n\n<p><br>Mostr\u00f3 satisfacci\u00f3n de llegar a ese recinto \u00a0educativo con el objetivo de aunar esfuerzos para beneficio \u00a0de las provincias intervenidas por la Estrategia Integral de Seguridad Ciudadana \u201cMi Pa\u00eds Seguro\u201d y de toda la naci\u00f3n.<\/p>\n\n\n\n<figure class=\"wp-block-image size-large\"><img loading=\"lazy\" decoding=\"async\" width=\"1024\" height=\"683\" src=\"https:\/\/diariodominicano.com\/wp-content\/uploads\/2023\/09\/Firma-acuerdo-UCSD-MIP-AGosto-2023-3-1024x683.jpeg\" alt=\"\" class=\"wp-image-469022\" srcset=\"https:\/\/diariodominicano.com\/wp-content\/uploads\/2023\/09\/Firma-acuerdo-UCSD-MIP-AGosto-2023-3-1024x683.jpeg 1024w, https:\/\/diariodominicano.com\/wp-content\/uploads\/2023\/09\/Firma-acuerdo-UCSD-MIP-AGosto-2023-3-300x200.jpeg 300w, https:\/\/diariodominicano.com\/wp-content\/uploads\/2023\/09\/Firma-acuerdo-UCSD-MIP-AGosto-2023-3-768x512.jpeg 768w, https:\/\/diariodominicano.com\/wp-content\/uploads\/2023\/09\/Firma-acuerdo-UCSD-MIP-AGosto-2023-3-816x544.jpeg 816w, https:\/\/diariodominicano.com\/wp-content\/uploads\/2023\/09\/Firma-acuerdo-UCSD-MIP-AGosto-2023-3.jpeg 1437w\" sizes=\"auto, (max-width: 1024px) 100vw, 1024px\" \/><\/figure>\n\n\n\n<p><br>Indic\u00f3 que por medio del programa\u00a0 L\u00edderes Mediadores de Conflictos que \u00a0ejecutan con las Iglesias, obtienen \u00a0un excelente resultado y que en todo el \u00a0territorio instalan programas con la intenci\u00f3n de cambiar la mentalidad de los j\u00f3venes y de la poblaci\u00f3n en general.<\/p>\n\n\n\n<p><br>En tanto, \u00a0el rector de la UCSD, obispo auxiliar de la Arquidi\u00f3cesis de Santo Domingo, monse\u00f1or Benito \u00c1ngeles Fern\u00e1ndez, agradeci\u00f3 el respaldo y destac\u00f3 la relevancia de \u00a0la integraci\u00f3n de voluntades \u00a0en la responsabilidad que conlleva servir por una mejor Rep\u00fablica Dominicana.<\/p>\n\n\n\n<p><br>Dijo que la articulaci\u00f3n de instituciones es \u00a0trascendental \u00a0en este pacto y \u00a0garantiz\u00f3 \u00a0que \u00a0aplicar\u00e1n lo acordado. Sobre la formaci\u00f3n, la directora de Educaci\u00f3n Continuada e Implementaci\u00f3n de Programas de Maestr\u00edas y Diplomados, Celsa Albert Batista, \u00a0sostuvo que es de mucha importancia, ya que ser\u00e1 muy preciso, sobre todo \u00a0por el plan dise\u00f1ado.<\/p>\n\n\n\n<p><strong><a rel=\"noreferrer noopener\" href=\"https:\/\/we.tl\/t-K9o7E6usPF\" target=\"_blank\">https:\/\/we.tl\/t-K9o7E6usPF<\/a>\u00a0<\/strong><\/p>\n\n\n\n<p><\/p>\n\n\n\n<p><\/p>\n\n\n\n<p><br>Afirm\u00f3 \u00a0que la casa de estudios, acompa\u00f1ada del \u00a0Ministerio de Turismo y \u00a0del Comit\u00e9 de Apoyo a la Polic\u00eda Nacional, ofrecer\u00e1 a Interior y Polic\u00eda \u00a0un equipo de hombres y mujeres aptos para ese entrenamiento.<\/p>\n\n\n\n<p>Prensa Interior<a target=\"_blank\" href=\"mailto:prensainterior@mip.gob.do\" rel=\"noreferrer noopener\">prensainterior@mip.gob.do<\/a><\/p>\n\n\n\n<p><br><strong>Direcci\u00f3n de Comunicaciones<\/strong><\/p>\n","protected":false},"excerpt":{"rendered":"<p>Con diplomado ser\u00e1n instruidos j\u00f3venes que generar\u00e1n ingresos y mejorar\u00e1n as\u00ed su calidad de vida El Ministerio de Interior y Polic\u00eda y la Universidad Cat\u00f3lica Santo Domingo (UCSD) fomentar\u00e1n un turismo religioso y cultural, mediante un diplomado, con \u00e9nfasis en instruir \u00a0a j\u00f3venes de sectores vulnerables, que tendr\u00e1n as\u00ed una fuente de ingresos.En el acuerdo, [&hellip;]<\/p>\n","protected":false},"author":28,"featured_media":469019,"comment_status":"closed","ping_status":"","sticky":true,"template":"","format":"standard","meta":{"footnotes":""},"categories":[36,20,27,32],"tags":[],"class_list":["post-469018","post","type-post","status-publish","format-standard","has-post-thumbnail","hentry","category-hombresmujeresycosas","category-dominicana-hoy","category-portada","category-turismo"],"_links":{"self":[{"href":"https:\/\/diariodominicano.com\/index.php?rest_route=\/wp\/v2\/posts\/469018","targetHints":{"allow":["GET"]}}],"collection":[{"href":"https:\/\/diariodominicano.com\/index.php?rest_route=\/wp\/v2\/posts"}],"about":[{"href":"https:\/\/diariodominicano.com\/index.php?rest_route=\/wp\/v2\/types\/post"}],"author":[{"embeddable":true,"href":"https:\/\/diariodominicano.com\/index.php?rest_route=\/wp\/v2\/users\/28"}],"replies":[{"embeddable":true,"href":"https:\/\/diariodominicano.com\/index.php?rest_route=%2Fwp%2Fv2%2Fcomments&post=469018"}],"version-history":[{"count":6,"href":"https:\/\/diariodominicano.com\/index.php?rest_route=\/wp\/v2\/posts\/469018\/revisions"}],"predecessor-version":[{"id":469028,"href":"https:\/\/diariodominicano.com\/index.php?rest_route=\/wp\/v2\/posts\/469018\/revisions\/469028"}],"wp:featuredmedia":[{"embeddable":true,"href":"https:\/\/diariodominicano.com\/index.php?rest_route=\/wp\/v2\/media\/469019"}],"wp:attachment":[{"href":"https:\/\/diariodominicano.com\/index.php?rest_route=%2Fwp%2Fv2%2Fmedia&parent=469018"}],"wp:term":[{"taxonomy":"category","embeddable":true,"href":"https:\/\/diariodominicano.com\/index.php?rest_route=%2Fwp%2Fv2%2Fcategories&post=469018"},{"taxonomy":"post_tag","embeddable":true,"href":"https:\/\/diariodominicano.com\/index.php?rest_route=%2Fwp%2Fv2%2Ftags&post=469018"}],"curies":[{"name":"wp","href":"https:\/\/api.w.org\/{rel}","templated":true}]}}