{"id":468981,"date":"2023-09-03T22:49:46","date_gmt":"2023-09-04T02:49:46","guid":{"rendered":"http:\/\/diariodominicano.com\/?p=468981"},"modified":"2023-09-03T22:52:05","modified_gmt":"2023-09-04T02:52:05","slug":"escuela-de-estudios-estrategicos-de-la-unade-se-moviliza-a-playa-guibia-a-limpiar-sus-costas-y-en-apoyo-al-proyecto-protegiendo-nuestro-futuro","status":"publish","type":"post","link":"https:\/\/diariodominicano.com\/?p=468981","title":{"rendered":"Escuela de Estudios Estrat\u00e9gicos de la UNADE se moviliza a Playa Guibia a limpiar sus costas y en apoyo al proyecto \u00abProtegiendo nuestro futuro\u00bb"},"content":{"rendered":"\n<p>&nbsp; En apoyo al proyecto de reciclaje \u201cProtegiendo nuestro futuro\u201d que impulsa la Asociaci\u00f3n Dominicana de Esposas de Oficiales de las Fuerzas Armadas (ADEOFA), autoridades, cursantes y el personal administrativo de la Escuela de Graduados de Altos Estudios Estrat\u00e9gicos (EGAEE) de la Universidad Nacional para la Defensa (UNADE), realizaron &nbsp;una jornada de recolecci\u00f3n de desechos s\u00f3lidos en la playa de G\u00fcibia, de la avenida George Washington, Distrito Nacional.<\/p>\n\n\n\n<figure class=\"wp-block-image size-large\"><img loading=\"lazy\" decoding=\"async\" width=\"1024\" height=\"680\" src=\"https:\/\/diariodominicano.com\/wp-content\/uploads\/2023\/09\/9488188d-0c27-499d-bb0e-35e58d96aef9-1024x680.jpg\" alt=\"\" class=\"wp-image-468984\" srcset=\"https:\/\/diariodominicano.com\/wp-content\/uploads\/2023\/09\/9488188d-0c27-499d-bb0e-35e58d96aef9-1024x680.jpg 1024w, https:\/\/diariodominicano.com\/wp-content\/uploads\/2023\/09\/9488188d-0c27-499d-bb0e-35e58d96aef9-300x199.jpg 300w, https:\/\/diariodominicano.com\/wp-content\/uploads\/2023\/09\/9488188d-0c27-499d-bb0e-35e58d96aef9-768x510.jpg 768w, https:\/\/diariodominicano.com\/wp-content\/uploads\/2023\/09\/9488188d-0c27-499d-bb0e-35e58d96aef9-1536x1020.jpg 1536w, https:\/\/diariodominicano.com\/wp-content\/uploads\/2023\/09\/9488188d-0c27-499d-bb0e-35e58d96aef9-816x542.jpg 816w, https:\/\/diariodominicano.com\/wp-content\/uploads\/2023\/09\/9488188d-0c27-499d-bb0e-35e58d96aef9.jpg 1600w\" sizes=\"auto, (max-width: 1024px) 100vw, 1024px\" \/><\/figure>\n\n\n\n<figure class=\"wp-block-image size-large\"><img loading=\"lazy\" decoding=\"async\" width=\"1024\" height=\"680\" src=\"https:\/\/diariodominicano.com\/wp-content\/uploads\/2023\/09\/81026652-2625-484d-bd6d-630d76851314-1024x680.jpg\" alt=\"\" class=\"wp-image-468985\" srcset=\"https:\/\/diariodominicano.com\/wp-content\/uploads\/2023\/09\/81026652-2625-484d-bd6d-630d76851314-1024x680.jpg 1024w, https:\/\/diariodominicano.com\/wp-content\/uploads\/2023\/09\/81026652-2625-484d-bd6d-630d76851314-300x199.jpg 300w, https:\/\/diariodominicano.com\/wp-content\/uploads\/2023\/09\/81026652-2625-484d-bd6d-630d76851314-768x510.jpg 768w, https:\/\/diariodominicano.com\/wp-content\/uploads\/2023\/09\/81026652-2625-484d-bd6d-630d76851314-1536x1020.jpg 1536w, https:\/\/diariodominicano.com\/wp-content\/uploads\/2023\/09\/81026652-2625-484d-bd6d-630d76851314-816x542.jpg 816w, https:\/\/diariodominicano.com\/wp-content\/uploads\/2023\/09\/81026652-2625-484d-bd6d-630d76851314.jpg 1600w\" sizes=\"auto, (max-width: 1024px) 100vw, 1024px\" \/><\/figure>\n\n\n\n<p>Esta iniciativa de limpieza de costas, playas y \u00e1reas verdes que ejecutan las dependencias del MIDE, fue dispuesta por el ministro de Defensa, teniente general Carlos Luciano D\u00edaz Morfa, ERD, para que los miembros de las Fuerzas Armadas contribuyan a la reducci\u00f3n de residuos de los entornos marinos.<\/p>\n\n\n\n<p>En esta ocasi\u00f3n la EGAEE invit\u00f3 a los cursantes de la XX y XXI promoci\u00f3n de la maestr\u00eda en Seguridad y Defensa Nacional y la XVI de la Especialidad en Geopol\u00edtica,&nbsp; para fomentar en el alumnado una cultura de conciencia orientada al cuidado de los recursos naturales.<\/p>\n\n\n\n<figure class=\"wp-block-image size-large\"><img loading=\"lazy\" decoding=\"async\" width=\"1024\" height=\"680\" src=\"https:\/\/diariodominicano.com\/wp-content\/uploads\/2023\/09\/b6e6f120-89ce-448d-aa34-e08c5fe18f47-1024x680.jpg\" alt=\"\" class=\"wp-image-468986\" srcset=\"https:\/\/diariodominicano.com\/wp-content\/uploads\/2023\/09\/b6e6f120-89ce-448d-aa34-e08c5fe18f47-1024x680.jpg 1024w, https:\/\/diariodominicano.com\/wp-content\/uploads\/2023\/09\/b6e6f120-89ce-448d-aa34-e08c5fe18f47-300x199.jpg 300w, https:\/\/diariodominicano.com\/wp-content\/uploads\/2023\/09\/b6e6f120-89ce-448d-aa34-e08c5fe18f47-768x510.jpg 768w, https:\/\/diariodominicano.com\/wp-content\/uploads\/2023\/09\/b6e6f120-89ce-448d-aa34-e08c5fe18f47-1536x1020.jpg 1536w, https:\/\/diariodominicano.com\/wp-content\/uploads\/2023\/09\/b6e6f120-89ce-448d-aa34-e08c5fe18f47-816x542.jpg 816w, https:\/\/diariodominicano.com\/wp-content\/uploads\/2023\/09\/b6e6f120-89ce-448d-aa34-e08c5fe18f47.jpg 1600w\" sizes=\"auto, (max-width: 1024px) 100vw, 1024px\" \/><\/figure>\n\n\n\n<figure class=\"wp-block-image size-large\"><img loading=\"lazy\" decoding=\"async\" width=\"1024\" height=\"680\" src=\"https:\/\/diariodominicano.com\/wp-content\/uploads\/2023\/09\/e8f1e545-7020-4fc9-a479-2b4cf0558c83-1024x680.jpg\" alt=\"\" class=\"wp-image-468988\" srcset=\"https:\/\/diariodominicano.com\/wp-content\/uploads\/2023\/09\/e8f1e545-7020-4fc9-a479-2b4cf0558c83-1024x680.jpg 1024w, https:\/\/diariodominicano.com\/wp-content\/uploads\/2023\/09\/e8f1e545-7020-4fc9-a479-2b4cf0558c83-300x199.jpg 300w, https:\/\/diariodominicano.com\/wp-content\/uploads\/2023\/09\/e8f1e545-7020-4fc9-a479-2b4cf0558c83-768x510.jpg 768w, https:\/\/diariodominicano.com\/wp-content\/uploads\/2023\/09\/e8f1e545-7020-4fc9-a479-2b4cf0558c83-1536x1020.jpg 1536w, https:\/\/diariodominicano.com\/wp-content\/uploads\/2023\/09\/e8f1e545-7020-4fc9-a479-2b4cf0558c83-816x542.jpg 816w, https:\/\/diariodominicano.com\/wp-content\/uploads\/2023\/09\/e8f1e545-7020-4fc9-a479-2b4cf0558c83.jpg 1600w\" sizes=\"auto, (max-width: 1024px) 100vw, 1024px\" \/><\/figure>\n\n\n\n<p>El material recolectado fue depositado en el contenedor ubicado en la sede del recinto militar \u201cGeneral de Divisi\u00f3n Mat\u00edas Ram\u00f3n Mella\u201d para ser reciclado y utilizado en la construcci\u00f3n de la primera estancia infantil del MIDE.<\/p>\n\n\n\n<figure class=\"wp-block-image size-large\"><img loading=\"lazy\" decoding=\"async\" width=\"1024\" height=\"576\" src=\"https:\/\/diariodominicano.com\/wp-content\/uploads\/2023\/09\/1315af92-30fb-49bb-8303-8e681d033c9a-1024x576.jpg\" alt=\"\" class=\"wp-image-468989\" srcset=\"https:\/\/diariodominicano.com\/wp-content\/uploads\/2023\/09\/1315af92-30fb-49bb-8303-8e681d033c9a-1024x576.jpg 1024w, https:\/\/diariodominicano.com\/wp-content\/uploads\/2023\/09\/1315af92-30fb-49bb-8303-8e681d033c9a-300x169.jpg 300w, https:\/\/diariodominicano.com\/wp-content\/uploads\/2023\/09\/1315af92-30fb-49bb-8303-8e681d033c9a-768x432.jpg 768w, https:\/\/diariodominicano.com\/wp-content\/uploads\/2023\/09\/1315af92-30fb-49bb-8303-8e681d033c9a-816x459.jpg 816w, https:\/\/diariodominicano.com\/wp-content\/uploads\/2023\/09\/1315af92-30fb-49bb-8303-8e681d033c9a.jpg 1280w\" sizes=\"auto, (max-width: 1024px) 100vw, 1024px\" \/><\/figure>\n\n\n\n<p>La jornada estuvo encabezada por el subdirector de Investigaci\u00f3n y Educaci\u00f3n Continua de la EGAEE, coronel Rafael David S\u00e1nchez G\u00f3mez, ERD; el\u00a0 coordinador de la maestr\u00eda en Seguridad y Defensa Nacional, coronel Antonio Jos\u00e9 Cintr\u00f3n Terrero, ERD, y el teniente coronel paracaidista, C\u00e9sar Menc\u00eda Cury, FARD,\u00a0 subdirector Administrativo de la EGAEE.<\/p>\n\n\n\n<p>Prensa Mide<a target=\"_blank\" href=\"mailto:prensaj5mide@gmail.com\" rel=\"noreferrer noopener\">prensaj5mide@gmail.com<\/a><\/p>\n\n\n\n<p><strong><em>Departamento de Prensa<\/em><\/strong><\/p>\n\n\n\n<p><em><strong>Direcci\u00f3n de Asuntos Civiles del Estado Mayor Conjunto, J5<\/strong><\/em><\/p>\n\n\n\n<p><em><strong>Ministerio de Defensa de Rep\u00fablica Dominicana<\/strong><\/em><\/p>\n","protected":false},"excerpt":{"rendered":"<p>&nbsp; En apoyo al proyecto de reciclaje \u201cProtegiendo nuestro futuro\u201d que impulsa la Asociaci\u00f3n Dominicana de Esposas de Oficiales de las Fuerzas Armadas (ADEOFA), autoridades, cursantes y el personal administrativo de la Escuela de Graduados de Altos Estudios Estrat\u00e9gicos (EGAEE) de la Universidad Nacional para la Defensa (UNADE), realizaron &nbsp;una jornada de recolecci\u00f3n de desechos [&hellip;]<\/p>\n","protected":false},"author":28,"featured_media":468982,"comment_status":"closed","ping_status":"","sticky":true,"template":"","format":"standard","meta":{"footnotes":""},"categories":[36,20,27,32],"tags":[],"class_list":["post-468981","post","type-post","status-publish","format-standard","has-post-thumbnail","hentry","category-hombresmujeresycosas","category-dominicana-hoy","category-portada","category-turismo"],"_links":{"self":[{"href":"https:\/\/diariodominicano.com\/index.php?rest_route=\/wp\/v2\/posts\/468981","targetHints":{"allow":["GET"]}}],"collection":[{"href":"https:\/\/diariodominicano.com\/index.php?rest_route=\/wp\/v2\/posts"}],"about":[{"href":"https:\/\/diariodominicano.com\/index.php?rest_route=\/wp\/v2\/types\/post"}],"author":[{"embeddable":true,"href":"https:\/\/diariodominicano.com\/index.php?rest_route=\/wp\/v2\/users\/28"}],"replies":[{"embeddable":true,"href":"https:\/\/diariodominicano.com\/index.php?rest_route=%2Fwp%2Fv2%2Fcomments&post=468981"}],"version-history":[{"count":3,"href":"https:\/\/diariodominicano.com\/index.php?rest_route=\/wp\/v2\/posts\/468981\/revisions"}],"predecessor-version":[{"id":468990,"href":"https:\/\/diariodominicano.com\/index.php?rest_route=\/wp\/v2\/posts\/468981\/revisions\/468990"}],"wp:featuredmedia":[{"embeddable":true,"href":"https:\/\/diariodominicano.com\/index.php?rest_route=\/wp\/v2\/media\/468982"}],"wp:attachment":[{"href":"https:\/\/diariodominicano.com\/index.php?rest_route=%2Fwp%2Fv2%2Fmedia&parent=468981"}],"wp:term":[{"taxonomy":"category","embeddable":true,"href":"https:\/\/diariodominicano.com\/index.php?rest_route=%2Fwp%2Fv2%2Fcategories&post=468981"},{"taxonomy":"post_tag","embeddable":true,"href":"https:\/\/diariodominicano.com\/index.php?rest_route=%2Fwp%2Fv2%2Ftags&post=468981"}],"curies":[{"name":"wp","href":"https:\/\/api.w.org\/{rel}","templated":true}]}}