{"id":468931,"date":"2023-09-03T21:56:20","date_gmt":"2023-09-04T01:56:20","guid":{"rendered":"http:\/\/diariodominicano.com\/?p=468931"},"modified":"2023-09-03T21:56:20","modified_gmt":"2023-09-04T01:56:20","slug":"dominicano-tiki-acevedo-se-convierte-en-nuevo-campeon-mundial-de-mma","status":"publish","type":"post","link":"https:\/\/diariodominicano.com\/?p=468931","title":{"rendered":"Dominicano \u201cTiki\u201d Acevedo se convierte en nuevo campe\u00f3n mundial de MMA"},"content":{"rendered":"\n<p> El dominicano Reynaldo \u201cTiki\u201d Acevedo es declarado ganador por el \u00e1rbitro, luego de vencer a Oscar \u201cHierro\u201d Sosa. <\/p>\n\n\n\n<p><strong>Derrota a \u201cHierro\u201d Sosa en una noche donde otros dos de RD ganaron fajas de Fighting Force<\/strong><\/p>\n\n\n\n<p>SANTO DOMINGO., RD &#8211; El dominicano Reynaldo \u201cTiki\u201d Acevedo se convirti\u00f3 en el nuevo campe\u00f3n mundial del peso semipesado tras vencer por decisi\u00f3n un\u00e1nime a su compatriota Oscar \u201cHierro\u201d Sosa en una cartelera de las artes marciales mixtas (MMA) celebrada a casa llena la noche del pasado s\u00e1bado en el Pabell\u00f3n de Esgrima del Centro Ol\u00edmpico Juan Pablo Duarte.<\/p>\n\n\n\n<p>En la misma jornada, otros dos competidores dominicanos se adjudicaron t\u00edtulos internacionales tras disponer de sus respectivos rivales. Se trata de Vincent Van Gogh y El\u00edas Santos, quienes ganaron sus t\u00edtulos por la v\u00eda del KO.<\/p>\n\n\n\n<p>El atractivo y muy aplaudido evento fue el n\u00famero 12 de la promotora dominicana Fighting Force, que preside el abogado Rodolfo Dauhajre y el mismo se inscribe en las actividades con la que la organizaci\u00f3n celebra el cuarto aniversario de su fundaci\u00f3n.<\/p>\n\n\n\n<p>En una noche llena de adrenalina con 10 combates de MMA, en el combate estelar de la noche, Reynaldo \u201cTiki\u201d Acevedo domin\u00f3 los 5 asaltos para obtener una victoria por&nbsp;decisi\u00f3n un\u00e1nime de los jueces ante el veterano \u00d3scar \u201cHierro\u201d Sosa y as\u00ed lograr el t\u00edtulo mundial semipesado de Fighting Force.&nbsp;&nbsp;<\/p>\n\n\n\n<p>En los combates coestelares, El\u00edas \u201cLa Mole\u201d Santos venci\u00f3 con un impresionante KO v\u00eda patada a la cabeza, en el segundo asalto, a su compatriota dominicano Lucas \u201cEl Tibur\u00f3n\u201d Marte para conquistar el t\u00edtulo interino de las 155 libras. Tras su victoria, \u201cLa Mole\u201d Santos ret\u00f3 al campe\u00f3n Jhonasky Sojo, buscando la unificaci\u00f3n del t\u00edtulo de las 155 libras y ser campe\u00f3n indiscutible de la divisi\u00f3n.&nbsp;<strong><\/strong><\/p>\n\n\n\n<p>De su parte, Vincent Van Gogh \u201cEl Cuco\u201d le arrebat\u00f3 su invicto al p\u00fagil Alex \u201cLa Tortuga Ninja\u201d Alc\u00e1ntara, venci\u00e9ndolo en el primer asalto por KO para conquistar el t\u00edtulo vacante de las 145 libras de Fighting Force.<\/p>\n\n\n\n<p>Van Gogh lleva 4 victorias en el primer asalto frente a oponentes de la misma academia, lo que provoc\u00f3 que el campe\u00f3n de las 135 libras, Tommy \u201cLa Salsa\u201d Garc\u00eda y compa\u00f1ero&nbsp;de equipo de Alc\u00e1ntara, pidiera la pelea contra Van Gogh en la divisi\u00f3n de las 145 libras.&nbsp;<strong><\/strong><\/p>\n\n\n\n<p>\u201cFue una noche inolvidable a casa llena, con grandes combates que pasar\u00e1n a la historia, ya hoy tenemos tres nuevos campeones y ahora buscaremos compromisos internacionales para las defensas de esos t\u00edtulos\u201d, sostuvo Rodolfo Dauhajre, presidente de Fighting Force ante la prensa.&nbsp;<strong><\/strong><\/p>\n\n\n\n<p><strong>Combates Destacados<\/strong><strong><\/strong><\/p>\n\n\n\n<p>El prospecto dominicano Jeremy Tiburcio venci\u00f3 al colombiano Esteferson Cifuentes v\u00eda sumisi\u00f3n (tri\u00e1ngulo) en el primer asalto, mientras que el venezolano Braian Leiva gan\u00f3 por TKO (golpes) tambi\u00e9n en el primer asalto, contra el colombiano Cristian Le\u00f3n.\u00a0<\/p>\n\n\n\n<p>francisco camilo<a target=\"_blank\" href=\"mailto:francisco.javier18@gmail.com\" rel=\"noreferrer noopener\">francisco.javier18@gmail.com<\/a><\/p>\n","protected":false},"excerpt":{"rendered":"<p>El dominicano Reynaldo \u201cTiki\u201d Acevedo es declarado ganador por el \u00e1rbitro, luego de vencer a Oscar \u201cHierro\u201d Sosa. Derrota a \u201cHierro\u201d Sosa en una noche donde otros dos de RD ganaron fajas de Fighting Force SANTO DOMINGO., RD &#8211; El dominicano Reynaldo \u201cTiki\u201d Acevedo se convirti\u00f3 en el nuevo campe\u00f3n mundial del peso semipesado tras [&hellip;]<\/p>\n","protected":false},"author":28,"featured_media":468932,"comment_status":"closed","ping_status":"","sticky":true,"template":"","format":"standard","meta":{"footnotes":""},"categories":[17,27,32],"tags":[],"class_list":["post-468931","post","type-post","status-publish","format-standard","has-post-thumbnail","hentry","category-deportes","category-portada","category-turismo"],"_links":{"self":[{"href":"https:\/\/diariodominicano.com\/index.php?rest_route=\/wp\/v2\/posts\/468931","targetHints":{"allow":["GET"]}}],"collection":[{"href":"https:\/\/diariodominicano.com\/index.php?rest_route=\/wp\/v2\/posts"}],"about":[{"href":"https:\/\/diariodominicano.com\/index.php?rest_route=\/wp\/v2\/types\/post"}],"author":[{"embeddable":true,"href":"https:\/\/diariodominicano.com\/index.php?rest_route=\/wp\/v2\/users\/28"}],"replies":[{"embeddable":true,"href":"https:\/\/diariodominicano.com\/index.php?rest_route=%2Fwp%2Fv2%2Fcomments&post=468931"}],"version-history":[{"count":1,"href":"https:\/\/diariodominicano.com\/index.php?rest_route=\/wp\/v2\/posts\/468931\/revisions"}],"predecessor-version":[{"id":468933,"href":"https:\/\/diariodominicano.com\/index.php?rest_route=\/wp\/v2\/posts\/468931\/revisions\/468933"}],"wp:featuredmedia":[{"embeddable":true,"href":"https:\/\/diariodominicano.com\/index.php?rest_route=\/wp\/v2\/media\/468932"}],"wp:attachment":[{"href":"https:\/\/diariodominicano.com\/index.php?rest_route=%2Fwp%2Fv2%2Fmedia&parent=468931"}],"wp:term":[{"taxonomy":"category","embeddable":true,"href":"https:\/\/diariodominicano.com\/index.php?rest_route=%2Fwp%2Fv2%2Fcategories&post=468931"},{"taxonomy":"post_tag","embeddable":true,"href":"https:\/\/diariodominicano.com\/index.php?rest_route=%2Fwp%2Fv2%2Ftags&post=468931"}],"curies":[{"name":"wp","href":"https:\/\/api.w.org\/{rel}","templated":true}]}}