{"id":468910,"date":"2023-09-03T21:18:35","date_gmt":"2023-09-04T01:18:35","guid":{"rendered":"http:\/\/diariodominicano.com\/?p=468910"},"modified":"2023-09-03T21:23:57","modified_gmt":"2023-09-04T01:23:57","slug":"centro-cultural-banreservas-expondra-obras-del-maestro-vicente-pimentel","status":"publish","type":"post","link":"https:\/\/diariodominicano.com\/?p=468910","title":{"rendered":"Centro Cultural Banreservas expondr\u00e1 obras del maestro Vicente Pimentel"},"content":{"rendered":"\n<p>Pieza de Vicente Pimentel de 2012, sin t\u00edtulo, que forma parte de la colecci\u00f3n de la familia Van der Horst.<\/p>\n\n\n\n<p><em>Veinte obras del artista visual se exhibir\u00e1n desde el 7 de septiembre&nbsp;<\/em><\/p>\n\n\n\n<figure class=\"wp-block-image size-large\"><img loading=\"lazy\" decoding=\"async\" width=\"1024\" height=\"681\" src=\"https:\/\/diariodominicano.com\/wp-content\/uploads\/2023\/09\/REH3098-1024x681.jpg\" alt=\"\" class=\"wp-image-468916\" srcset=\"https:\/\/diariodominicano.com\/wp-content\/uploads\/2023\/09\/REH3098-1024x681.jpg 1024w, https:\/\/diariodominicano.com\/wp-content\/uploads\/2023\/09\/REH3098-300x200.jpg 300w, https:\/\/diariodominicano.com\/wp-content\/uploads\/2023\/09\/REH3098-768x511.jpg 768w, https:\/\/diariodominicano.com\/wp-content\/uploads\/2023\/09\/REH3098-1536x1022.jpg 1536w, https:\/\/diariodominicano.com\/wp-content\/uploads\/2023\/09\/REH3098-2048x1362.jpg 2048w, https:\/\/diariodominicano.com\/wp-content\/uploads\/2023\/09\/REH3098-816x543.jpg 816w\" sizes=\"auto, (max-width: 1024px) 100vw, 1024px\" \/><\/figure>\n\n\n\n<p>El Centro Cultural Banreservas, con la colaboraci\u00f3n de la familia Van der Horst, inaugurar\u00e1 una muestra del fenecido artista visual dominicano Vicente Pimentel, Premio Nacional de Artes Visuales, 2020.<\/p>\n\n\n\n<figure class=\"wp-block-image size-large\"><img loading=\"lazy\" decoding=\"async\" width=\"748\" height=\"1024\" src=\"https:\/\/diariodominicano.com\/wp-content\/uploads\/2023\/09\/Vicente-Pimentel-1947-2023El-jardien-de-Venecia.-2010.-142-x-104-cm.-Mixta-sobre-papel.-Coleccioen-Van-der-Horst-748x1024.jpg\" alt=\"\" class=\"wp-image-468914\" srcset=\"https:\/\/diariodominicano.com\/wp-content\/uploads\/2023\/09\/Vicente-Pimentel-1947-2023El-jardien-de-Venecia.-2010.-142-x-104-cm.-Mixta-sobre-papel.-Coleccioen-Van-der-Horst-748x1024.jpg 748w, https:\/\/diariodominicano.com\/wp-content\/uploads\/2023\/09\/Vicente-Pimentel-1947-2023El-jardien-de-Venecia.-2010.-142-x-104-cm.-Mixta-sobre-papel.-Coleccioen-Van-der-Horst-219x300.jpg 219w, https:\/\/diariodominicano.com\/wp-content\/uploads\/2023\/09\/Vicente-Pimentel-1947-2023El-jardien-de-Venecia.-2010.-142-x-104-cm.-Mixta-sobre-papel.-Coleccioen-Van-der-Horst-768x1052.jpg 768w, https:\/\/diariodominicano.com\/wp-content\/uploads\/2023\/09\/Vicente-Pimentel-1947-2023El-jardien-de-Venecia.-2010.-142-x-104-cm.-Mixta-sobre-papel.-Coleccioen-Van-der-Horst-1122x1536.jpg 1122w, https:\/\/diariodominicano.com\/wp-content\/uploads\/2023\/09\/Vicente-Pimentel-1947-2023El-jardien-de-Venecia.-2010.-142-x-104-cm.-Mixta-sobre-papel.-Coleccioen-Van-der-Horst-1496x2048.jpg 1496w, https:\/\/diariodominicano.com\/wp-content\/uploads\/2023\/09\/Vicente-Pimentel-1947-2023El-jardien-de-Venecia.-2010.-142-x-104-cm.-Mixta-sobre-papel.-Coleccioen-Van-der-Horst-816x1117.jpg 816w, https:\/\/diariodominicano.com\/wp-content\/uploads\/2023\/09\/Vicente-Pimentel-1947-2023El-jardien-de-Venecia.-2010.-142-x-104-cm.-Mixta-sobre-papel.-Coleccioen-Van-der-Horst-scaled.jpg 1870w\" sizes=\"auto, (max-width: 748px) 100vw, 748px\" \/><figcaption>\u00a0\u00a0 Obra de Vicente Pimentel titulada \u201cEl jard\u00edn de Venecia\u201d, 2010, que forma parte de la colecci\u00f3n de la familia Van der Horst.<\/figcaption><\/figure>\n\n\n\n<p>La exposici\u00f3n, que estar\u00e1 abierta al p\u00fablico desde el jueves 7 de este mes, est\u00e1 integrada por 20 obras de formato y t\u00e9cnicas diversas, incluyendo dibujos y pinturas, que cuentan con la curadur\u00eda del especialista Amable L\u00f3pez Mel\u00e9ndez.<\/p>\n\n\n\n<p>Mijail Peralta, gerente de Cultura de Banreservas, expres\u00f3 que la muestra permitir\u00e1 al p\u00fablico amante de las artes visuales tener una panor\u00e1mica de la obra del maestro Pimentel, mediante las visitas guiadas y coloquios en los que se analizar\u00e1n su trayectoria art\u00edstica.<\/p>\n\n\n\n<p>Explic\u00f3 que esta iniciativa es posible gracias a Banreservas y la aceptaci\u00f3n de la propuesta por parte de la familia Van der Horst, coleccionistas que establecieron una s\u00f3lida relaci\u00f3n con el artista durante a\u00f1os en sus etapas creativas en Santo Domingo y Europa.<\/p>\n\n\n\n<p>Asimismo, agradeci\u00f3 la colaboraci\u00f3n de la familia Van der Horst por facilitar las obras y de esta manera permitir conocer el talento de Pimentel.<\/p>\n\n\n\n<p>\u201cEl p\u00fablico dominicano, sobre todo los pintores, maestros y estudiantes de artes visuales, tendr\u00e1 oportunidad de un contacto directo con el talento de este dominicano que logr\u00f3, mediante estudios, emprendimiento y aprehensi\u00f3n del concepto de lo abstracto, establecer una marca pict\u00f3rica de reconocimiento internacional\u201d, dijo Peralta.<\/p>\n\n\n\n<p>Vicente Pimentel naci\u00f3 en 1947 en Santo Domingo y estudi\u00f3 en la Escuela Nacional de Bellas Artes, &nbsp;posteriormente se traslad\u00f3 a Europa para colegiarse en la \u00c9cole d&#8217;Art et d\u2019Architecture, en Francia, donde ampli\u00f3 sus conocimientos y residi\u00f3 hasta el momento de su deceso en mayo pasado.<\/p>\n\n\n\n<p>El creador visual desarroll\u00f3 en Francia una obra pict\u00f3rica que le mereci\u00f3 el reconocimiento del Senado de Francia y que le otorg\u00f3 una medalla en febrero de este a\u00f1o por sus aportes a la cultura, trayectoria y v\u00ednculo con esa naci\u00f3n europea. Tambi\u00e9n el pintor dominicano, en cuyas obras predominan las formas abstractas, gan\u00f3 en esa naci\u00f3n el premio Ville de V\u00edrtry, en 1982, entre otras distinciones.<\/p>\n\n\n\n<p>Pimentel realiz\u00f3 exposiciones individuales en Nueva York, Chicago, Par\u00eds, Estocolmo y su ciudad natal, Santo Domingo. Sus obras han sido parte de colectivas en Madrid, Par\u00eds, Estocolmo, Islas Canarias, Londres, La Habana, Rijeka (Yugoslavia), Niza y Copenhague.<\/p>\n\n\n\n<p>Piezas del artista figuran en las colecciones del Museo de Arte y Tecnolog\u00eda en Florida, Estados Unidos; del Fonds National d&#8217;Art Contemporain y de la Colecci\u00f3n Pompidou en Francia, as\u00ed como del Museo Nacional de Arte Moderno en Santo Domingo.<\/p>\n\n\n\n<p>Ceily Leticia Melgen Bello<a target=\"_blank\" href=\"mailto:CMelgen@banreservas.com\" rel=\"noreferrer noopener\">CMelgen@banreservas.com<\/a><\/p>\n\n\n\n<p><strong>Direcci\u00f3n General de Relaciones P\u00fablicas. Septiembre, 2023.<\/strong><\/p>\n","protected":false},"excerpt":{"rendered":"<p>Pieza de Vicente Pimentel de 2012, sin t\u00edtulo, que forma parte de la colecci\u00f3n de la familia Van der Horst. Veinte obras del artista visual se exhibir\u00e1n desde el 7 de septiembre&nbsp; El Centro Cultural Banreservas, con la colaboraci\u00f3n de la familia Van der Horst, inaugurar\u00e1 una muestra del fenecido artista visual dominicano Vicente Pimentel, [&hellip;]<\/p>\n","protected":false},"author":28,"featured_media":468911,"comment_status":"closed","ping_status":"","sticky":true,"template":"","format":"standard","meta":{"footnotes":""},"categories":[21,36,27,32],"tags":[],"class_list":["post-468910","post","type-post","status-publish","format-standard","has-post-thumbnail","hentry","category-cultura","category-hombresmujeresycosas","category-portada","category-turismo"],"_links":{"self":[{"href":"https:\/\/diariodominicano.com\/index.php?rest_route=\/wp\/v2\/posts\/468910","targetHints":{"allow":["GET"]}}],"collection":[{"href":"https:\/\/diariodominicano.com\/index.php?rest_route=\/wp\/v2\/posts"}],"about":[{"href":"https:\/\/diariodominicano.com\/index.php?rest_route=\/wp\/v2\/types\/post"}],"author":[{"embeddable":true,"href":"https:\/\/diariodominicano.com\/index.php?rest_route=\/wp\/v2\/users\/28"}],"replies":[{"embeddable":true,"href":"https:\/\/diariodominicano.com\/index.php?rest_route=%2Fwp%2Fv2%2Fcomments&post=468910"}],"version-history":[{"count":4,"href":"https:\/\/diariodominicano.com\/index.php?rest_route=\/wp\/v2\/posts\/468910\/revisions"}],"predecessor-version":[{"id":468917,"href":"https:\/\/diariodominicano.com\/index.php?rest_route=\/wp\/v2\/posts\/468910\/revisions\/468917"}],"wp:featuredmedia":[{"embeddable":true,"href":"https:\/\/diariodominicano.com\/index.php?rest_route=\/wp\/v2\/media\/468911"}],"wp:attachment":[{"href":"https:\/\/diariodominicano.com\/index.php?rest_route=%2Fwp%2Fv2%2Fmedia&parent=468910"}],"wp:term":[{"taxonomy":"category","embeddable":true,"href":"https:\/\/diariodominicano.com\/index.php?rest_route=%2Fwp%2Fv2%2Fcategories&post=468910"},{"taxonomy":"post_tag","embeddable":true,"href":"https:\/\/diariodominicano.com\/index.php?rest_route=%2Fwp%2Fv2%2Ftags&post=468910"}],"curies":[{"name":"wp","href":"https:\/\/api.w.org\/{rel}","templated":true}]}}