{"id":468769,"date":"2023-09-02T20:59:55","date_gmt":"2023-09-03T00:59:55","guid":{"rendered":"http:\/\/diariodominicano.com\/?p=468769"},"modified":"2023-09-02T21:06:11","modified_gmt":"2023-09-03T01:06:11","slug":"valioso-empate-moca-fc-ante-el-atletico-vega-real-los-mantiene-lider-tabla-ldf","status":"publish","type":"post","link":"https:\/\/diariodominicano.com\/?p=468769","title":{"rendered":"Valioso empate MOCA FC ante el Atl\u00e9tico Vega Real los mantiene l\u00edder tabla LDF"},"content":{"rendered":"\n<p>V\u00edctor S\u00e1nchez celebra el gol de MOCA FC que los mantiene en primer lugar tabla Liguilla LDF<\/p>\n\n\n\n<p>LA VEGA. &#8211; El MOCA FC, mostrando su gran f\u00fatbol agenci\u00f3 un valioso empate 1-1- sobre el Atl\u00e9tico Vega Real, en la jornada nueve de la Liga Dominicana de F\u00fatbol (LDF), y mantiene la primera posici\u00f3n en la tabla de la Liguilla 2023.<\/p>\n\n\n\n<figure class=\"wp-block-image size-large\"><img loading=\"lazy\" decoding=\"async\" width=\"1024\" height=\"637\" src=\"https:\/\/diariodominicano.com\/wp-content\/uploads\/2023\/09\/Odalis-Baez-portero-MOCA-FC-en-una-de-sus-atajadas-al-Atletico-Vega-Real-1024x637.jpg\" alt=\"\" class=\"wp-image-468772\" srcset=\"https:\/\/diariodominicano.com\/wp-content\/uploads\/2023\/09\/Odalis-Baez-portero-MOCA-FC-en-una-de-sus-atajadas-al-Atletico-Vega-Real-1024x637.jpg 1024w, https:\/\/diariodominicano.com\/wp-content\/uploads\/2023\/09\/Odalis-Baez-portero-MOCA-FC-en-una-de-sus-atajadas-al-Atletico-Vega-Real-300x187.jpg 300w, https:\/\/diariodominicano.com\/wp-content\/uploads\/2023\/09\/Odalis-Baez-portero-MOCA-FC-en-una-de-sus-atajadas-al-Atletico-Vega-Real-768x478.jpg 768w, https:\/\/diariodominicano.com\/wp-content\/uploads\/2023\/09\/Odalis-Baez-portero-MOCA-FC-en-una-de-sus-atajadas-al-Atletico-Vega-Real-1536x956.jpg 1536w, https:\/\/diariodominicano.com\/wp-content\/uploads\/2023\/09\/Odalis-Baez-portero-MOCA-FC-en-una-de-sus-atajadas-al-Atletico-Vega-Real-2048x1275.jpg 2048w, https:\/\/diariodominicano.com\/wp-content\/uploads\/2023\/09\/Odalis-Baez-portero-MOCA-FC-en-una-de-sus-atajadas-al-Atletico-Vega-Real-816x508.jpg 816w\" sizes=\"auto, (max-width: 1024px) 100vw, 1024px\" \/><figcaption>Odalis Baez portero MOCA FC en una de sus atajadas al Atletico Vega Real<\/figcaption><\/figure>\n\n\n\n<p>El estadio del C\u00f3ndor de La Vega, vio como Victo S\u00e1nchez adelant\u00f3 a los visitantes con un gol y varias atajadas de Odalis G\u00f3mez, en especial al 90+5,<\/p>\n\n\n\n<p>ofrecieron a los aurinegros empatar el duelo entre ambos equipos cibae\u00f1os.<\/p>\n\n\n\n<p>El 0-1, lleg\u00f3 tras una jugada de S\u00e1nchez, al minuto 55 del segundo tiempo que defini\u00f3 con su pierna zurda para ofrecer la ventaja a los visitantes que alcanzan un punto para sumar 16 y mantienen el primer lugar en la tabla de la LDF.<\/p>\n\n\n\n<figure class=\"wp-block-image size-large\"><img loading=\"lazy\" decoding=\"async\" width=\"1024\" height=\"639\" src=\"https:\/\/diariodominicano.com\/wp-content\/uploads\/2023\/09\/Carlos-Rosell-MOCA-FC-en-una-de-sus-escapadas-1024x639.jpg\" alt=\"\" class=\"wp-image-468775\" srcset=\"https:\/\/diariodominicano.com\/wp-content\/uploads\/2023\/09\/Carlos-Rosell-MOCA-FC-en-una-de-sus-escapadas-1024x639.jpg 1024w, https:\/\/diariodominicano.com\/wp-content\/uploads\/2023\/09\/Carlos-Rosell-MOCA-FC-en-una-de-sus-escapadas-300x187.jpg 300w, https:\/\/diariodominicano.com\/wp-content\/uploads\/2023\/09\/Carlos-Rosell-MOCA-FC-en-una-de-sus-escapadas-768x479.jpg 768w, https:\/\/diariodominicano.com\/wp-content\/uploads\/2023\/09\/Carlos-Rosell-MOCA-FC-en-una-de-sus-escapadas-1536x958.jpg 1536w, https:\/\/diariodominicano.com\/wp-content\/uploads\/2023\/09\/Carlos-Rosell-MOCA-FC-en-una-de-sus-escapadas-2048x1278.jpg 2048w, https:\/\/diariodominicano.com\/wp-content\/uploads\/2023\/09\/Carlos-Rosell-MOCA-FC-en-una-de-sus-escapadas-816x509.jpg 816w\" sizes=\"auto, (max-width: 1024px) 100vw, 1024px\" \/><figcaption>Carlos Rosell MOCA FC en una de sus escapadas<\/figcaption><\/figure>\n\n\n\n<figure class=\"wp-block-image size-large\"><img loading=\"lazy\" decoding=\"async\" width=\"1024\" height=\"634\" src=\"https:\/\/diariodominicano.com\/wp-content\/uploads\/2023\/09\/Michel-Cardenas-MOCA-FC-en-accion-ante-el-Atletico-Vega-Real-1024x634.jpg\" alt=\"\" class=\"wp-image-468777\" srcset=\"https:\/\/diariodominicano.com\/wp-content\/uploads\/2023\/09\/Michel-Cardenas-MOCA-FC-en-accion-ante-el-Atletico-Vega-Real-1024x634.jpg 1024w, https:\/\/diariodominicano.com\/wp-content\/uploads\/2023\/09\/Michel-Cardenas-MOCA-FC-en-accion-ante-el-Atletico-Vega-Real-300x186.jpg 300w, https:\/\/diariodominicano.com\/wp-content\/uploads\/2023\/09\/Michel-Cardenas-MOCA-FC-en-accion-ante-el-Atletico-Vega-Real-768x475.jpg 768w, https:\/\/diariodominicano.com\/wp-content\/uploads\/2023\/09\/Michel-Cardenas-MOCA-FC-en-accion-ante-el-Atletico-Vega-Real-1536x951.jpg 1536w, https:\/\/diariodominicano.com\/wp-content\/uploads\/2023\/09\/Michel-Cardenas-MOCA-FC-en-accion-ante-el-Atletico-Vega-Real-2048x1268.jpg 2048w, https:\/\/diariodominicano.com\/wp-content\/uploads\/2023\/09\/Michel-Cardenas-MOCA-FC-en-accion-ante-el-Atletico-Vega-Real-816x505.jpg 816w\" sizes=\"auto, (max-width: 1024px) 100vw, 1024px\" \/><figcaption>Michel C\u00e1rdenas MOCA FC en acci\u00f3n ante el Atl\u00e9tico Vega Real<\/figcaption><\/figure>\n\n\n\n<p>Los due\u00f1os de casa empataron 1-1, al minuto 60 con un disparo de tiro libre de Roberto Louima.<\/p>\n\n\n\n<p>El portero aurinegro Odalis B\u00e1ez, se volvi\u00f3 a lucir con dos grandes atajadas al minuto 42 del primer tiempo y en el 69 del segundo tiempo, y en la parte final la que sirvi\u00f3 el empate a los mocanos.<\/p>\n\n\n\n<p><strong>TABLA DE POSICIONES<\/strong><\/p>\n\n\n\n<p>Con su empate MOCA FC sigue l\u00edder en la clasificaci\u00f3n de la liguilla con 16 puntos, luego est\u00e1 Pantoja con 13, Cibao FC 12, Atl\u00e9tico Vega Real 9, Atl\u00e1ntico FC 8, y la Universidad OYM 7 puntos.<\/p>\n\n\n\n<p><strong>PR\u00d3XIMA JORNADA DE LDF<\/strong><\/p>\n\n\n\n<p>Los aurinegros tendr\u00e1n su d\u00e9cima y \u00faltima jornada de Liguilla al enfrentar al Atl\u00e9tico Pantoja el s\u00e1bado 16 de septiembre en el estadio Ol\u00edmpico F\u00e9lix S\u00e1nchez en Santo Domingo.<\/p>\n\n\n\n<p>Jose Luis Paulino Reyes<a target=\"_blank\" href=\"mailto:josepaulinodeportesjp@gmail.com\" rel=\"noreferrer noopener\">josepaulinodeportesjp@gmail.c<\/a><\/p>\n\n\n\n<p><strong>Prensa y Relaciones P\u00fablicas MOCA FC<\/strong><\/p>\n","protected":false},"excerpt":{"rendered":"<p>V\u00edctor S\u00e1nchez celebra el gol de MOCA FC que los mantiene en primer lugar tabla Liguilla LDF LA VEGA. &#8211; El MOCA FC, mostrando su gran f\u00fatbol agenci\u00f3 un valioso empate 1-1- sobre el Atl\u00e9tico Vega Real, en la jornada nueve de la Liga Dominicana de F\u00fatbol (LDF), y mantiene la primera posici\u00f3n en la [&hellip;]<\/p>\n","protected":false},"author":28,"featured_media":468770,"comment_status":"closed","ping_status":"","sticky":true,"template":"","format":"standard","meta":{"footnotes":""},"categories":[17,27,32],"tags":[],"class_list":["post-468769","post","type-post","status-publish","format-standard","has-post-thumbnail","hentry","category-deportes","category-portada","category-turismo"],"_links":{"self":[{"href":"https:\/\/diariodominicano.com\/index.php?rest_route=\/wp\/v2\/posts\/468769","targetHints":{"allow":["GET"]}}],"collection":[{"href":"https:\/\/diariodominicano.com\/index.php?rest_route=\/wp\/v2\/posts"}],"about":[{"href":"https:\/\/diariodominicano.com\/index.php?rest_route=\/wp\/v2\/types\/post"}],"author":[{"embeddable":true,"href":"https:\/\/diariodominicano.com\/index.php?rest_route=\/wp\/v2\/users\/28"}],"replies":[{"embeddable":true,"href":"https:\/\/diariodominicano.com\/index.php?rest_route=%2Fwp%2Fv2%2Fcomments&post=468769"}],"version-history":[{"count":6,"href":"https:\/\/diariodominicano.com\/index.php?rest_route=\/wp\/v2\/posts\/468769\/revisions"}],"predecessor-version":[{"id":468779,"href":"https:\/\/diariodominicano.com\/index.php?rest_route=\/wp\/v2\/posts\/468769\/revisions\/468779"}],"wp:featuredmedia":[{"embeddable":true,"href":"https:\/\/diariodominicano.com\/index.php?rest_route=\/wp\/v2\/media\/468770"}],"wp:attachment":[{"href":"https:\/\/diariodominicano.com\/index.php?rest_route=%2Fwp%2Fv2%2Fmedia&parent=468769"}],"wp:term":[{"taxonomy":"category","embeddable":true,"href":"https:\/\/diariodominicano.com\/index.php?rest_route=%2Fwp%2Fv2%2Fcategories&post=468769"},{"taxonomy":"post_tag","embeddable":true,"href":"https:\/\/diariodominicano.com\/index.php?rest_route=%2Fwp%2Fv2%2Ftags&post=468769"}],"curies":[{"name":"wp","href":"https:\/\/api.w.org\/{rel}","templated":true}]}}