{"id":468753,"date":"2023-09-02T20:08:12","date_gmt":"2023-09-03T00:08:12","guid":{"rendered":"http:\/\/diariodominicano.com\/?p=468753"},"modified":"2023-09-02T21:09:20","modified_gmt":"2023-09-03T01:09:20","slug":"adames-fernandez-rodriguez-sanchez-y-cruz-ganan-en-panam-de-ciclismo-de-ruta","status":"publish","type":"post","link":"https:\/\/diariodominicano.com\/?p=468753","title":{"rendered":"Adames, Fern\u00e1ndez, Rodr\u00edguez, S\u00e1nchez y Cruz ganan en Panam de Ciclismo de Ruta"},"content":{"rendered":"\n<p> <strong>El dominicano Jose Frank Rodriguez conquisto al esprint la medalla de oro en la prueba de ruta de los Campeonatos Panamericanos de Ciclismo Master de Pista y Ruta Santo Domingo 2023 que se disput\u00f3 en El Higuero, de Santo Domingo Norte. (Foto: Jimmy Jaime D\u00e1vila).<\/strong> <\/p>\n\n\n\n<p><br><em>El certamen continental concluir\u00e1 este domingo (8:00 A.M.) con un circuito en la Avenida Mirador Sur, con salida y llegada en el extremo oeste, pr\u00f3ximo a la Avenida Gregorio Luper\u00f3n<\/em>.<\/p>\n\n\n\n<figure class=\"wp-block-image size-large\"><img loading=\"lazy\" decoding=\"async\" width=\"1024\" height=\"567\" src=\"https:\/\/diariodominicano.com\/wp-content\/uploads\/2023\/09\/El-boricua-Sanchez-1024x567.jpeg\" alt=\"\" class=\"wp-image-468766\" srcset=\"https:\/\/diariodominicano.com\/wp-content\/uploads\/2023\/09\/El-boricua-Sanchez-1024x567.jpeg 1024w, https:\/\/diariodominicano.com\/wp-content\/uploads\/2023\/09\/El-boricua-Sanchez-300x166.jpeg 300w, https:\/\/diariodominicano.com\/wp-content\/uploads\/2023\/09\/El-boricua-Sanchez-768x425.jpeg 768w, https:\/\/diariodominicano.com\/wp-content\/uploads\/2023\/09\/El-boricua-Sanchez-816x452.jpeg 816w, https:\/\/diariodominicano.com\/wp-content\/uploads\/2023\/09\/El-boricua-Sanchez.jpeg 1353w\" sizes=\"auto, (max-width: 1024px) 100vw, 1024px\" \/><figcaption> <strong>El boricua Luciano S\u00e1nchez reacciona al cruzar la meta en la categor\u00eca C1 (50-54 a\u00f1os) de la prueba de ruta correspondiente a los Campeonatos Panamericanos de Ciclismo M\u00e0ster de Pista y Ruta Santo Domingo 2023. (Foto: Jimmy Jaime D\u00e1vila<\/strong> <\/figcaption><\/figure>\n\n\n\n<p><br>SANTO DOMINGO NORTE, RD.- Los dominicanos Amelia Adames, Juana Fern\u00e1ndez, Adderlyn Cruz, Jos\u00e9 Frank Rodr\u00edguez y el boricua Luciano S\u00e1nchez se adjudicaron las medallas de oro de la segunda fase (ruta) correspondientes a los Campeonatos M\u00e1ster de Ciclismo de Ruta Santo Domingo 2023.<\/p>\n\n\n\n<figure class=\"wp-block-image size-large\"><img loading=\"lazy\" decoding=\"async\" width=\"1024\" height=\"768\" src=\"https:\/\/diariodominicano.com\/wp-content\/uploads\/2023\/09\/IMG_20230902_103859_2-1024x768.jpg\" alt=\"\" class=\"wp-image-468760\" srcset=\"https:\/\/diariodominicano.com\/wp-content\/uploads\/2023\/09\/IMG_20230902_103859_2-1024x768.jpg 1024w, https:\/\/diariodominicano.com\/wp-content\/uploads\/2023\/09\/IMG_20230902_103859_2-300x225.jpg 300w, https:\/\/diariodominicano.com\/wp-content\/uploads\/2023\/09\/IMG_20230902_103859_2-768x576.jpg 768w, https:\/\/diariodominicano.com\/wp-content\/uploads\/2023\/09\/IMG_20230902_103859_2-1536x1152.jpg 1536w, https:\/\/diariodominicano.com\/wp-content\/uploads\/2023\/09\/IMG_20230902_103859_2-2048x1536.jpg 2048w, https:\/\/diariodominicano.com\/wp-content\/uploads\/2023\/09\/IMG_20230902_103859_2-816x612.jpg 816w\" sizes=\"auto, (max-width: 1024px) 100vw, 1024px\" \/><figcaption><strong>El pelot\u00f3n continental que accion\u00f3 en la avenida del Higuero y la Circunvalaci\u00f2n de Santo Domingo donde se disput\u00f2 la carrera de ruta correspondiente a los Campeonatos Panamericanos de Ciclismo M\u00e0ster de Pista y Ruta Santo Domingo 2023. (Foto: Mart\u00edn Olivo).<\/strong><\/figcaption><\/figure>\n\n\n\n<figure class=\"wp-block-image size-large\"><img loading=\"lazy\" decoding=\"async\" width=\"1024\" height=\"715\" src=\"https:\/\/diariodominicano.com\/wp-content\/uploads\/2023\/09\/Accion-en-el-Campeonato-Panamericano-de-Ciclismo-Master-Foto-Martin-Olivo-1024x715.jpg\" alt=\"\" class=\"wp-image-468763\" srcset=\"https:\/\/diariodominicano.com\/wp-content\/uploads\/2023\/09\/Accion-en-el-Campeonato-Panamericano-de-Ciclismo-Master-Foto-Martin-Olivo-1024x715.jpg 1024w, https:\/\/diariodominicano.com\/wp-content\/uploads\/2023\/09\/Accion-en-el-Campeonato-Panamericano-de-Ciclismo-Master-Foto-Martin-Olivo-300x210.jpg 300w, https:\/\/diariodominicano.com\/wp-content\/uploads\/2023\/09\/Accion-en-el-Campeonato-Panamericano-de-Ciclismo-Master-Foto-Martin-Olivo-768x536.jpg 768w, https:\/\/diariodominicano.com\/wp-content\/uploads\/2023\/09\/Accion-en-el-Campeonato-Panamericano-de-Ciclismo-Master-Foto-Martin-Olivo-1536x1073.jpg 1536w, https:\/\/diariodominicano.com\/wp-content\/uploads\/2023\/09\/Accion-en-el-Campeonato-Panamericano-de-Ciclismo-Master-Foto-Martin-Olivo-2048x1431.jpg 2048w, https:\/\/diariodominicano.com\/wp-content\/uploads\/2023\/09\/Accion-en-el-Campeonato-Panamericano-de-Ciclismo-Master-Foto-Martin-Olivo-816x570.jpg 816w\" sizes=\"auto, (max-width: 1024px) 100vw, 1024px\" \/><\/figure>\n\n\n\n<figure class=\"wp-block-image size-large\"><img loading=\"lazy\" decoding=\"async\" width=\"1024\" height=\"666\" src=\"https:\/\/diariodominicano.com\/wp-content\/uploads\/2023\/09\/Amelia-Adames-Foto-Jimmy-Jaime-Davila-1-1024x666.jpeg\" alt=\"\" class=\"wp-image-468764\" srcset=\"https:\/\/diariodominicano.com\/wp-content\/uploads\/2023\/09\/Amelia-Adames-Foto-Jimmy-Jaime-Davila-1-1024x666.jpeg 1024w, https:\/\/diariodominicano.com\/wp-content\/uploads\/2023\/09\/Amelia-Adames-Foto-Jimmy-Jaime-Davila-1-300x195.jpeg 300w, https:\/\/diariodominicano.com\/wp-content\/uploads\/2023\/09\/Amelia-Adames-Foto-Jimmy-Jaime-Davila-1-768x500.jpeg 768w, https:\/\/diariodominicano.com\/wp-content\/uploads\/2023\/09\/Amelia-Adames-Foto-Jimmy-Jaime-Davila-1-816x531.jpeg 816w, https:\/\/diariodominicano.com\/wp-content\/uploads\/2023\/09\/Amelia-Adames-Foto-Jimmy-Jaime-Davila-1.jpeg 1096w\" sizes=\"auto, (max-width: 1024px) 100vw, 1024px\" \/><figcaption> Amelia Adames (30-34) se impuso al esprint en el grupo femenino <\/figcaption><\/figure>\n\n\n\n<p>La capitalina Amelia Adames (30-34) se impuso al esprint en el grupo femenino, superando a la veterana distrital Juana Isidra Fern\u00e1ndez Veras, quien se llev\u00f3 la presea dorada en la categor\u00eda C1 (50-54).De su lado, el santiaguero Adderlyn Cruz, Jos\u00e9 Frank Rodr\u00edguez y Luciano S\u00e1nchez hicieron lo propio en las divisiones A1, B2 y C1, qui\u00e9nes cruzaron destacados la l\u00ednea de meta ubicada en la avenida del Hig\u00fcero.<\/p>\n\n\n\n<p><br><strong>Contin\u00faa este domingo<\/strong><\/p>\n\n\n\n<p><br>Los Campeonatos Panamericanos de Ciclismo M\u00e1ster de Pista y Ruta concluyen este domingo (8:00 A.M.) con un circuito en la Avenida Mirador Sur.<\/p>\n\n\n\n<p>El certamen es organizado por la Federaci\u00f3n Dominicana de Ciclismo (FEDOCI) que preside el ingeniero Jorge Blas D\u00edaz y es homologado por la Confederaci\u00f3n Panamericana de Ciclismo (COPACI) que est\u00e1 representada por el ingeniero Rafael Tejada Mart\u00ednez (Tingo), que es el confederado M\u00e1ster continental.<\/p>\n\n\n\n<p>La informaci\u00f3n fue ofrecida por el ingeniero Jorge Blas D\u00edaz Garc\u00eda, presidente de la FEDOCI, a trav\u00e9s del periodista Mart\u00edn Olivo, quien reiter\u00f3 su agradecimiento a las 13 delegaciones que participan en el magno certamen.<\/p>\n\n\n\n<p>De su lado, el ingeniero Rafael Tejada Mart\u00ednez, presidente de la Comisi\u00f3n Panamericana de Ciclismo M\u00e1ster, destac\u00f3 lo exitoso que ha sido el certamen continental y espera que todo finalice sin contratiempo en las pruebas de ruta.Record\u00f3 que entre las naciones participantes est\u00e1n Argentina, Belice, Brasil, Chile, Colombia, Costa Rica, M\u00e9xico y Uruguay.<\/p>\n\n\n\n<p>Indic\u00f3 que en el torneo internacional, que concluir\u00e1 el domingo en el Mirador Sur, tambi\u00e9n corren ciclistas mayores de 30 a\u00f1os de Cuba, Puerto Rico, Estados Unidos, Venezuela y Rep\u00fablica Dominicana.<\/p>\n\n\n\n<p><strong>Reglamento en el Mirador<\/strong><br>La Confederacion Panamericana de Ciclismo (COPACI) y el Colegio Dominicano de Comisarios de Ciclismo (CODOCOCI) informaron que en la jornada a efectuarse este domingo en el Mirador Sur, el abastecimiento ser\u00e1 en lugares fijos, determinados por la organizaci\u00f3n, y no habr\u00e1 circulaci\u00f3n de veh\u00edculos de directores deportivos.La mec\u00e1nica se llevar\u00e1 a cabo en puestos predeterminados por el comit\u00e9 organizador del Panam M\u00e1ster 2023.Advierten que todo ciclista que tenga una diferencia del 80 por ciento con relaci\u00f3n a la cabeza de carrera ser\u00e1 retirado por los comisarios actuantes en la l\u00ednea de meta.<\/p>\n\n\n\n<p><strong>150 ciclistas participantes<\/strong><br>En el Panam M\u00e1ster participan 150 ciclistas en las categor\u00edas M\u00e1ster 30-34 a\u00f1os, en la que se inscribieron 15 varones; M\u00e1ster 35-39, con 22; M\u00e1ster 40-44, 13;&nbsp; M\u00e1ster 45-49 (15), M\u00e1ster 50-54 (20), M\u00e1ster 55-59 (15), M\u00e1ster 60-64 (18), M\u00e1ster&nbsp; 65\/69 (08) y&nbsp; M\u00e1ster 70 y m\u00e1s, con tres inscriptos.En la M\u00e1ster 30-34 femenina se inscribieron cinco chicas; en M\u00e1ster 35-39 (01), M\u00e1ster 40-44 (02), M\u00e1ster 45-49 (03), M\u00e1ster 50-54 (02) y en M\u00e1ster 55-59, una participante.<\/p>\n\n\n\n<p><strong>Comit\u00e9 organizador<\/strong><br>El comit\u00e9 organizador de los Panam M\u00e1ster de Ciclismo Santo Domingo 2023 est\u00e1 encabezado por el ingeniero Jorge Blas D\u00edaz Garc\u00eda, presidente de la FEDOCI, mientras que Miguel \u00c1ngel Gonz\u00e1lez funge como director t\u00e9cnico; Ismael Fuentes y Genaro Mercedes son los comisarios internacionales, y Frankis Adames, jefe de misi\u00f3n.El coronel Jacobo Mateo Moquete est\u00e1 encargado de la seguridad; Eugenio Contreras, del montaje, y Pacheco, de la transportaci\u00f3n.Jacobo Almonte es el director de facilidades; el doctor Randy Ram\u00edrez , director m\u00e9dico; la se\u00f1ora Melgen, protocolo; Emilio Valdez, director prensa televisada; Mart\u00edn Olivo, prensa escrita, y Eliseo de Pablo, en Redes (Molivo Press).<\/p>\n\n\n\n<p>Ramonmart\u00edn Olivo<a target=\"_blank\" href=\"mailto:ramonmartinolivo@yahoo.es\" rel=\"noreferrer noopener\">ramonmartinolivo@yahoo.es<\/a><\/p>\n\n\n\n<p><\/p>\n\n\n\n<p><br><\/p>\n","protected":false},"excerpt":{"rendered":"<p>El dominicano Jose Frank Rodriguez conquisto al esprint la medalla de oro en la prueba de ruta de los Campeonatos Panamericanos de Ciclismo Master de Pista y Ruta Santo Domingo 2023 que se disput\u00f3 en El Higuero, de Santo Domingo Norte. (Foto: Jimmy Jaime D\u00e1vila). El certamen continental concluir\u00e1 este domingo (8:00 A.M.) con un [&hellip;]<\/p>\n","protected":false},"author":28,"featured_media":468754,"comment_status":"closed","ping_status":"","sticky":true,"template":"","format":"standard","meta":{"footnotes":""},"categories":[17,27,32],"tags":[],"class_list":["post-468753","post","type-post","status-publish","format-standard","has-post-thumbnail","hentry","category-deportes","category-portada","category-turismo"],"_links":{"self":[{"href":"https:\/\/diariodominicano.com\/index.php?rest_route=\/wp\/v2\/posts\/468753","targetHints":{"allow":["GET"]}}],"collection":[{"href":"https:\/\/diariodominicano.com\/index.php?rest_route=\/wp\/v2\/posts"}],"about":[{"href":"https:\/\/diariodominicano.com\/index.php?rest_route=\/wp\/v2\/types\/post"}],"author":[{"embeddable":true,"href":"https:\/\/diariodominicano.com\/index.php?rest_route=\/wp\/v2\/users\/28"}],"replies":[{"embeddable":true,"href":"https:\/\/diariodominicano.com\/index.php?rest_route=%2Fwp%2Fv2%2Fcomments&post=468753"}],"version-history":[{"count":7,"href":"https:\/\/diariodominicano.com\/index.php?rest_route=\/wp\/v2\/posts\/468753\/revisions"}],"predecessor-version":[{"id":468768,"href":"https:\/\/diariodominicano.com\/index.php?rest_route=\/wp\/v2\/posts\/468753\/revisions\/468768"}],"wp:featuredmedia":[{"embeddable":true,"href":"https:\/\/diariodominicano.com\/index.php?rest_route=\/wp\/v2\/media\/468754"}],"wp:attachment":[{"href":"https:\/\/diariodominicano.com\/index.php?rest_route=%2Fwp%2Fv2%2Fmedia&parent=468753"}],"wp:term":[{"taxonomy":"category","embeddable":true,"href":"https:\/\/diariodominicano.com\/index.php?rest_route=%2Fwp%2Fv2%2Fcategories&post=468753"},{"taxonomy":"post_tag","embeddable":true,"href":"https:\/\/diariodominicano.com\/index.php?rest_route=%2Fwp%2Fv2%2Ftags&post=468753"}],"curies":[{"name":"wp","href":"https:\/\/api.w.org\/{rel}","templated":true}]}}