{"id":468729,"date":"2023-09-02T19:33:16","date_gmt":"2023-09-02T23:33:16","guid":{"rendered":"http:\/\/diariodominicano.com\/?p=468729"},"modified":"2023-09-02T19:47:27","modified_gmt":"2023-09-02T23:47:27","slug":"segunda-semana-dominicana-en-guatemala","status":"publish","type":"post","link":"https:\/\/diariodominicano.com\/?p=468729","title":{"rendered":"Segunda Semana Dominicana en Guatemala\u00a0"},"content":{"rendered":"\n<p>La Semana Dominicana ser\u00e1 celebrada del 4 al 7 de septiembre en curso. En esta ocasi\u00f3n  incluye eventos dise\u00f1ados para estrechar los lazos econ\u00f3micos, comerciales, agropecuarios, sociales, tur\u00edsticos, acad\u00e9micos y culturales, que iniciaron entre Guatemala y Rep\u00fablica Dominicana hace 172 a\u00f1os.\u00a0<\/p>\n\n\n\n<p> Luis Carlos Mateo <\/p>\n\n\n\n<p><br>&nbsp;Por segundo a\u00f1o consecutivo, llevaremos a cabo la Semana Dominicana en Guatemala, organizada por la Embajada de la Rep\u00fablica Dominicana en Guatemala, con el apoyo de entidades p\u00fablicas y privadas de ambas naciones.&nbsp;<\/p>\n\n\n\n<figure class=\"wp-block-image size-large\"><img loading=\"lazy\" decoding=\"async\" width=\"1024\" height=\"576\" src=\"https:\/\/diariodominicano.com\/wp-content\/uploads\/2023\/09\/WhatsApp-Image-2023-09-02-at-20.18.14-1-1-1024x576.jpeg\" alt=\"\" class=\"wp-image-468737\" srcset=\"https:\/\/diariodominicano.com\/wp-content\/uploads\/2023\/09\/WhatsApp-Image-2023-09-02-at-20.18.14-1-1-1024x576.jpeg 1024w, https:\/\/diariodominicano.com\/wp-content\/uploads\/2023\/09\/WhatsApp-Image-2023-09-02-at-20.18.14-1-1-300x169.jpeg 300w, https:\/\/diariodominicano.com\/wp-content\/uploads\/2023\/09\/WhatsApp-Image-2023-09-02-at-20.18.14-1-1-768x432.jpeg 768w, https:\/\/diariodominicano.com\/wp-content\/uploads\/2023\/09\/WhatsApp-Image-2023-09-02-at-20.18.14-1-1-1536x864.jpeg 1536w, https:\/\/diariodominicano.com\/wp-content\/uploads\/2023\/09\/WhatsApp-Image-2023-09-02-at-20.18.14-1-1-816x459.jpeg 816w, https:\/\/diariodominicano.com\/wp-content\/uploads\/2023\/09\/WhatsApp-Image-2023-09-02-at-20.18.14-1-1.jpeg 1600w\" sizes=\"auto, (max-width: 1024px) 100vw, 1024px\" \/><figcaption> La embajadora dominicana Sara Paulino C\u00e1rdenas   en el momento que  ofreci\u00f3 detalles de la agenda de la Semana Dominicana en Guatemala.<\/figcaption><\/figure>\n\n\n\n<p> Se celebrar\u00e1 del 4 al 7 septiembre del presente a\u00f1o e incluir\u00e1 eventos dise\u00f1ados para estrechar los lazos econ\u00f3micos, comerciales, agropecuarios, sociales, tur\u00edsticos, acad\u00e9micos y culturales, que iniciaron entre Guatemala y Rep\u00fablica Dominicana  hace ya 172 a\u00f1os.&nbsp;<\/p>\n\n\n\n<figure class=\"wp-block-image size-large\"><img loading=\"lazy\" decoding=\"async\" width=\"1024\" height=\"576\" src=\"https:\/\/diariodominicano.com\/wp-content\/uploads\/2023\/09\/Sara-Paulino-Cardenas-00-1024x576.jpeg\" alt=\"\" class=\"wp-image-468734\" srcset=\"https:\/\/diariodominicano.com\/wp-content\/uploads\/2023\/09\/Sara-Paulino-Cardenas-00-1024x576.jpeg 1024w, https:\/\/diariodominicano.com\/wp-content\/uploads\/2023\/09\/Sara-Paulino-Cardenas-00-300x169.jpeg 300w, https:\/\/diariodominicano.com\/wp-content\/uploads\/2023\/09\/Sara-Paulino-Cardenas-00-768x432.jpeg 768w, https:\/\/diariodominicano.com\/wp-content\/uploads\/2023\/09\/Sara-Paulino-Cardenas-00-1536x864.jpeg 1536w, https:\/\/diariodominicano.com\/wp-content\/uploads\/2023\/09\/Sara-Paulino-Cardenas-00-816x459.jpeg 816w, https:\/\/diariodominicano.com\/wp-content\/uploads\/2023\/09\/Sara-Paulino-Cardenas-00.jpeg 1600w\" sizes=\"auto, (max-width: 1024px) 100vw, 1024px\" \/><figcaption>Sara Paulino C\u00e1rdenas <\/figcaption><\/figure>\n\n\n\n<p><br>S.E. Sara Paulino C\u00e1rdenas, Embajadora Extraordinaria y Plenipotenciaria de la Rep\u00fablica Dominicana en Guatemala, destac\u00f3 que Guatemala es una naci\u00f3n que posee diversidad de factores que lo hacen un destino estrat\u00e9gico para invertir en varias industrias, es la econom\u00eda m\u00e1s grande y la metr\u00f3poli m\u00e1s desarrollada de la regi\u00f3n; est\u00e1 ubicada en una posici\u00f3n geogr\u00e1fica privilegiada con acceso a las costas de los oc\u00e9anos Pac\u00edfico y Atl\u00e1ntico; y tiene abundantes recursos naturales, una oferta exportable diversificada y acceso preferencial a los principales mercados internacionales, entre otros.&nbsp;<\/p>\n\n\n\n<figure class=\"wp-block-image size-full\"><img loading=\"lazy\" decoding=\"async\" width=\"768\" height=\"1024\" src=\"https:\/\/diariodominicano.com\/wp-content\/uploads\/2023\/09\/WhatsApp-Image-2023-09-02-at-20.18.14-2-1.jpeg\" alt=\"\" class=\"wp-image-468735\" srcset=\"https:\/\/diariodominicano.com\/wp-content\/uploads\/2023\/09\/WhatsApp-Image-2023-09-02-at-20.18.14-2-1.jpeg 768w, https:\/\/diariodominicano.com\/wp-content\/uploads\/2023\/09\/WhatsApp-Image-2023-09-02-at-20.18.14-2-1-225x300.jpeg 225w\" sizes=\"auto, (max-width: 768px) 100vw, 768px\" \/><\/figure>\n\n\n\n<p><br>&nbsp;\u201cCon esta segunda versi\u00f3n de la Semana Dominicana en Guatemala, seguiremos fortaleciendo los lazos de amistad entre ambos pa\u00edses, continuaremos cosechando los \u00e9xitos y beneficios alcanzados en la primera versi\u00f3n de este evento, donde empresarios guatemaltecos y dominicanos lograron a trav\u00e9s de ronda de negocios estrechar sus lazos comerciales y fortalecer los negocios bilaterales\u201d, recalc\u00f3 la embajadora Paulino C\u00e1rdenas.&nbsp;<\/p>\n\n\n\n<p><br>Es as\u00ed como una delegaci\u00f3n mixta de empresarios y autoridades dominicanos viajar\u00e1 a Guatemala para intercambiar con sus hom\u00f3logos guatemaltecos, quienes a su vez podr\u00e1n conocer nuestro pa\u00eds a trav\u00e9s de una experiencia culinaria y de intercambio comercial, en el que presentaremos las virtudes que ofrece la Rep\u00fablica Dominicana.&nbsp;<\/p>\n\n\n\n<p><br>Durante el evento se presentar\u00e1n las virtudes que ofrece el pa\u00eds caribe\u00f1o por medio de ruedas de negocios a los principales grupos econ\u00f3micos. Tambi\u00e9n se realizar\u00e1n paneles y conferencias para exponer temas sobre inversi\u00f3n, comercio, turismo y culturales. Adicional actividades especiales de networking, una noche de tabaco y ron dominicano, y visitas a empresas agroindustriales, entre otras. Adem\u00e1s, se contar\u00e1 con un \u00e1rea de exhibici\u00f3n con 20 stands para que empresas guatemaltecas y dominicanas den a conocer sus productos y servicios.&nbsp;<\/p>\n\n\n\n<p><br>Cabe destacar que, para el intercambio comercial entre Guatemala y la Rep\u00fablica Dominicana, los mercados clave son: turismo, alimentos y bebidas, productos agr\u00edcolas, interconectividad a\u00e9rea, inversiones estrat\u00e9gicas en sectores prioritarios con mutuo beneficio, productos qu\u00edmicos, detergentes y jabones, az\u00facar, productos farmac\u00e9uticos, art\u00edculos de confiter\u00eda, perfumer\u00eda, vidrio, cereales, pl\u00e1sticos y sus manufacturas, y otros derivados del petr\u00f3leo.<\/p>\n\n\n\n<p>Luis Carlos Mateo<a target=\"_blank\" href=\"mailto:luis.mateo.valdez@hotmail.com\" rel=\"noreferrer noopener\">luis.mateo.valdez@hotmail.com<\/a><\/p>\n","protected":false},"excerpt":{"rendered":"<p>La Semana Dominicana ser\u00e1 celebrada del 4 al 7 de septiembre en curso. En esta ocasi\u00f3n incluye eventos dise\u00f1ados para estrechar los lazos econ\u00f3micos, comerciales, agropecuarios, sociales, tur\u00edsticos, acad\u00e9micos y culturales, que iniciaron entre Guatemala y Rep\u00fablica Dominicana hace 172 a\u00f1os.\u00a0 Luis Carlos Mateo &nbsp;Por segundo a\u00f1o consecutivo, llevaremos a cabo la Semana Dominicana en [&hellip;]<\/p>\n","protected":false},"author":28,"featured_media":468730,"comment_status":"closed","ping_status":"","sticky":true,"template":"","format":"standard","meta":{"footnotes":""},"categories":[36,20,27,32],"tags":[],"class_list":["post-468729","post","type-post","status-publish","format-standard","has-post-thumbnail","hentry","category-hombresmujeresycosas","category-dominicana-hoy","category-portada","category-turismo"],"_links":{"self":[{"href":"https:\/\/diariodominicano.com\/index.php?rest_route=\/wp\/v2\/posts\/468729","targetHints":{"allow":["GET"]}}],"collection":[{"href":"https:\/\/diariodominicano.com\/index.php?rest_route=\/wp\/v2\/posts"}],"about":[{"href":"https:\/\/diariodominicano.com\/index.php?rest_route=\/wp\/v2\/types\/post"}],"author":[{"embeddable":true,"href":"https:\/\/diariodominicano.com\/index.php?rest_route=\/wp\/v2\/users\/28"}],"replies":[{"embeddable":true,"href":"https:\/\/diariodominicano.com\/index.php?rest_route=%2Fwp%2Fv2%2Fcomments&post=468729"}],"version-history":[{"count":6,"href":"https:\/\/diariodominicano.com\/index.php?rest_route=\/wp\/v2\/posts\/468729\/revisions"}],"predecessor-version":[{"id":468741,"href":"https:\/\/diariodominicano.com\/index.php?rest_route=\/wp\/v2\/posts\/468729\/revisions\/468741"}],"wp:featuredmedia":[{"embeddable":true,"href":"https:\/\/diariodominicano.com\/index.php?rest_route=\/wp\/v2\/media\/468730"}],"wp:attachment":[{"href":"https:\/\/diariodominicano.com\/index.php?rest_route=%2Fwp%2Fv2%2Fmedia&parent=468729"}],"wp:term":[{"taxonomy":"category","embeddable":true,"href":"https:\/\/diariodominicano.com\/index.php?rest_route=%2Fwp%2Fv2%2Fcategories&post=468729"},{"taxonomy":"post_tag","embeddable":true,"href":"https:\/\/diariodominicano.com\/index.php?rest_route=%2Fwp%2Fv2%2Ftags&post=468729"}],"curies":[{"name":"wp","href":"https:\/\/api.w.org\/{rel}","templated":true}]}}