{"id":468537,"date":"2023-09-02T09:08:10","date_gmt":"2023-09-02T13:08:10","guid":{"rendered":"https:\/\/diariodominicano.com\/?p=468537"},"modified":"2023-09-02T09:08:57","modified_gmt":"2023-09-02T13:08:57","slug":"marcorel-zidor-pastor-iglesia-protestante-evita-citacion-policial-por-marcha-canaaan-que-buscaba-tomar-bastion-de-pandillas-en-haiti","status":"publish","type":"post","link":"https:\/\/diariodominicano.com\/?p=468537","title":{"rendered":"Marcorel Zidor, pastor iglesia protestante evita citaci\u00f3n policial por marcha Cana\u00e1n que buscaba tomar basti\u00f3n de pandillas en Hait\u00ed"},"content":{"rendered":"\n<p>diariodominicano.com<\/p>\n\n\n\n<p>Puerto Pr\u00edncipe, 2 sep (Prensa Latina) El pastor haitiano Marcorel Zidor, organizador de la marcha religiosa contra la inseguridad en la que murieron decenas de personas, eludi\u00f3 hoy la audiencia con la Direcci\u00f3n Central de la Polic\u00eda Judicial.<\/p>\n\n\n\n<p>El religioso deb\u00eda responder a las preguntas de las autoridades por la celebraci\u00f3n de la marcha en Cana\u00e1n, al norte de esta capital, en la que fallecieron m\u00e1s de 20 personas, y otras fueron v\u00edctimas de secuestro o resultaron lesionadas.<\/p>\n\n\n\n<p>El pastor tambi\u00e9n rechaz\u00f3 presentarse a inicios de esta semana a la fiscal\u00eda de Croix des Bouquets, aunque en esa ocasi\u00f3n pidi\u00f3 un aplazamiento de la invitaci\u00f3n.<\/p>\n\n\n\n<p>Zidor, quien es conocido como Marco, organiz\u00f3 el pasado fin de semana una manifestaci\u00f3n contra la inseguridad a la que asistieron cientos de fieles.<\/p>\n\n\n\n<p>Un grupo, armado con machetes y palos, intent\u00f3 alcanzar el basti\u00f3n de la pandilla que opera en la zona, pero fueron repelidos a tiros por sus integrantes.<\/p>\n\n\n\n<p>Para el Centro de An\u00e1lisis e Investigaci\u00f3n en Derechos Humanos la tragedia ocurrida en Cana\u00e1n demuestra la incapacidad del Estado de proteger a sus ciudadanos.<\/p>\n\n\n\n<p>Dado que la actividad fue anunciada p\u00fablicamente, las autoridades policiales y judiciales de los municipios afectados ten\u00edan que hacer todo lo que estuviera en su mano para impedirla, sostuvo la instancia.<\/p>\n\n\n\n<p>Agreg\u00f3 que, teniendo en cuenta los resultados catastr\u00f3ficos, hay que establecer una doble responsabilidad: la de estas autoridades y la del pastor Marcorel Zidor que organiz\u00f3 la protesta.<\/p>\n\n\n\n<p>Por su parte, la Polic\u00eda anunci\u00f3 que se abri\u00f3 una investigaci\u00f3n para establecer responsabilidades en el suceso, y asegur\u00f3 que los manifestantes burlaron el dispositivo de seguridad e hicieron caso omiso a las advertencias.<\/p>\n\n\n\n<p>No obstante, varias organizaciones de derechos humanos criticaron las declaraciones y afirmaron que los oficiales no cumplieron con su misi\u00f3n de proteger y servir.<\/p>\n\n\n\n<p>oda\/ane<\/p>\n","protected":false},"excerpt":{"rendered":"<p>diariodominicano.com Puerto Pr\u00edncipe, 2 sep (Prensa Latina) El pastor haitiano Marcorel Zidor, organizador de la marcha religiosa contra la inseguridad en la que murieron decenas de personas, eludi\u00f3 hoy la audiencia con la Direcci\u00f3n Central de la Polic\u00eda Judicial. El religioso deb\u00eda responder a las preguntas de las autoridades por la celebraci\u00f3n de la marcha [&hellip;]<\/p>\n","protected":false},"author":5,"featured_media":468544,"comment_status":"closed","ping_status":"","sticky":true,"template":"","format":"standard","meta":{"footnotes":""},"categories":[112,23,27],"tags":[],"class_list":["post-468537","post","type-post","status-publish","format-standard","has-post-thumbnail","hentry","category-haiti","category-internacional","category-portada"],"_links":{"self":[{"href":"https:\/\/diariodominicano.com\/index.php?rest_route=\/wp\/v2\/posts\/468537","targetHints":{"allow":["GET"]}}],"collection":[{"href":"https:\/\/diariodominicano.com\/index.php?rest_route=\/wp\/v2\/posts"}],"about":[{"href":"https:\/\/diariodominicano.com\/index.php?rest_route=\/wp\/v2\/types\/post"}],"author":[{"embeddable":true,"href":"https:\/\/diariodominicano.com\/index.php?rest_route=\/wp\/v2\/users\/5"}],"replies":[{"embeddable":true,"href":"https:\/\/diariodominicano.com\/index.php?rest_route=%2Fwp%2Fv2%2Fcomments&post=468537"}],"version-history":[{"count":3,"href":"https:\/\/diariodominicano.com\/index.php?rest_route=\/wp\/v2\/posts\/468537\/revisions"}],"predecessor-version":[{"id":468547,"href":"https:\/\/diariodominicano.com\/index.php?rest_route=\/wp\/v2\/posts\/468537\/revisions\/468547"}],"wp:featuredmedia":[{"embeddable":true,"href":"https:\/\/diariodominicano.com\/index.php?rest_route=\/wp\/v2\/media\/468544"}],"wp:attachment":[{"href":"https:\/\/diariodominicano.com\/index.php?rest_route=%2Fwp%2Fv2%2Fmedia&parent=468537"}],"wp:term":[{"taxonomy":"category","embeddable":true,"href":"https:\/\/diariodominicano.com\/index.php?rest_route=%2Fwp%2Fv2%2Fcategories&post=468537"},{"taxonomy":"post_tag","embeddable":true,"href":"https:\/\/diariodominicano.com\/index.php?rest_route=%2Fwp%2Fv2%2Ftags&post=468537"}],"curies":[{"name":"wp","href":"https:\/\/api.w.org\/{rel}","templated":true}]}}