{"id":468522,"date":"2023-09-02T08:35:32","date_gmt":"2023-09-02T12:35:32","guid":{"rendered":"http:\/\/diariodominicano.com\/?p=468522"},"modified":"2023-09-02T08:35:32","modified_gmt":"2023-09-02T12:35:32","slug":"rd-incrementa-conectividad-aerea-con-nuevos-vuelos-entre-espana-israel-y-catar","status":"publish","type":"post","link":"https:\/\/diariodominicano.com\/?p=468522","title":{"rendered":"RD incrementa conectividad a\u00e9rea con nuevos vuelos entre Espa\u00f1a, Israel y Catar"},"content":{"rendered":"\n<p>El presidente de la Junta de Aviaci\u00f3n Civil (JAC), doctor Jos\u00e9 Ernesto Marte Piantini <\/p>\n\n\n\n<p><br>Las nuevas operaciones se realizar\u00e1n en el marco de los Acuerdos de Servicios A\u00e9reos, suscritos a trav\u00e9s de la Junta de Aviaci\u00f3n Civil con el Estado de Catar y Espa\u00f1a.<br><br>Santo Domingo. Rep\u00fablica Dominicana. 31 de agosto 2023.- En el marco de las estrategias para incrementar el flujo de pasajeros, el presidente de la Junta de Aviaci\u00f3n Civil (JAC), doctor Jos\u00e9 Ernesto Marte Piantini, dio a conocer que dicho organismo conoci\u00f3 la solicitud de las operaciones bajo la modalidad de C\u00f3digo Compartido entre Iberia y Qatar Airways, lo que permitir\u00e1 operar vuelos de conexi\u00f3n desde Doha a Santo Domingo v\u00eda Madrid.<\/p>\n\n\n\n<p>Marte Piantini, explic\u00f3 que estas operaciones se estar\u00e1n realizando en la ruta Madrid\/Santo Domingo\/Madrid, donde Iberia, ser\u00e1 el operador efectivo, y Qatar Airways, el operador de mercado.<\/p>\n\n\n\n<p>Detall\u00f3, que este acuerdo de cooperaci\u00f3n comercial entre Iberia y Qatar Airways con vuelos de conexi\u00f3n desde y hacia la Rep\u00fablica Dominicana, refleja el compromiso del organismo con los usuarios del transporte a\u00e9reo, proporcion\u00e1ndoles a los viajeros dominicanos acceso a dos de los destinos m\u00e1s relevantes del mundo.<br><br>Indic\u00f3, que en el referido acuerdo establece que las aerol\u00edneas operar\u00e1n vuelos de conexi\u00f3n desde Doha, capital de Catar, situada en la pen\u00ednsula del Golfo P\u00e9rsico, desde y hacia la Rep\u00fablica Dominicana v\u00eda Madrid, evidenciando as\u00ed el reconocimiento internacional del territorio dominicano como destino en el Caribe.<\/p>\n\n\n\n<p>\u201cLa conectividad a\u00e9rea del territorito dominicano, ha mantenido una permanente expansi\u00f3n desde agosto de 2020, con el arribo de nuevas aerol\u00edneas internacionales, m\u00e1s rutas, frecuencias y m\u00e1s asientos, estas son las razones por lo cual la aviaci\u00f3n comercial en el pa\u00eds crece a un ritmo sostenido\u201d, puntualiz\u00f3 el presidente del organismo, al tiempo que explic\u00f3 que este acuerdo de cooperaci\u00f3n comercial entre Iberia y Qatar Airways, incrementar\u00e1 el flujo de pasajeros desde y hacia el territorio nacional en el marco de los acuerdos suscrito con el Estado de Catar y el Reino de Espa\u00f1a.<\/p>\n\n\n\n<p>De igual forma, los miembros del pleno conocieron la solicitud de Iberia y American Airlines para operar de manera conjunta las rutas: Miami\/Puerto Plata\/Miami; Miami\/Santo Domingo\/Miami; Miami \/Punta Cana\/Miami y Miami\/Santiago de los Caballeros \/Miami, en estas operaciones American Airlines, ser\u00e1 el operador efectivo e Iberia, el operador de mercado.<br>En ese mismo sentido, se conoci\u00f3 la solicitud de las operaciones bajo la misma modalidad las operaciones de Iberia y EL AL ISRAEL Airlines para volar en la ruta Madrid \/Santo Domingo \/Madrid, en estas operaciones Iberia ser\u00e1 el operador efectivo y EL AL ISRAEL Airlines, el operador de mercado.\u00a0<br>Conectividad con otros destinos<br>Durante la decimocuarta sesi\u00f3n ordinaria de la JAC se aprob\u00f3 la solicitud de enmienda al Permiso de Operaci\u00f3n del operador a\u00e9reo Frontier para incluir la ruta Filadelfia\/Santo Domingo \/Filadelfia.<br><br>En este contexto, el inicio de las operaciones de Frontier, est\u00e1 pautada para diciembre de 2023, las cuales ser\u00e1n realizadas en aeronaves modelo Airbus A320 Neo (32N), con capacidad para 186 asientos.<br><br>Basado en datos de la Divisi\u00f3n de Estad\u00edsticas del Departamento de Transporte A\u00e9reo de la JAC este operador estima, que transportar\u00e1 desde diciembre 2023 hasta diciembre 2024 un promedio de 13,017 pasajeros, con una frecuencia de tres vuelos a la semana, los martes, jueves y domingo.<\/p>\n\n\n\n<p>hermes meccariello<a target=\"_blank\" href=\"mailto:hermeccar@gmail.com\" rel=\"noreferrer noopener\">hermeccar@gmail.com<\/a><\/p>\n","protected":false},"excerpt":{"rendered":"<p>El presidente de la Junta de Aviaci\u00f3n Civil (JAC), doctor Jos\u00e9 Ernesto Marte Piantini Las nuevas operaciones se realizar\u00e1n en el marco de los Acuerdos de Servicios A\u00e9reos, suscritos a trav\u00e9s de la Junta de Aviaci\u00f3n Civil con el Estado de Catar y Espa\u00f1a. Santo Domingo. Rep\u00fablica Dominicana. 31 de agosto 2023.- En el marco [&hellip;]<\/p>\n","protected":false},"author":28,"featured_media":468524,"comment_status":"closed","ping_status":"","sticky":false,"template":"","format":"standard","meta":{"footnotes":""},"categories":[36,18,32],"tags":[],"class_list":["post-468522","post","type-post","status-publish","format-standard","has-post-thumbnail","hentry","category-hombresmujeresycosas","category-economia","category-turismo"],"_links":{"self":[{"href":"https:\/\/diariodominicano.com\/index.php?rest_route=\/wp\/v2\/posts\/468522","targetHints":{"allow":["GET"]}}],"collection":[{"href":"https:\/\/diariodominicano.com\/index.php?rest_route=\/wp\/v2\/posts"}],"about":[{"href":"https:\/\/diariodominicano.com\/index.php?rest_route=\/wp\/v2\/types\/post"}],"author":[{"embeddable":true,"href":"https:\/\/diariodominicano.com\/index.php?rest_route=\/wp\/v2\/users\/28"}],"replies":[{"embeddable":true,"href":"https:\/\/diariodominicano.com\/index.php?rest_route=%2Fwp%2Fv2%2Fcomments&post=468522"}],"version-history":[{"count":1,"href":"https:\/\/diariodominicano.com\/index.php?rest_route=\/wp\/v2\/posts\/468522\/revisions"}],"predecessor-version":[{"id":468525,"href":"https:\/\/diariodominicano.com\/index.php?rest_route=\/wp\/v2\/posts\/468522\/revisions\/468525"}],"wp:featuredmedia":[{"embeddable":true,"href":"https:\/\/diariodominicano.com\/index.php?rest_route=\/wp\/v2\/media\/468524"}],"wp:attachment":[{"href":"https:\/\/diariodominicano.com\/index.php?rest_route=%2Fwp%2Fv2%2Fmedia&parent=468522"}],"wp:term":[{"taxonomy":"category","embeddable":true,"href":"https:\/\/diariodominicano.com\/index.php?rest_route=%2Fwp%2Fv2%2Fcategories&post=468522"},{"taxonomy":"post_tag","embeddable":true,"href":"https:\/\/diariodominicano.com\/index.php?rest_route=%2Fwp%2Fv2%2Ftags&post=468522"}],"curies":[{"name":"wp","href":"https:\/\/api.w.org\/{rel}","templated":true}]}}