{"id":468489,"date":"2023-09-02T01:10:04","date_gmt":"2023-09-02T05:10:04","guid":{"rendered":"http:\/\/diariodominicano.com\/?p=468489"},"modified":"2023-09-02T07:41:45","modified_gmt":"2023-09-02T11:41:45","slug":"el-cardenal-jimenez-de-cisneros-y-el-poder","status":"publish","type":"post","link":"https:\/\/diariodominicano.com\/?p=468489","title":{"rendered":"EL CARDENAL JIM\u00c9NEZ DE CISNEROS Y EL PODER"},"content":{"rendered":"\n<p> Franciscano Francisco Jim\u00e9nez de Cisneros <\/p>\n\n\n\n<p><strong>POR TE\u00d3FILO LAPPOT ROBLES<\/strong><\/p>\n\n\n\n<p>El franciscano Francisco Jim\u00e9nez de Cisneros, m\u00e1s conocido como cardenal Cisneros, tuvo un inmenso poder, especialmente a partir del a\u00f1o 1492 cuando fue escogido como confesor de la reina Isabel I de Castilla.<\/p>\n\n\n\n<p>Naci\u00f3 un d\u00eda del a\u00f1o 1436 en Torrelaguna, un peque\u00f1o poblado ubicado entre monta\u00f1as y el r\u00edo Jarama, a unas decenas de kil\u00f3metros de la ciudad de Madrid.<\/p>\n\n\n\n<p>Su muerte se produjo el 8 de noviembre del 1517 en la poblaci\u00f3n de Roa del Duero, en el territorio que hoy forma la provincia de Burgos, en Castilla-Le\u00f3n, Espa\u00f1a.<\/p>\n\n\n\n<p>Las cr\u00f3nicas de aquella \u00e9poca lo describen como un hombre que viv\u00eda con humildad, alejado del boato y la opulencia, y dotado de una gran reciedumbre moral.<\/p>\n\n\n\n<p>&nbsp;Fue arzobispo de Toledo desde el 20 de febrero de 1495 hasta su fallecimiento en la fecha arriba indicada. Desde esa poltrona eclesi\u00e1stica incid\u00eda en muchos asuntos de gobierno, por su gran experiencia en el tejemaneje de la pol\u00edtica.<\/p>\n\n\n\n<p>Pero tambi\u00e9n hay que decir que su influencia en el interior de la iglesia cat\u00f3lica en Espa\u00f1a y allende sus fronteras fue importante.<\/p>\n\n\n\n<p>En la densa hoja de servicios del cardenal Jim\u00e9nez de Cisneros se comprueba que \u00e9l propici\u00f3 sustanciales reformas a las \u00f3rdenes de los franciscanos, los agustinos y los predicadores, estos \u00faltimos tambi\u00e9n llamados dominicos.<\/p>\n\n\n\n<p>Constantemente se apoyaba en los conceptos del te\u00f3logo cristiano y fil\u00f3sofo neerland\u00e9s Erasmo de Rotterdam, que no pocas veces choc\u00f3 con un amplio segmento del alto clero europeo que defend\u00eda el inmovilismo y se opon\u00eda a la libertad de pensamiento.<\/p>\n\n\n\n<figure class=\"wp-block-image size-large\"><img loading=\"lazy\" decoding=\"async\" width=\"795\" height=\"1024\" src=\"https:\/\/diariodominicano.com\/wp-content\/uploads\/2023\/09\/estatua-del-cardenal-cisneros-alcala-de-henares-madrid-espana-p4cx0n-795x1024.jpg\" alt=\"\" class=\"wp-image-468493\" srcset=\"https:\/\/diariodominicano.com\/wp-content\/uploads\/2023\/09\/estatua-del-cardenal-cisneros-alcala-de-henares-madrid-espana-p4cx0n-795x1024.jpg 795w, https:\/\/diariodominicano.com\/wp-content\/uploads\/2023\/09\/estatua-del-cardenal-cisneros-alcala-de-henares-madrid-espana-p4cx0n-233x300.jpg 233w, https:\/\/diariodominicano.com\/wp-content\/uploads\/2023\/09\/estatua-del-cardenal-cisneros-alcala-de-henares-madrid-espana-p4cx0n-768x989.jpg 768w, https:\/\/diariodominicano.com\/wp-content\/uploads\/2023\/09\/estatua-del-cardenal-cisneros-alcala-de-henares-madrid-espana-p4cx0n-816x1051.jpg 816w, https:\/\/diariodominicano.com\/wp-content\/uploads\/2023\/09\/estatua-del-cardenal-cisneros-alcala-de-henares-madrid-espana-p4cx0n.jpg 1079w\" sizes=\"auto, (max-width: 795px) 100vw, 795px\" \/><figcaption>Estatua del Cardenal Cisneros  Alcala de   Henares, Madrid Espa\u00f1a<\/figcaption><\/figure>\n\n\n\n<p>Cisneros, en su faceta religiosa, puso mucho \u00e9nfasis en vigorizar temas espirituales como la oraci\u00f3n; adem\u00e1s de que propici\u00f3 el pulimento cultural de los sacerdotes. Fue en esa din\u00e1mica que en el a\u00f1o 1499 cre\u00f3 la Universidad de Alcal\u00e1 de Henares.<\/p>\n\n\n\n<p>Exceptuando al sumo pont\u00edfice de turno, s\u00f3lo por asunto de jerarqu\u00eda, debo se\u00f1alar que el cardenal Cisneros fue el prelado de mayor esplendor en la Europa de su tiempo.<\/p>\n\n\n\n<p>Sus iniciativas permitieron que en la primera etapa del siglo XVI Espa\u00f1a se convirtiera en el centro del cristianismo en una gran parte de Europa y otros lugares del mundo.<\/p>\n\n\n\n<figure class=\"wp-block-image size-full\"><img loading=\"lazy\" decoding=\"async\" width=\"640\" height=\"762\" src=\"https:\/\/diariodominicano.com\/wp-content\/uploads\/2023\/09\/Isabel-la-catolica.jpg.webp\" alt=\"\" class=\"wp-image-468494\" srcset=\"https:\/\/diariodominicano.com\/wp-content\/uploads\/2023\/09\/Isabel-la-catolica.jpg.webp 640w, https:\/\/diariodominicano.com\/wp-content\/uploads\/2023\/09\/Isabel-la-catolica.jpg-252x300.webp 252w\" sizes=\"auto, (max-width: 640px) 100vw, 640px\" \/><figcaption>Isabel La Cat\u00f3lica<\/figcaption><\/figure>\n\n\n\n<p>El historiador y diplom\u00e1tico mexicano Fernando Ben\u00edtez escribi\u00f3 sobre \u00e9l lo siguiente:<\/p>\n\n\n\n<p>\u201cEl cardenal Francisco Jim\u00e9nez de Cisneros era la gran figura del Renacimiento espa\u00f1ol. Simbolizaba en su persona las dos virtudes m\u00e1s encarecidas por Erasmo de Rotterdam: la humildad y la caridad.\u201d (1992 \u00bfQu\u00e9 celebramos, Qu\u00e9 lamentamos? Editora Taller, Sto. Dgo., 1992.Pp79 y 80. Fernando Ben\u00edtez).<\/p>\n\n\n\n<p>Cuando la reina Isabel la Cat\u00f3lica falleci\u00f3 en el 1504 se produce un largo proceso de inestabilidad en Espa\u00f1a, aflorando las ambiciones de diferentes sectores, especialmente grupos de la nobleza cuya influencia hab\u00eda venido a menos en los diversos reinos espa\u00f1oles.<\/p>\n\n\n\n<p>A partir de ese momento el papel de Jim\u00e9nez de Cisneros, gracias a su condici\u00f3n de estadista, su elevada cultura y su talante de hombre resuelto a enfrentar y vencer dificultades, fue de un enorme impacto para evitar el rompimiento de la organizaci\u00f3n del poder que representaba la realeza.<\/p>\n\n\n\n<p>El cardenal Jim\u00e9nez de Cisneros fue designado regente del reinado de Castilla, con motivo de la muerte del rey Felipe I, apodado el Hermoso (nacido en la ciudad portuaria de Brujas, en B\u00e9lgica), ocurrida el 25 de septiembre de 1506, en la ciudad de Burgos, en el norte de Espa\u00f1a. Esa decisi\u00f3n se tom\u00f3 ante el problema de \u00edndole emocional que ten\u00eda la viuda, Juana I de Castilla, tambi\u00e9n conocida con el alias de Juana La Loca.<\/p>\n\n\n\n<p>En el 1507 Jim\u00e9nez de Cisneros convenci\u00f3 rey de Arag\u00f3n Fernando el Cat\u00f3lico (padre de la referida Juana) para que volviera a gobernar en Castilla, lo cual hizo.<\/p>\n\n\n\n<p>Las gestiones que para tales fines realiz\u00f3 el cardenal Jim\u00e9nez de Cisneros fueron determinantes para frenar una situaci\u00f3n ca\u00f3tica que viv\u00eda en ese momento Espa\u00f1a, la cual ha sido definida por conocedores del tema as\u00ed:<\/p>\n\n\n\n<figure class=\"wp-block-image size-full\"><img loading=\"lazy\" decoding=\"async\" width=\"473\" height=\"594\" src=\"https:\/\/diariodominicano.com\/wp-content\/uploads\/2023\/09\/felipe-i-de-castilla_ad592d50.png\" alt=\"\" class=\"wp-image-468496\" srcset=\"https:\/\/diariodominicano.com\/wp-content\/uploads\/2023\/09\/felipe-i-de-castilla_ad592d50.png 473w, https:\/\/diariodominicano.com\/wp-content\/uploads\/2023\/09\/felipe-i-de-castilla_ad592d50-239x300.png 239w\" sizes=\"auto, (max-width: 473px) 100vw, 473px\" \/><figcaption>  Felipe el Hermoso <\/figcaption><\/figure>\n\n\n\n<p>\u201cLa muerte de Felipe el Hermoso desencaden\u00f3 una anarqu\u00eda que estuvo a punto de convertirse en guerra civil.\u201d (Historia de Espa\u00f1a. Editorial Espasa Calpe, 2006, Madrid. Julio Valde\u00f3n, Joseph P\u00e9rez y Santos Juli\u00e1).<\/p>\n\n\n\n<p>En mayo de ante referido a\u00f1o 1507 el Papa Julio II nombr\u00f3 a Cisneros con la elevada categor\u00eda de Cardenal.<\/p>\n\n\n\n<p>Es pertinente decir que ese Fernando el Cat\u00f3lico fue el creador de la tristemente c\u00e9lebre Inquisici\u00f3n. En el 1507 nombr\u00f3 a Cisneros inquisidor en todo el territorio de Castilla, misi\u00f3n que este ejercicio hasta el 1516.<\/p>\n\n\n\n<p>Siendo inquisidor el cardenal Cisneros organiz\u00f3 una expedici\u00f3n militar para combatir a los musulmanes en el exterior. La misma estaba integrada por miles de soldados, m\u00e1s de cien embarcaciones (naos, carabelas, galeones, bergantines, etc.), cientos de caballos y decenas de piezas de artiller\u00eda.<\/p>\n\n\n\n<p>Con ese cuerpo de ej\u00e9rcito sali\u00f3 de Espa\u00f1a el 16 de mayo de 1509 hacia el norte de \u00c1frica (espec\u00edficamente a la parte llamada el Magreb) con el objetivo de someter a los islamitas, a quienes venci\u00f3 en la gran ciudad portuaria de Or\u00e1n, situada en el noroeste de Argelia, frente al mar Mediterr\u00e1neo.<\/p>\n\n\n\n<p>Cuando muri\u00f3 el rey Fernando II de Arag\u00f3n y V de Castilla, en el pueblo de Madrigalejo, en la regi\u00f3n de Extremadura, el cardenal Jim\u00e9nez de Cisneros volvi\u00f3 a tener el control pleno y abierto del poder espa\u00f1ol, desde el 23 de enero de 1516 hasta noviembre del 1517.<\/p>\n\n\n\n<p>Antes del viaje de Cisneros a \u00c1frica los musulmanes controlaban gran parte del sur de Espa\u00f1a, entre finales de la Edad Media y principio de la Edad Moderna.<\/p>\n\n\n\n<p>Eso fue de gran preocupaci\u00f3n para la Corona. Los reyes consideraban que la pr\u00e9dica del islam afectaba en t\u00e9rminos sociales, pol\u00edticos y econ\u00f3micos las estructuras de la sociedad espa\u00f1ola.<\/p>\n\n\n\n<p>Contrario a lo que despu\u00e9s hizo el cardenal Cisneros, el arzobispo fray Hernando de Talavera, que fue confesor de la reina Isabel la Cat\u00f3lica, buscaba convertir a los moriscos al cristianismo mediante un suave proceso de \u201cevangelizaci\u00f3n, difusi\u00f3n de catecismo y predicamentos\u201d, con modales persuasivos.<\/p>\n\n\n\n<p>Ante el fracaso del referido prelado los reyes Fernando e Isabel decidieron nombrar al mando de esa delicada tarea al arzobispo de Toledo.<\/p>\n\n\n\n<p>La Historia se\u00f1ala que la actitud firme y sin paliativos de Cisneros en esa cuesti\u00f3n provoc\u00f3 alzamientos de los moriscos en Granada y La Alpujarra, abarcando las poblaciones que exist\u00edan en las sierras de L\u00fajar y Nevada, en un amplio territorio meridional de Espa\u00f1a.<\/p>\n\n\n\n<p>Lo anterior al margen de que el 25 de noviembre de 1491 el c\u00e9lebre Boabdil, uno de los jefes moriscos, firm\u00f3 un acuerdo con los monarcas que luego incumpli\u00f3, cuando llegado el momento se neg\u00f3 a abdicar como rey de Granada.<\/p>\n\n\n\n<p>La autora de una biograf\u00eda novelada sobre la reina Isabel la Cat\u00f3lica narra el papel del famoso prelado en aquellos acontecimientos as\u00ed:<\/p>\n\n\n\n<p>\u201cApremiado por la falta de resultados, don Francisco Jim\u00e9nez de Cisneros vir\u00f3 su rumbo y mostr\u00f3 su talante m\u00e1s represor y absolutista que, lejos de disuadir, a\u00f1adi\u00f3 m\u00e1s proyectil\u2026Hab\u00eda querido acelerar la conversi\u00f3n con intolerables medidas de presi\u00f3n: quem\u00f3 libros sagrados del islam, persigui\u00f3 sus te\u00f3logos\u2026Las protestas no se hicieron esperar\u2026\u201d (Isabel la Cat\u00f3lica. Impresora GraphyCems, Madrid, 2007.P.427. Cristina Hernando Polo).&nbsp;<\/p>\n\n\n\n<p>Es v\u00e1lido se\u00f1alar que el cardenal Cisneros en su segunda regencia del reino de Espa\u00f1a recibi\u00f3, acompa\u00f1ado de juristas, canonistas y te\u00f3logos, al que luego ser\u00eda el primer obispo de Chiapas, M\u00e9xico, Bartolom\u00e9 de las Casas, tal y como este relata en su obra Historia de Indias.<\/p>\n\n\n\n<p>Como motivo de los se\u00f1alamientos que le hizo de las Casas sobre los martirios a que era sometida la poblaci\u00f3n ind\u00edgena por los encomenderos y autoridades coloniales, especialmente en el Caribe insular, Cisneros en su calidad de m\u00e1xima autoridad de la Corona, envi\u00f3 para ac\u00e1 a varios padres jer\u00f3nimos con la misi\u00f3n de liberar a los nativos de sus penurias.<\/p>\n\n\n\n<p>En ese caso la decisi\u00f3n del famoso cardenal no result\u00f3 como pudo ser su intenci\u00f3n pues dichos curas (\u201clos jer\u00f3nimos eran sobre todo hombres de negocios\u201d) se dedicaron a otras actividades, muy alejadas de la defensa de las v\u00edctimas de las crueles encomiendas.<\/p>\n\n\n\n<p>teofilo lappot<a rel=\"noreferrer noopener\" target=\"_blank\" href=\"mailto:teofilolappot@gmail.com\">teofilolappot@gmail.com<\/a><\/p>\n","protected":false},"excerpt":{"rendered":"<p>Franciscano Francisco Jim\u00e9nez de Cisneros POR TE\u00d3FILO LAPPOT ROBLES El franciscano Francisco Jim\u00e9nez de Cisneros, m\u00e1s conocido como cardenal Cisneros, tuvo un inmenso poder, especialmente a partir del a\u00f1o 1492 cuando fue escogido como confesor de la reina Isabel I de Castilla. Naci\u00f3 un d\u00eda del a\u00f1o 1436 en Torrelaguna, un peque\u00f1o poblado ubicado entre [&hellip;]<\/p>\n","protected":false},"author":28,"featured_media":468490,"comment_status":"closed","ping_status":"","sticky":true,"template":"","format":"standard","meta":{"footnotes":""},"categories":[21,36,27,32],"tags":[],"class_list":["post-468489","post","type-post","status-publish","format-standard","has-post-thumbnail","hentry","category-cultura","category-hombresmujeresycosas","category-portada","category-turismo"],"_links":{"self":[{"href":"https:\/\/diariodominicano.com\/index.php?rest_route=\/wp\/v2\/posts\/468489","targetHints":{"allow":["GET"]}}],"collection":[{"href":"https:\/\/diariodominicano.com\/index.php?rest_route=\/wp\/v2\/posts"}],"about":[{"href":"https:\/\/diariodominicano.com\/index.php?rest_route=\/wp\/v2\/types\/post"}],"author":[{"embeddable":true,"href":"https:\/\/diariodominicano.com\/index.php?rest_route=\/wp\/v2\/users\/28"}],"replies":[{"embeddable":true,"href":"https:\/\/diariodominicano.com\/index.php?rest_route=%2Fwp%2Fv2%2Fcomments&post=468489"}],"version-history":[{"count":4,"href":"https:\/\/diariodominicano.com\/index.php?rest_route=\/wp\/v2\/posts\/468489\/revisions"}],"predecessor-version":[{"id":468498,"href":"https:\/\/diariodominicano.com\/index.php?rest_route=\/wp\/v2\/posts\/468489\/revisions\/468498"}],"wp:featuredmedia":[{"embeddable":true,"href":"https:\/\/diariodominicano.com\/index.php?rest_route=\/wp\/v2\/media\/468490"}],"wp:attachment":[{"href":"https:\/\/diariodominicano.com\/index.php?rest_route=%2Fwp%2Fv2%2Fmedia&parent=468489"}],"wp:term":[{"taxonomy":"category","embeddable":true,"href":"https:\/\/diariodominicano.com\/index.php?rest_route=%2Fwp%2Fv2%2Fcategories&post=468489"},{"taxonomy":"post_tag","embeddable":true,"href":"https:\/\/diariodominicano.com\/index.php?rest_route=%2Fwp%2Fv2%2Ftags&post=468489"}],"curies":[{"name":"wp","href":"https:\/\/api.w.org\/{rel}","templated":true}]}}