{"id":468331,"date":"2023-09-01T20:25:35","date_gmt":"2023-09-02T00:25:35","guid":{"rendered":"http:\/\/diariodominicano.com\/?p=468331"},"modified":"2023-09-01T20:28:07","modified_gmt":"2023-09-02T00:28:07","slug":"hierro-sosa-y-tiki-acevedo-se-disputaran-este-sabado-el-titulo-fighting-force-de-la-mma","status":"publish","type":"post","link":"https:\/\/diariodominicano.com\/?p=468331","title":{"rendered":"\u201cHierro\u201d Sosa y \u201cTiki\u201d Acevedo se disputar\u00e1n este s\u00e1bado el t\u00edtulo Fighting Force de la MMA (+ fotos)"},"content":{"rendered":"\n<p> Reynaldo \u201cTiki\u201d Acevedo y Oscar \u201cHierro\u201d Sosa quienes se disputar\u00e1n este s\u00e1bado el t\u00edtulo Fighting Force de las 205 libras. En el centro, Fernando Dauhajre, comisionado Nacional de la MMA. <\/p>\n\n\n\n<figure class=\"wp-block-image size-large\"><img loading=\"lazy\" decoding=\"async\" width=\"1024\" height=\"682\" src=\"https:\/\/diariodominicano.com\/wp-content\/uploads\/2023\/09\/IMG-20230901-WA0166-1024x682.jpg\" alt=\"\" class=\"wp-image-468334\" srcset=\"https:\/\/diariodominicano.com\/wp-content\/uploads\/2023\/09\/IMG-20230901-WA0166-1024x682.jpg 1024w, https:\/\/diariodominicano.com\/wp-content\/uploads\/2023\/09\/IMG-20230901-WA0166-300x200.jpg 300w, https:\/\/diariodominicano.com\/wp-content\/uploads\/2023\/09\/IMG-20230901-WA0166-768x512.jpg 768w, https:\/\/diariodominicano.com\/wp-content\/uploads\/2023\/09\/IMG-20230901-WA0166-1536x1023.jpg 1536w, https:\/\/diariodominicano.com\/wp-content\/uploads\/2023\/09\/IMG-20230901-WA0166-816x544.jpg 816w, https:\/\/diariodominicano.com\/wp-content\/uploads\/2023\/09\/IMG-20230901-WA0166.jpg 1600w\" sizes=\"auto, (max-width: 1024px) 100vw, 1024px\" \/><figcaption>Reynaldo \u201cTiki\u201d Acevedo y Oscar \u201cHierro\u201d<\/figcaption><\/figure>\n\n\n\n<p>SANTO DOMINGO, RD. Los dominicanos Reynaldo \u201cTiki\u201d Acevedo y Oscar \u201cHierro\u201d Sosa se confesaron listos para el combate que protagonizar\u00e1n la noche de este s\u00e1bado en el Pabell\u00f3n de Esgrima del Centro Ol\u00edmpico Juan Pablo Duarte, donde se disputar\u00e1n el vacante t\u00edtulo de Fighting Force, en la divisi\u00f3n de peso semipesado.<\/p>\n\n\n\n<p>\u201cEsta es la oportunidad que esperaba y no la desaprovechar\u00e9\u201d, afirm\u00f3 \u201cTiki\u201d Acevedo despu\u00e9s de superar la prueba de la b\u00e1scula durante la ceremonia del pesaje, celebrada en el Sal\u00f3n James Rodr\u00edguez del Ministerio de Deportes y Recreaci\u00f3n.<\/p>\n\n\n\n<figure class=\"wp-block-image size-large\"><img loading=\"lazy\" decoding=\"async\" width=\"1024\" height=\"682\" src=\"https:\/\/diariodominicano.com\/wp-content\/uploads\/2023\/09\/IMG-20230901-WA0162-1024x682.jpg\" alt=\"\" class=\"wp-image-468336\" srcset=\"https:\/\/diariodominicano.com\/wp-content\/uploads\/2023\/09\/IMG-20230901-WA0162-1024x682.jpg 1024w, https:\/\/diariodominicano.com\/wp-content\/uploads\/2023\/09\/IMG-20230901-WA0162-300x200.jpg 300w, https:\/\/diariodominicano.com\/wp-content\/uploads\/2023\/09\/IMG-20230901-WA0162-768x512.jpg 768w, https:\/\/diariodominicano.com\/wp-content\/uploads\/2023\/09\/IMG-20230901-WA0162-1536x1023.jpg 1536w, https:\/\/diariodominicano.com\/wp-content\/uploads\/2023\/09\/IMG-20230901-WA0162-816x544.jpg 816w, https:\/\/diariodominicano.com\/wp-content\/uploads\/2023\/09\/IMG-20230901-WA0162.jpg 1600w\" sizes=\"auto, (max-width: 1024px) 100vw, 1024px\" \/><figcaption>Reynaldo \u201cTiki\u201d Acevedo y Oscar \u201cHierro\u201d<\/figcaption><\/figure>\n\n\n\n<p>\u201cHierro\u201d Sosa, por su parte, prometi\u00f3 frustrar la aspiraci\u00f3n de su rival Acevedo, a quien dijo dejar\u00e1 con \u201clas ganas\u201d de ser campe\u00f3n.<\/p>\n\n\n\n<p>\u201cLo siento, pero esta noche habr\u00e1 un nuevo campe\u00f3n y no ser\u00e1 Tiki Acevedo\u201d, expuso Hierro Sosa, quien tambi\u00e9n cumpli\u00f3 con el peso reglamentario de las 205 libras.<\/p>\n\n\n\n<p>Ambos p\u00fagiles protagonizar\u00e1n la pelea estelar de una cartelera de 10 combates, incluido tres por t\u00edtulos, de las artes marciales mixtas (MMA), organizada por la promotora dominicana Fighting Force, que preside el abogado Rodolfo Dauhajre.&nbsp;<\/p>\n\n\n\n<p>&nbsp;Sosa tiene r\u00e9cord de 14 victorias contra tres derrotas, mientras que Acevedo presenta foja de 10-4.<\/p>\n\n\n\n<p>&nbsp;Por el&nbsp;cetro ligero (155 libras) se enfrentar\u00e1n El\u00edas \u201dLa Mole\u201d Santos y Lucas \u201cEl Tibur\u00f3n\u201d Marte.<\/p>\n\n\n\n<p>\u201cLa Mole\u201d Santos, con r\u00e9cord profesional de 5-6, y el cibae\u00f1o Lucas \u201cEl Tibur\u00f3n\u201d Marte, quien posee 6 victorias y 4 derrotas.<\/p>\n\n\n\n<p>La promotora Fighting Force realiz\u00f3 el pesaje oficial este viernes, en el sal\u00f3n James Rodr\u00edguez del Ministerio de Deportes y Recreaci\u00f3n, donde el presidente de esta empresa, Rodolfo Dauhajre confirm\u00f3 que todos los atletas hicieron el peso de acuerdo con su divisi\u00f3n.<\/p>\n\n\n\n<p>&nbsp;Se trata de la d\u00e9cima cartelera que organiza la promotora dominicana Fighting Force, con la cual celebrar\u00e1 el cuarto aniversario de su creaci\u00f3n, per\u00edodo en el que ha presentado combates por t\u00edtulos nacionales e internacionales.<\/p>\n\n\n\n<p>En la rama femenina se enfrentar\u00e1n Stephanie Reyes y Suly Champ, quienes hicieron un peso oficial de 131 y 129 libras, respectivamente.<\/p>\n\n\n\n<p>Otro de los combates ser\u00e1 el que protagonizar\u00e1n Vincent \u201cEl Cuco\u201d Van Gogh y el invicto prospecto Alex \u201cLa Tortuga Ninja\u201d Alc\u00e1ntara, por el vacante t\u00edtulo de las 145 libras. De su lado, Carlos Santana y Yorfi Marte pelear\u00e1n en las 170.<\/p>\n\n\n\n<p>Adem\u00e1s, el veterano dominicano Reynaldo De los Santos enfrentar\u00e1 al venezolano Daynnys Rivas en un peso pactado en las 165 libras, mientras que el venezolano residente en el pa\u00eds Braian Leiva enfrentar\u00e1 al colombiano Cristian Le\u00f3n en la divisi\u00f3n peso gallo.<\/p>\n\n\n\n<p>Primitivo Cadete<a target=\"_blank\" href=\"mailto:primitivo.cadete@gmail.com\" rel=\"noreferrer noopener\">primitivo.cadete@gmail.com<\/a><\/p>\n","protected":false},"excerpt":{"rendered":"<p>Reynaldo \u201cTiki\u201d Acevedo y Oscar \u201cHierro\u201d Sosa quienes se disputar\u00e1n este s\u00e1bado el t\u00edtulo Fighting Force de las 205 libras. En el centro, Fernando Dauhajre, comisionado Nacional de la MMA. SANTO DOMINGO, RD. Los dominicanos Reynaldo \u201cTiki\u201d Acevedo y Oscar \u201cHierro\u201d Sosa se confesaron listos para el combate que protagonizar\u00e1n la noche de este s\u00e1bado [&hellip;]<\/p>\n","protected":false},"author":28,"featured_media":468332,"comment_status":"closed","ping_status":"","sticky":true,"template":"","format":"standard","meta":{"footnotes":""},"categories":[17,27,32],"tags":[],"class_list":["post-468331","post","type-post","status-publish","format-standard","has-post-thumbnail","hentry","category-deportes","category-portada","category-turismo"],"_links":{"self":[{"href":"https:\/\/diariodominicano.com\/index.php?rest_route=\/wp\/v2\/posts\/468331","targetHints":{"allow":["GET"]}}],"collection":[{"href":"https:\/\/diariodominicano.com\/index.php?rest_route=\/wp\/v2\/posts"}],"about":[{"href":"https:\/\/diariodominicano.com\/index.php?rest_route=\/wp\/v2\/types\/post"}],"author":[{"embeddable":true,"href":"https:\/\/diariodominicano.com\/index.php?rest_route=\/wp\/v2\/users\/28"}],"replies":[{"embeddable":true,"href":"https:\/\/diariodominicano.com\/index.php?rest_route=%2Fwp%2Fv2%2Fcomments&post=468331"}],"version-history":[{"count":4,"href":"https:\/\/diariodominicano.com\/index.php?rest_route=\/wp\/v2\/posts\/468331\/revisions"}],"predecessor-version":[{"id":468339,"href":"https:\/\/diariodominicano.com\/index.php?rest_route=\/wp\/v2\/posts\/468331\/revisions\/468339"}],"wp:featuredmedia":[{"embeddable":true,"href":"https:\/\/diariodominicano.com\/index.php?rest_route=\/wp\/v2\/media\/468332"}],"wp:attachment":[{"href":"https:\/\/diariodominicano.com\/index.php?rest_route=%2Fwp%2Fv2%2Fmedia&parent=468331"}],"wp:term":[{"taxonomy":"category","embeddable":true,"href":"https:\/\/diariodominicano.com\/index.php?rest_route=%2Fwp%2Fv2%2Fcategories&post=468331"},{"taxonomy":"post_tag","embeddable":true,"href":"https:\/\/diariodominicano.com\/index.php?rest_route=%2Fwp%2Fv2%2Ftags&post=468331"}],"curies":[{"name":"wp","href":"https:\/\/api.w.org\/{rel}","templated":true}]}}