{"id":468277,"date":"2023-09-01T12:22:31","date_gmt":"2023-09-01T16:22:31","guid":{"rendered":"http:\/\/diariodominicano.com\/?p=468277"},"modified":"2023-09-01T12:22:31","modified_gmt":"2023-09-01T16:22:31","slug":"fiscalia-de-sde-y-norte-obtuvo-condena-de-20-anos-de-prision-contra-hombre-que-violo-sexualmente-nino-de-13-anos","status":"publish","type":"post","link":"https:\/\/diariodominicano.com\/?p=468277","title":{"rendered":"Fiscal\u00eda de SDE y Norte obtuvo condena de 20 a\u00f1os de prisi\u00f3n contra hombre que viol\u00f3 sexualmente ni\u00f1o de 13 a\u00f1os"},"content":{"rendered":"\n<p><strong>SANTO DOMINGO ESTE, Rep\u00fablica Dominicana. \u2013<\/strong>\u00a0La Procuradur\u00eda Fiscal de Santo Domingo Este y Norte obtuvo una condena de 20 a\u00f1os de prisi\u00f3n en contra de un hombre que viol\u00f3 sexualmente a un ni\u00f1o de 13 a\u00f1os de edad, en un hecho\u00a0 ocurrido en el a\u00f1o 2021, en San Isidro, Santo Domingo Este.<\/p>\n\n\n\n<p>La condena le fue impuesta por el Segundo Tribunal Colegiado que, preside la jueza Josefina Ubiera Guerrero y lo&nbsp; integran las magistradas Yury Cuevas de la Cruz y Ariella Cedano N\u00fa\u00f1ez, en contra de Oscar Humberto P\u00e9rez Michel, quien deber\u00e1 cumplir la condena en la Penitenciar\u00eda Nacional de La Victoria, el nombre de la v\u00edctima se&nbsp; omite para proteger su identidad.<\/p>\n\n\n\n<p>Durante el juicio, el Ministerio P\u00fablico, representado por la fiscal investigadora Claudia Valdez, demostr\u00f3 con pruebas testimoniales, audiovisuales y procesales que el hoy condenado, incurri\u00f3 en la violaci\u00f3n de los art\u00edculos 332-1, 331 y 309-3 del C\u00f3digo Penal Dominicano, modificado por la Ley 24-97, sobre agresi\u00f3n sexual y los art\u00edculos 12, 13, 14, 18 y 396 de la Ley 136-03, sobre el C\u00f3digo de protecci\u00f3n a los derechos de los Ni\u00f1os, Ni\u00f1as y Adolescentes.<\/p>\n\n\n\n<p>La acci\u00f3n judicial en contra del procesado, se inici\u00f3 luego de que la denuncia realizada por la madre del menor en abril del a\u00f1o 2022, nombre que tambi\u00e9n se omite para preservar la identidad del menor.<\/p>\n\n\n\n<p><strong>Direcci\u00f3n General de Comunicaci\u00f3n, Prensa, y RRPP<\/strong><\/p>\n\n\n\n<p>Ministerio P\u00fablico.&nbsp;R.D.<\/p>\n\n\n\n<p>Viernes, 1 de septiembre de 2023&#8230;<\/p>\n","protected":false},"excerpt":{"rendered":"<p>SANTO DOMINGO ESTE, Rep\u00fablica Dominicana. \u2013\u00a0La Procuradur\u00eda Fiscal de Santo Domingo Este y Norte obtuvo una condena de 20 a\u00f1os de prisi\u00f3n en contra de un hombre que viol\u00f3 sexualmente a un ni\u00f1o de 13 a\u00f1os de edad, en un hecho\u00a0 ocurrido en el a\u00f1o 2021, en San Isidro, Santo Domingo Este. La condena le [&hellip;]<\/p>\n","protected":false},"author":28,"featured_media":329468,"comment_status":"closed","ping_status":"","sticky":true,"template":"","format":"standard","meta":{"footnotes":""},"categories":[24,29,27],"tags":[],"class_list":["post-468277","post","type-post","status-publish","format-standard","has-post-thumbnail","hentry","category-justicia-y-derecho","category-policiasucesos","category-portada"],"_links":{"self":[{"href":"https:\/\/diariodominicano.com\/index.php?rest_route=\/wp\/v2\/posts\/468277","targetHints":{"allow":["GET"]}}],"collection":[{"href":"https:\/\/diariodominicano.com\/index.php?rest_route=\/wp\/v2\/posts"}],"about":[{"href":"https:\/\/diariodominicano.com\/index.php?rest_route=\/wp\/v2\/types\/post"}],"author":[{"embeddable":true,"href":"https:\/\/diariodominicano.com\/index.php?rest_route=\/wp\/v2\/users\/28"}],"replies":[{"embeddable":true,"href":"https:\/\/diariodominicano.com\/index.php?rest_route=%2Fwp%2Fv2%2Fcomments&post=468277"}],"version-history":[{"count":1,"href":"https:\/\/diariodominicano.com\/index.php?rest_route=\/wp\/v2\/posts\/468277\/revisions"}],"predecessor-version":[{"id":468278,"href":"https:\/\/diariodominicano.com\/index.php?rest_route=\/wp\/v2\/posts\/468277\/revisions\/468278"}],"wp:featuredmedia":[{"embeddable":true,"href":"https:\/\/diariodominicano.com\/index.php?rest_route=\/wp\/v2\/media\/329468"}],"wp:attachment":[{"href":"https:\/\/diariodominicano.com\/index.php?rest_route=%2Fwp%2Fv2%2Fmedia&parent=468277"}],"wp:term":[{"taxonomy":"category","embeddable":true,"href":"https:\/\/diariodominicano.com\/index.php?rest_route=%2Fwp%2Fv2%2Fcategories&post=468277"},{"taxonomy":"post_tag","embeddable":true,"href":"https:\/\/diariodominicano.com\/index.php?rest_route=%2Fwp%2Fv2%2Ftags&post=468277"}],"curies":[{"name":"wp","href":"https:\/\/api.w.org\/{rel}","templated":true}]}}