{"id":46825,"date":"2020-08-30T22:48:13","date_gmt":"2020-08-30T22:48:13","guid":{"rendered":"http:\/\/diariodominicano.ddns.net\/?p=46825"},"modified":"2020-08-30T22:48:13","modified_gmt":"2020-08-30T22:48:13","slug":"tiempo-de-alianzas-desposeidos-de-intereses","status":"publish","type":"post","link":"https:\/\/diariodominicano.com\/?p=46825","title":{"rendered":"TIEMPO DE ALIANZAS, DESPOSE\u00cdDOS DE INTERESES"},"content":{"rendered":"<p><body><\/p>\n<p>Diariodominicano.com<\/p>\n<p>ALGO M\u00c1S QUE PALABRAS<\/p>\n<p>TIEMPO DE ALIANZAS, DESPOSE\u00cdDOS DE INTERESES<\/p>\n<p>\u00abEl desprendimiento apenas tiene hueco en esta sociedad mercantilista\u00bb<\/p>\n<p>=============================<\/p>\n<p>V\u00edctor CORCOBA HERRERO\/ Escritor<\/p>\n<p>corcoba@telefonica.net<\/p>\n<p>=============================<\/p>\n<p>No todo vale para este tiempo de alianzas, se requieren acuerdos desinteresados que tengan como misi\u00f3n<\/p>\n<p>responsable, la de preocuparse y ocuparse de toda vida humana, provenga de donde provenga y habite en el lugar que<\/p>\n<p>habite. Temo, por tanto, a esas coaliciones de mundos poderosos que no suelen entender nada m\u00e1s que de pedestales.<\/p>\n<p>Tambi\u00e9n recelo de esos lazos entre pol\u00edticos, de gentes que dicen servir a la ciudadan\u00eda y no pasan de hacer pol\u00edtica<\/p>\n<p>para s\u00ed y sus seguidores. El bien com\u00fan no suele estar en sus agendas. Asimismo, me asustan esas reuniones<\/p>\n<p>propiciadas por ricos \u00fanicamente para ellos, aunque se les llene la boca de f\u00e1ciles palabras inclusivas. La exclusi\u00f3n<\/p>\n<p>llega al mundo, precisamente, en parte por esa uni\u00f3n de intereses mundanos, que no ve m\u00e1s all\u00e1 de un sistema<\/p>\n<p>productivo injusto. Aqu\u00ed todo se termina haciendo por dinero. El desprendimiento apenas tiene hueco en esta<\/p>\n<p>sociedad mercantilista, donde todo se compra y se vende. Por desgracia, lo que hace una sociedad fuerte, no es la<\/p>\n<p>moral que cultiven sus gentes, sino las finanzas que se posean. Dicho lo cual, deber\u00edamos activar otros valores m\u00e1s<\/p>\n<p>del esp\u00edritu que del cuerpo. Desposeernos de ese lenguaje adinerado que entienden todas las naciones y conciben los<\/p>\n<p>vivientes, ser\u00eda uno de los grandes avances, que contribuir\u00edan a que el mundo se fraternizase en aut\u00e9ntica avenencia<\/p>\n<p>de sentimientos.<\/p>\n<p>Ojal\u00e1 dejasen de abrirse las puertas por dinero, seguramente entonces tendr\u00edamos m\u00e1s asegurada la alianza<\/p>\n<p>con nuestro an\u00e1logo. El movimiento social del \u00abtanto tienes, tanto vales\u00bb est\u00e1 m\u00e1s vivo que nunca. Es una desgracia<\/p>\n<p>m\u00e1s, de dif\u00edcil modificaci\u00f3n de actitudes; ya que el otro movimiento, el educativo, est\u00e1 siempre en conflicto, cuando<\/p>\n<p>debiera transmitir distintos itinerarios, m\u00e1s pedag\u00f3gicos con la realidad, de una \u00e9tica permanente en su lenguaje, para<\/p>\n<p>que puedan ayudar eficazmente a crecer en esp\u00edritu solidario, sentido de responsabilidad y cuidados que nos<\/p>\n<p>hermanen. La inclusi\u00f3n no es un invento pol\u00edtico, sino una parte vivencial e innata de lo que soy por s\u00ed mismo, parte<\/p>\n<p>del ajeno que me acompa\u00f1a. Hoy en d\u00eda es necesario acelerar este movimiento comprensivo, reeduc\u00e1ndonos todos<\/p>\n<p>bajo ese h\u00e1lito, al menos para frenar esta cultura del abandono, originada por una atmosfera que todo lo separa y<\/p>\n<p>divide, obviando que somos precisos unos para con otros. Sin duda, necesitamos hacer familia, sentirnos parte de esa<\/p>\n<p>humanidad, para eso precisamos bajarnos de los p\u00falpitos y dejar de endiosarnos con nuestras miserias mundanas.<\/p>\n<p>Realmente, creo que el futuro de la sociedad radica en el avance interior de cada ser hacia los dem\u00e1s, en la medida en<\/p>\n<p>que les reconozca como parte de m\u00ed y respete su libertad.<\/p>\n<p>Como quiera que todos tenemos el derecho a un porvenir arm\u00f3nico, y dado que muchos pa\u00edses han<\/p>\n<p>anunciado su plan de reabrir las escuelas, si que convendr\u00eda estar a la altura de las circunstancias, refrendando la<\/p>\n<p>relaci\u00f3n entre la familia y la comunidad educativa. Desde luego, no hay mejor alianza que la disposici\u00f3n permanente,<\/p>\n<p>tanto en la escucha como en la comunicaci\u00f3n, pues el contexto atravesado por m\u00faltiples crisis, nos exige una<\/p>\n<p>cooperaci\u00f3n entre todos los moradores que suscite paz, justicia y acogida entre todos los pueblos de la faz de la tierra,<\/p>\n<p>como tambi\u00e9n de di\u00e1logo sincero entre culturas diversas. Seguramente, tengamos que entender de otro modo la<\/p>\n<p>econom\u00eda, la pol\u00edtica, el crecimiento y hasta los avances. Lo importante es poner en el centro del valor, el ser<\/p>\n<p>humano, sin exclusi\u00f3n alguna. Instamos a estar todos en esa b\u00fasqueda de soluciones, sin miedo a cultivar juntos el<\/p>\n<p>sue\u00f1o de un nuevo humanismo solidario y con la esperanza, de conseguir los frutos de ese compromiso personal y<\/p>\n<p>comunitario, a poco que nos entendamos entre s\u00ed, como personas maduras, capaces de superar las fragmentaciones.<\/p>\n<p>Sea como fuere, no podemos continuar en esa decadencia de principios y valores. Estamos aqu\u00ed para mejorarnos, por<\/p>\n<p>ejemplo: la escuela no sustituye a los padres, sino que los complementa. De igual modo, las religiones tampoco<\/p>\n<p>suplantan a nadie, pero s\u00ed que deben guiar a ese reencuentro de confianza consigo mismo y junto al semejante.<\/p>\n<p>En consecuencia, si para educar a un ni\u00f1o, como dice el sabio proverbio africano, se requiere de una aldea,<\/p>\n<p>para fomentar el esp\u00edritu de las alianzas tambi\u00e9n se demanda de una energ\u00eda que ponga a cada cual en su sitio, pero<\/p>\n<p>sin descartar a nadie. \u00bfSe imagina una alianza entre j\u00f3venes y ancianos, de manera que la sabidur\u00eda de los segundos<\/p>\n<p>ayude a los primeros a enfrentarse a un porvenir que genera ansiedad e inseguridad? \u00bfSe figura una alianza de amor<\/p>\n<p>aut\u00e9ntico, trabajada cada d\u00eda traspasando todo tipo de obst\u00e1culos, para hacer frente a esos amor\u00edos pasajeros que no<\/p>\n<p>entienden de eternidad ni nada les enternece? El abecedario de la confusi\u00f3n y la falsedad se ha apoderado de nuestro<\/p>\n<p>propio pulso. Ahora bien, si con la lecci\u00f3n de la pandemia hemos descubierto que todos somos fr\u00e1giles, iguales y<\/p>\n<p>valiosos; con tiempo para interrogarnos, tambi\u00e9n descubriremos que sin una visi\u00f3n de conjunto nadie tendr\u00e1 futuro y<\/p>\n<p>que, con la semilla de la verdad, crecer\u00e1n tambi\u00e9n las otras bondades y virtudes. Por consiguiente, si cambiamos de<\/p>\n<p>comportamiento, mostr\u00e1ndonos m\u00e1s servidores que jefes de nadie, y conseguimos asegurar de que existan los<\/p>\n<p>recursos, las pol\u00edticas y las infraestructuras necesarias para proteger la salud de todos, la docencia en todos y la<\/p>\n<p>decencia de dignificar al semejante, seguro que seremos capaces de propiciar una alianza para combatir las muchas<\/p>\n<p>penurias y desigualdades que algunos hermanos nuestros sufren en propia carne. Tal vez, un primer signo de amor,<\/p>\n<p>podr\u00eda ser que los templos religiosos dejasen de ser museos y se convirtieran en hogares permanentes, con sus puertas<\/p>\n<p>siempre abiertas, para recibir vidas humanas. Al fin y al cabo, el secreto de una buena vida no es otra cosa que un<\/p>\n<p>pacto honrado entre caminantes y caminos. No olvidemos que all\u00e1 donde hay reuniones, en conciliaci\u00f3n natural,<\/p>\n<p>siempre mana y emana la victoria de lo sublime.<\/p>\n<\/p>\n<p>V\u00edctor CORCOBA HERRERO \/ Escritor<\/p>\n<p>corcoba@telefonica.net<\/p>\n<p>30 de agosto de 2020<\/p>\n<h6> 2020-08-30 22:48:13 <\/h6>\n<p><!--\n<link rel=\"stylesheet\" href=\"css\/bootstrap.min.css\">\n\n\n<ul class=\"pagination\">\n\t    \n\t\n\n<li >\n\t<a href='?page_no=93'>Previous<\/a>\n\t<\/li>\n\n\n       \n    \n\n<li><a href='?page_no=1'>1<\/a><\/li>\n\n\n\n<li><a href='?page_no=2'>2<\/a><\/li>\n\n\n\n<li><a>...<\/a><\/li>\n\n\n\n<li><a href='?page_no=92'>92<\/a><\/li>\n\n\n\n<li><a href='?page_no=93'>93<\/a><\/li>\n\n\n\n<li class='active'><a>94<\/a><\/li>\n\n\n\n<li><a href='?page_no=95'>95<\/a><\/li>\n\n\n\n<li><a href='?page_no=96'>96<\/a><\/li>\n\n\n\n<li><a>...<\/a><\/li>\n\n\n\n<li><a href='?page_no=13611'>13611<\/a><\/li>\n\n\n\n<li><a href='?page_no=13612'>13612<\/a><\/li>\n\n    \n\t\n\n<li >\n\t<a href='?page_no=95'>Next<\/a>\n\t<\/li>\n\n\n    \n\n<li><a href='?page_no=13612'>Last &rsaquo;&rsaquo;<\/a><\/li>\n\n<\/ul>\n\n\n--><br \/>\n<\/body><\/p>\n","protected":false},"excerpt":{"rendered":"<p>Diariodominicano.com ALGO M\u00c1S QUE PALABRAS TIEMPO DE ALIANZAS, DESPOSE\u00cdDOS DE INTERESES \u00abEl desprendimiento apenas tiene hueco en esta sociedad mercantilista\u00bb ============================= V\u00edctor CORCOBA HERRERO\/ Escritor corcoba@telefonica.net ============================= No todo vale para este tiempo de alianzas, se requieren acuerdos desinteresados que tengan como misi\u00f3n responsable, la de preocuparse y ocuparse de toda vida humana, provenga de [&hellip;]<\/p>\n","protected":false},"author":3,"featured_media":0,"comment_status":"open","ping_status":"open","sticky":false,"template":"","format":"standard","meta":{"footnotes":""},"categories":[16],"tags":[],"class_list":["post-46825","post","type-post","status-publish","format-standard","hentry","category-opiniones"],"_links":{"self":[{"href":"https:\/\/diariodominicano.com\/index.php?rest_route=\/wp\/v2\/posts\/46825","targetHints":{"allow":["GET"]}}],"collection":[{"href":"https:\/\/diariodominicano.com\/index.php?rest_route=\/wp\/v2\/posts"}],"about":[{"href":"https:\/\/diariodominicano.com\/index.php?rest_route=\/wp\/v2\/types\/post"}],"author":[{"embeddable":true,"href":"https:\/\/diariodominicano.com\/index.php?rest_route=\/wp\/v2\/users\/3"}],"replies":[{"embeddable":true,"href":"https:\/\/diariodominicano.com\/index.php?rest_route=%2Fwp%2Fv2%2Fcomments&post=46825"}],"version-history":[{"count":0,"href":"https:\/\/diariodominicano.com\/index.php?rest_route=\/wp\/v2\/posts\/46825\/revisions"}],"wp:attachment":[{"href":"https:\/\/diariodominicano.com\/index.php?rest_route=%2Fwp%2Fv2%2Fmedia&parent=46825"}],"wp:term":[{"taxonomy":"category","embeddable":true,"href":"https:\/\/diariodominicano.com\/index.php?rest_route=%2Fwp%2Fv2%2Fcategories&post=46825"},{"taxonomy":"post_tag","embeddable":true,"href":"https:\/\/diariodominicano.com\/index.php?rest_route=%2Fwp%2Fv2%2Ftags&post=46825"}],"curies":[{"name":"wp","href":"https:\/\/api.w.org\/{rel}","templated":true}]}}