{"id":468176,"date":"2023-08-31T23:51:18","date_gmt":"2023-09-01T03:51:18","guid":{"rendered":"http:\/\/diariodominicano.com\/?p=468176"},"modified":"2023-08-31T23:51:34","modified_gmt":"2023-09-01T03:51:34","slug":"cluster-de-puerto-plata-saluda-nueva-ruta-comercial-aerea-entre-el-cibao-y-punta-cana","status":"publish","type":"post","link":"https:\/\/diariodominicano.com\/?p=468176","title":{"rendered":"Cl\u00faster de Puerto Plata saluda nueva ruta comercial a\u00e9rea entre el Cibao y Punta Cana"},"content":{"rendered":"\n<p><br><strong><br><\/strong>Como una excelente oportunidad para unir la Regi\u00f3n Norte con la Este, calific\u00f3 el Cl\u00faster de Puerto Plata, el anuncio de la nueva ruta comercial de la aerol\u00ednea de excursiones dominicanas Reef Jet, que iniciar\u00e1 a partir del 29 de septiembre de 2023.\u00a0<\/p>\n\n\n\n<figure class=\"wp-block-image size-full\"><img loading=\"lazy\" decoding=\"async\" width=\"640\" height=\"480\" src=\"https:\/\/diariodominicano.com\/wp-content\/uploads\/2023\/08\/image_6483441-4.jpg\" alt=\"\" class=\"wp-image-468179\" srcset=\"https:\/\/diariodominicano.com\/wp-content\/uploads\/2023\/08\/image_6483441-4.jpg 640w, https:\/\/diariodominicano.com\/wp-content\/uploads\/2023\/08\/image_6483441-4-300x225.jpg 300w\" sizes=\"auto, (max-width: 640px) 100vw, 640px\" \/><\/figure>\n\n\n\n<p><br>El Cl\u00faster, a trav\u00e9s de su presidente Birgitt Heinsen, expres\u00f3 su valoraci\u00f3n positiva a esta buena nueva con la que seg\u00fan los ejecutivos de la aerol\u00ednea, en tan solo 50 minutos se podr\u00e1 realizar el trayecto de Santiago hacia Punta Cana.\u00a0<\/p>\n\n\n\n<p><br>\u00a0\u201cEste es un paso importante que suma Reef Jet en las intenciones de ofrecer alternativas que permitan el mejor aprovechamiento de las propuestas multidestinos de nuestras regiones, ya que abre la posibilidad y facilita el desplazamiento a los visitantes de los destinos tur\u00edsticos de ambas regiones. <\/p>\n\n\n\n<p>Los extremos de nuestro pa\u00eds ahora estar\u00e1n mucho m\u00e1s cerca, abriendo un abanico de posibilidades para estrechar nuevas alianzas estrat\u00e9gicas\u201d, afirm\u00f3 Heinsen.<\/p>\n\n\n\n<p><br>Indic\u00f3 que adem\u00e1s de ser una opci\u00f3n eficiente desde el punto de vista tur\u00edstico, ya que se ver\u00edan beneficiadas atracciones y alojamientos de Santiago, Puerto Plata, La Vega, Espaillat, San Francisco de Macor\u00eds y Punta Cana, desde el punto de vista corporativo tambi\u00e9n es un \u201cplus\u201d, porque es una alternativa de traslado viable para ejecutivos de ambas zonas.<\/p>\n\n\n\n<p>Cl\u00faster Tur\u00edstico Destino Puerto Plata<a target=\"_blank\" href=\"mailto:info@discoverpuertoplata.com\" rel=\"noreferrer noopener\">info@discoverpuertoplata.com<\/a><\/p>\n","protected":false},"excerpt":{"rendered":"<p>Como una excelente oportunidad para unir la Regi\u00f3n Norte con la Este, calific\u00f3 el Cl\u00faster de Puerto Plata, el anuncio de la nueva ruta comercial de la aerol\u00ednea de excursiones dominicanas Reef Jet, que iniciar\u00e1 a partir del 29 de septiembre de 2023.\u00a0 El Cl\u00faster, a trav\u00e9s de su presidente Birgitt Heinsen, expres\u00f3 su valoraci\u00f3n [&hellip;]<\/p>\n","protected":false},"author":28,"featured_media":468177,"comment_status":"closed","ping_status":"","sticky":false,"template":"","format":"standard","meta":{"footnotes":""},"categories":[18,32],"tags":[],"class_list":["post-468176","post","type-post","status-publish","format-standard","has-post-thumbnail","hentry","category-economia","category-turismo"],"_links":{"self":[{"href":"https:\/\/diariodominicano.com\/index.php?rest_route=\/wp\/v2\/posts\/468176","targetHints":{"allow":["GET"]}}],"collection":[{"href":"https:\/\/diariodominicano.com\/index.php?rest_route=\/wp\/v2\/posts"}],"about":[{"href":"https:\/\/diariodominicano.com\/index.php?rest_route=\/wp\/v2\/types\/post"}],"author":[{"embeddable":true,"href":"https:\/\/diariodominicano.com\/index.php?rest_route=\/wp\/v2\/users\/28"}],"replies":[{"embeddable":true,"href":"https:\/\/diariodominicano.com\/index.php?rest_route=%2Fwp%2Fv2%2Fcomments&post=468176"}],"version-history":[{"count":2,"href":"https:\/\/diariodominicano.com\/index.php?rest_route=\/wp\/v2\/posts\/468176\/revisions"}],"predecessor-version":[{"id":468180,"href":"https:\/\/diariodominicano.com\/index.php?rest_route=\/wp\/v2\/posts\/468176\/revisions\/468180"}],"wp:featuredmedia":[{"embeddable":true,"href":"https:\/\/diariodominicano.com\/index.php?rest_route=\/wp\/v2\/media\/468177"}],"wp:attachment":[{"href":"https:\/\/diariodominicano.com\/index.php?rest_route=%2Fwp%2Fv2%2Fmedia&parent=468176"}],"wp:term":[{"taxonomy":"category","embeddable":true,"href":"https:\/\/diariodominicano.com\/index.php?rest_route=%2Fwp%2Fv2%2Fcategories&post=468176"},{"taxonomy":"post_tag","embeddable":true,"href":"https:\/\/diariodominicano.com\/index.php?rest_route=%2Fwp%2Fv2%2Ftags&post=468176"}],"curies":[{"name":"wp","href":"https:\/\/api.w.org\/{rel}","templated":true}]}}