{"id":468048,"date":"2023-08-31T18:29:26","date_gmt":"2023-08-31T22:29:26","guid":{"rendered":"http:\/\/diariodominicano.com\/?p=468048"},"modified":"2023-08-31T18:34:48","modified_gmt":"2023-08-31T22:34:48","slug":"noche-del-tabaco-y-ron-de-prodominicana-una-experiencia-de-aroma-sabor-y-textura-exportable","status":"publish","type":"post","link":"https:\/\/diariodominicano.com\/?p=468048","title":{"rendered":"Noche del Tabaco y Ron de ProDominicana: una experiencia de aroma, sabor y textura exportable"},"content":{"rendered":"\n<p>Juan Mustaf\u00e1, Biviana Riveiro y Guillermo Le\u00f3n<\/p>\n\n\n\n<p><strong><a href=\"https:\/\/we.tl\/t-3sDDmMVnWe\" target=\"_blank\" rel=\"noreferrer noopener\">VIDEO Noche de Tabaco y Ron<\/a><\/strong><\/p>\n\n\n\n<p>RD se posiciona como el principal exportador de cigarros del mundo y encabeza la lista de pa\u00edses en el env\u00edo de ron hacia Espa\u00f1a\u00a0<\/p>\n\n\n\n<figure class=\"wp-block-image size-large\"><img loading=\"lazy\" decoding=\"async\" width=\"1024\" height=\"683\" src=\"https:\/\/diariodominicano.com\/wp-content\/uploads\/2023\/08\/Ramu-abbagani-Pushpa-Abbagani-y-Aleman-Aristy-1024x683.jpg\" alt=\"\" class=\"wp-image-468051\" srcset=\"https:\/\/diariodominicano.com\/wp-content\/uploads\/2023\/08\/Ramu-abbagani-Pushpa-Abbagani-y-Aleman-Aristy-1024x683.jpg 1024w, https:\/\/diariodominicano.com\/wp-content\/uploads\/2023\/08\/Ramu-abbagani-Pushpa-Abbagani-y-Aleman-Aristy-300x200.jpg 300w, https:\/\/diariodominicano.com\/wp-content\/uploads\/2023\/08\/Ramu-abbagani-Pushpa-Abbagani-y-Aleman-Aristy-768x512.jpg 768w, https:\/\/diariodominicano.com\/wp-content\/uploads\/2023\/08\/Ramu-abbagani-Pushpa-Abbagani-y-Aleman-Aristy-1536x1024.jpg 1536w, https:\/\/diariodominicano.com\/wp-content\/uploads\/2023\/08\/Ramu-abbagani-Pushpa-Abbagani-y-Aleman-Aristy-2048x1365.jpg 2048w, https:\/\/diariodominicano.com\/wp-content\/uploads\/2023\/08\/Ramu-abbagani-Pushpa-Abbagani-y-Aleman-Aristy-816x544.jpg 816w\" sizes=\"auto, (max-width: 1024px) 100vw, 1024px\" \/><figcaption>Ramu abbagani, Pushpa Abbagani y Alem\u00e1n Aristy<\/figcaption><\/figure>\n\n\n\n<p>Santo Domingo, RD. Como parte de las actividades de promoci\u00f3n de la oferta exportable, el Centro de Exportaci\u00f3n e Inversi\u00f3n de la Rep\u00fablica Dominicana (ProDominicana) celebr\u00f3 el encuentro \u201cNoche de Tabaco y Ron\u201d como parte de la \u201cExhibici\u00f3n trimestral dedicada a Zona Franca, Log\u00edstica &amp; Producci\u00f3n\u201d.\u00a0 La actividad, realizada en los Jardines de ProDominicana, sirvi\u00f3 como escenario perfecto para que los visitantes disfrutaran m\u00faltiples experiencias de aroma, sabor y textura de la oferta exportable dominicana.<\/p>\n\n\n\n<p>En ese sentido, la directora ejecutiva de ProDominicana, Biviana Riveiro Disla, expres\u00f3 que a trav\u00e9s de esta actividad la instituci\u00f3n contin\u00faa en su accionar de promover los productos exportables del pa\u00eds. \u201cAbrimos las puertas de nuestra instituci\u00f3n con una muestra a fin de ofrecer los excelentes productos de mi pa\u00eds, con el objetivo de que ustedes conozcan parte de lo que podemos ofrecer en los mercados internacionales a trav\u00e9s de nuestros diferentes sectores\u201d, manifest\u00f3.&nbsp;<\/p>\n\n\n\n<p>Cabe destacar que, las exportaciones dominicanas de Tabaco y suced\u00e1neos alcanzaron los US$1,226.8 millones para el 2022 para un acumulado total de US$697.7 millones para enero- julio 2023. Asimismo, los principales destinos de las exportaciones dominicanas de tabaco en el 2022 fueron: Estados Unidos con 75.31%, Alemania 4.41%, China 3.82% y Puerto Rico 3.51%.<\/p>\n\n\n\n<figure class=\"wp-block-image size-large\"><img loading=\"lazy\" decoding=\"async\" width=\"1024\" height=\"683\" src=\"https:\/\/diariodominicano.com\/wp-content\/uploads\/2023\/08\/Karina-Diaz-Soraya-Castillo-Nereyda-Acosta-1-1024x683.jpg\" alt=\"\" class=\"wp-image-468055\" srcset=\"https:\/\/diariodominicano.com\/wp-content\/uploads\/2023\/08\/Karina-Diaz-Soraya-Castillo-Nereyda-Acosta-1-1024x683.jpg 1024w, https:\/\/diariodominicano.com\/wp-content\/uploads\/2023\/08\/Karina-Diaz-Soraya-Castillo-Nereyda-Acosta-1-300x200.jpg 300w, https:\/\/diariodominicano.com\/wp-content\/uploads\/2023\/08\/Karina-Diaz-Soraya-Castillo-Nereyda-Acosta-1-768x512.jpg 768w, https:\/\/diariodominicano.com\/wp-content\/uploads\/2023\/08\/Karina-Diaz-Soraya-Castillo-Nereyda-Acosta-1-1536x1024.jpg 1536w, https:\/\/diariodominicano.com\/wp-content\/uploads\/2023\/08\/Karina-Diaz-Soraya-Castillo-Nereyda-Acosta-1-2048x1365.jpg 2048w, https:\/\/diariodominicano.com\/wp-content\/uploads\/2023\/08\/Karina-Diaz-Soraya-Castillo-Nereyda-Acosta-1-816x544.jpg 816w\" sizes=\"auto, (max-width: 1024px) 100vw, 1024px\" \/><figcaption>Karina D\u00edaz, Soraya Castillo, Nereyda Acosta<\/figcaption><\/figure>\n\n\n\n<p>En cuanto a las exportaciones de Ron, estas alcanzaron los US$138 millones para el 2022 y en el per\u00edodo enero-julio 2023 acumulan cifras de US$84 millones. Los principales destinos de las exportaciones dominicanas de Ron fueron Espa\u00f1a con el 43.09%, Estados Unidos con el 15.74%, Letonia 8.52%, Pa\u00edses Bajos 4.21% Italia 3.62% y Alemania 2.93%.<\/p>\n\n\n\n<p>El evento cont\u00f3 con la colaboraci\u00f3n especial de: Cigarros La Aurora, Ron E. Le\u00f3n Jimenes Caf\u00e9 Kora, Cerveza Innis &amp; Gunn, Banco de Desarrollo y Exportaciones (BANDEX), Inicia y Fers\u00e1n. Adem\u00e1s, se desarrollaron actividades de exhibici\u00f3n con un tabacalero enrollando puros para el disfrute de los visitantes.<\/p>\n\n\n\n<figure class=\"wp-block-image size-large\"><img loading=\"lazy\" decoding=\"async\" width=\"1024\" height=\"683\" src=\"https:\/\/diariodominicano.com\/wp-content\/uploads\/2023\/08\/Rosendo-Tourinan-Josefina-Pichardo-y-Vladimirn-Pimentel-0-1024x683.jpg\" alt=\"\" class=\"wp-image-468057\" srcset=\"https:\/\/diariodominicano.com\/wp-content\/uploads\/2023\/08\/Rosendo-Tourinan-Josefina-Pichardo-y-Vladimirn-Pimentel-0-1024x683.jpg 1024w, https:\/\/diariodominicano.com\/wp-content\/uploads\/2023\/08\/Rosendo-Tourinan-Josefina-Pichardo-y-Vladimirn-Pimentel-0-300x200.jpg 300w, https:\/\/diariodominicano.com\/wp-content\/uploads\/2023\/08\/Rosendo-Tourinan-Josefina-Pichardo-y-Vladimirn-Pimentel-0-768x512.jpg 768w, https:\/\/diariodominicano.com\/wp-content\/uploads\/2023\/08\/Rosendo-Tourinan-Josefina-Pichardo-y-Vladimirn-Pimentel-0-1536x1024.jpg 1536w, https:\/\/diariodominicano.com\/wp-content\/uploads\/2023\/08\/Rosendo-Tourinan-Josefina-Pichardo-y-Vladimirn-Pimentel-0-2048x1365.jpg 2048w, https:\/\/diariodominicano.com\/wp-content\/uploads\/2023\/08\/Rosendo-Tourinan-Josefina-Pichardo-y-Vladimirn-Pimentel-0-816x544.jpg 816w\" sizes=\"auto, (max-width: 1024px) 100vw, 1024px\" \/><figcaption>Rosendo Touri\u00f1an, Josefina Pichardo y Vladimirn Pimentel <\/figcaption><\/figure>\n\n\n\n<p>La noche de Tabaco y Ron reuni\u00f3 personalidades importantes del sector tales como: Guillermo Le\u00f3n, presidente de La Aurora, Iturbides Zaldivar, director de marketing y ventas, Juan Mustaf\u00e1, Gerente General de BANDEX, entre otras personalidades relacionadas a esta importante industria.<\/p>\n\n\n\n<p>La exhibici\u00f3n de la oferta exportable cont\u00f3 con la participaci\u00f3n de distintas empresas entre ellas de Tabaco y Ron, Zonas Francas, Log\u00edstica&nbsp; y Producci\u00f3n como: Sylvan Place Enterprises Corporation, Tabacalera Estrella, La Aurora S.A, Oliver &amp; Oliver International, Tabacalera La Realeza, Consorcio C\u00edtricos Dominicanos, Caf\u00e9 Kora, Tabacalera Torres Garc\u00eda,&nbsp; J&amp;J Spirits S.R.L, DP World Dominicana, HIT Puerto Haina, United Brands, Industrias Banilejas (Induban), Cort\u00e9s Hermanos &amp; CO, J. Armando Berm\u00fadez, Chinola LLC, Mversal Packing, Vin\u00edcola del Norte, Roing Agro-Cacao y H&amp;A Estrella.<\/p>\n\n\n\n<p>La informaci\u00f3n contenida en este mensaje y\/o en los archivos adjuntos es confidencial y est\u00e1 dirigida al uso exclusivo del emisor y\/o de la persona o entidad a quien va dirigida. Si usted no es el destinatario, cualquier almacenamiento, divulgaci\u00f3n, distribuci\u00f3n o copia de esta informaci\u00f3n est\u00e1 estrictamente prohibida y sancionada por la ley. Si usted recibe este mensaje y\/o archivos adjuntos por error, por favor notifique inmediatamente al remitente y borre de su sistema el mensaje y todos los archivos adjuntos. Gracias.<\/p>\n\n\n\n<p>\u2003<\/p>\n\n\n\n<p>Maireni P\u00e9rez<a target=\"_blank\" href=\"mailto:maireniperez@prodominicana.gob.do\" rel=\"noreferrer noopener\">maireniperez@prodominicana.gob.do<\/a><\/p>\n","protected":false},"excerpt":{"rendered":"<p>Juan Mustaf\u00e1, Biviana Riveiro y Guillermo Le\u00f3n VIDEO Noche de Tabaco y Ron RD se posiciona como el principal exportador de cigarros del mundo y encabeza la lista de pa\u00edses en el env\u00edo de ron hacia Espa\u00f1a\u00a0 Santo Domingo, RD. Como parte de las actividades de promoci\u00f3n de la oferta exportable, el Centro de Exportaci\u00f3n [&hellip;]<\/p>\n","protected":false},"author":28,"featured_media":468049,"comment_status":"closed","ping_status":"","sticky":true,"template":"","format":"standard","meta":{"footnotes":""},"categories":[36,18,27,32],"tags":[],"class_list":["post-468048","post","type-post","status-publish","format-standard","has-post-thumbnail","hentry","category-hombresmujeresycosas","category-economia","category-portada","category-turismo"],"_links":{"self":[{"href":"https:\/\/diariodominicano.com\/index.php?rest_route=\/wp\/v2\/posts\/468048","targetHints":{"allow":["GET"]}}],"collection":[{"href":"https:\/\/diariodominicano.com\/index.php?rest_route=\/wp\/v2\/posts"}],"about":[{"href":"https:\/\/diariodominicano.com\/index.php?rest_route=\/wp\/v2\/types\/post"}],"author":[{"embeddable":true,"href":"https:\/\/diariodominicano.com\/index.php?rest_route=\/wp\/v2\/users\/28"}],"replies":[{"embeddable":true,"href":"https:\/\/diariodominicano.com\/index.php?rest_route=%2Fwp%2Fv2%2Fcomments&post=468048"}],"version-history":[{"count":6,"href":"https:\/\/diariodominicano.com\/index.php?rest_route=\/wp\/v2\/posts\/468048\/revisions"}],"predecessor-version":[{"id":468059,"href":"https:\/\/diariodominicano.com\/index.php?rest_route=\/wp\/v2\/posts\/468048\/revisions\/468059"}],"wp:featuredmedia":[{"embeddable":true,"href":"https:\/\/diariodominicano.com\/index.php?rest_route=\/wp\/v2\/media\/468049"}],"wp:attachment":[{"href":"https:\/\/diariodominicano.com\/index.php?rest_route=%2Fwp%2Fv2%2Fmedia&parent=468048"}],"wp:term":[{"taxonomy":"category","embeddable":true,"href":"https:\/\/diariodominicano.com\/index.php?rest_route=%2Fwp%2Fv2%2Fcategories&post=468048"},{"taxonomy":"post_tag","embeddable":true,"href":"https:\/\/diariodominicano.com\/index.php?rest_route=%2Fwp%2Fv2%2Ftags&post=468048"}],"curies":[{"name":"wp","href":"https:\/\/api.w.org\/{rel}","templated":true}]}}