{"id":467765,"date":"2023-08-30T17:03:22","date_gmt":"2023-08-30T21:03:22","guid":{"rendered":"http:\/\/diariodominicano.com\/?p=467765"},"modified":"2023-08-30T17:04:13","modified_gmt":"2023-08-30T21:04:13","slug":"federacion-de-sambo-anuncia-el-panam-y-mundial-de-playa","status":"publish","type":"post","link":"https:\/\/diariodominicano.com\/?p=467765","title":{"rendered":"Federaci\u00f3n de Sambo anuncia\u00a0 el Panam y Mundial de Playa"},"content":{"rendered":"\n<p> Denny Garc\u00eda, Franklin de la Mota, Eliseo Romero, Leopoldo Portes y Neftal\u00ed Ventura, durante la rueda de prensa de la Federaci\u00f3n de Sambo.<\/p>\n\n\n\n<figure class=\"wp-block-image size-large\"><img loading=\"lazy\" decoding=\"async\" width=\"1024\" height=\"682\" src=\"https:\/\/diariodominicano.com\/wp-content\/uploads\/2023\/08\/d66c663f-0cb9-4528-ae9a-80defa78bd54-1-1024x682.jpg\" alt=\"\" class=\"wp-image-467769\" srcset=\"https:\/\/diariodominicano.com\/wp-content\/uploads\/2023\/08\/d66c663f-0cb9-4528-ae9a-80defa78bd54-1-1024x682.jpg 1024w, https:\/\/diariodominicano.com\/wp-content\/uploads\/2023\/08\/d66c663f-0cb9-4528-ae9a-80defa78bd54-1-300x200.jpg 300w, https:\/\/diariodominicano.com\/wp-content\/uploads\/2023\/08\/d66c663f-0cb9-4528-ae9a-80defa78bd54-1-768x512.jpg 768w, https:\/\/diariodominicano.com\/wp-content\/uploads\/2023\/08\/d66c663f-0cb9-4528-ae9a-80defa78bd54-1-1536x1023.jpg 1536w, https:\/\/diariodominicano.com\/wp-content\/uploads\/2023\/08\/d66c663f-0cb9-4528-ae9a-80defa78bd54-1-816x544.jpg 816w, https:\/\/diariodominicano.com\/wp-content\/uploads\/2023\/08\/d66c663f-0cb9-4528-ae9a-80defa78bd54-1.jpg 1600w\" sizes=\"auto, (max-width: 1024px) 100vw, 1024px\" \/><figcaption>  El viceministro Franklin de la Mota en el encuentro con la prensa de la Federaci\u00f3n de Sambo, junto a su presidente Eliseo Romero, el tambi\u00e9n viceministro Leopoldo Portesy el director t\u00e9cnico Neftal\u00ed Santana.  <\/figcaption><\/figure>\n\n\n\n<p>ideo: &nbsp;<a href=\"https:\/\/youtu.be\/AeDlWbfKj5w?si=L8hNrGQikJ70lohU\" target=\"_blank\" rel=\"noreferrer noopener\">https:\/\/youtu.be\/AeDlWbfKj5w?si=L8hNrGQikJ70lohU<\/a><\/p>\n\n\n\n<p><\/p>\n\n\n\n<p><strong>SANTO DOMINGO<\/strong>. La Federaci\u00f3n Dominicana de Sambo anunci\u00f3 este mi\u00e9rcoles la celebraci\u00f3n de dos eventos internacionales con la participaci\u00f3n de algo m\u00e1s de 250 atletas de 37 pa\u00edses.<\/p>\n\n\n\n<p>La informaci\u00f3n la dio a conocer Eliseo Romero, presidente de la Federaci\u00f3n de Sambo, en compa\u00f1\u00eda de los viceministros de Deportes Franklyn de la Mota y Leopoldo Portes, as\u00ed como Neftal\u00ed Ventura, director t\u00e9cnico del Ministerio de Deportes, y Denny Garc\u00eda, director general de los campeonatos.<\/p>\n\n\n\n<p>Romero inform\u00f3 que, una vez m\u00e1s, el pa\u00eds montar\u00e1 el Campeonato Panamericano de Sambo Santo Domingo 2023 y el Mundial de Playa de esa disciplina.<\/p>\n\n\n\n<p>Explic\u00f3 que el Panamericano tendr\u00e1 lugar los d\u00edas 6 y 7 de septiembre, desde las 11:00 de la ma\u00f1ana en el pabell\u00f3n de balonmano del Parque del Este, cuya inauguraci\u00f3n ser\u00e1 el mi\u00e9rcoles 6 a las 3:00 de la tarde.<\/p>\n\n\n\n<figure class=\"wp-block-image size-large\"><img loading=\"lazy\" decoding=\"async\" width=\"1024\" height=\"683\" src=\"https:\/\/diariodominicano.com\/wp-content\/uploads\/2023\/08\/ea732a75-2270-4cdd-a332-8dcb5ecc4685-1024x683.jpg\" alt=\"\" class=\"wp-image-467771\" srcset=\"https:\/\/diariodominicano.com\/wp-content\/uploads\/2023\/08\/ea732a75-2270-4cdd-a332-8dcb5ecc4685-1024x683.jpg 1024w, https:\/\/diariodominicano.com\/wp-content\/uploads\/2023\/08\/ea732a75-2270-4cdd-a332-8dcb5ecc4685-300x200.jpg 300w, https:\/\/diariodominicano.com\/wp-content\/uploads\/2023\/08\/ea732a75-2270-4cdd-a332-8dcb5ecc4685-768x512.jpg 768w, https:\/\/diariodominicano.com\/wp-content\/uploads\/2023\/08\/ea732a75-2270-4cdd-a332-8dcb5ecc4685-1536x1024.jpg 1536w, https:\/\/diariodominicano.com\/wp-content\/uploads\/2023\/08\/ea732a75-2270-4cdd-a332-8dcb5ecc4685-816x544.jpg 816w, https:\/\/diariodominicano.com\/wp-content\/uploads\/2023\/08\/ea732a75-2270-4cdd-a332-8dcb5ecc4685.jpg 1599w\" sizes=\"auto, (max-width: 1024px) 100vw, 1024px\" \/><figcaption> -Eliseo Romero, presidente de la Federaci\u00f3n Dominicana de Sambo, al ofrecer detalles de los eventos. Figuran Denny Garc\u00eda y los viceministros de Deportes Franklin de la Mota y Leopoldo Portes. <\/figcaption><\/figure>\n\n\n\n<p>El Mundial de Playa, que tendr\u00e1 como escenario el hotel Coral Costa Caribe, en Juan Dolio, se realizar\u00e1 el s\u00e1bado 9 y el domingo 10 del pr\u00f3ximo mes.<\/p>\n\n\n\n<p>\u201cPor primera vez el pa\u00eds ser\u00e1 sede de dos eventos trascendentales, oficiales del calendario de la Federaci\u00f3n Internacional de Sambo\u201d, dijo Romero.<\/p>\n\n\n\n<p>En el encuentro, el viceministro Franklin de la Mota garantiz\u00f3 un sostenido trabajo en equipo para garantizar el \u00e9xito de los citados eventos internacionales.<\/p>\n\n\n\n<p>\u201cYa arrancamos todos como un equipo, como lo ha querido el ministro de Deportes Francisco Camacho\u201d, asegur\u00f3 De la Mota.<\/p>\n\n\n\n<p>El calendario de actividades del certamen internacional arranca con la celebraci\u00f3n de dos seminarios, del 2 al 5, en los que ser\u00e1n certificados \u00e1rbitros de sambo de los diferentes pa\u00edses.<\/p>\n\n\n\n<p>La Federaci\u00f3n Dominicana de Sambo, que cuenta con 10 asociaciones afiliadas, organiza por tercera ocasi\u00f3n un evento de esa disciplina en el pa\u00eds. La primera se llev\u00f3 a cabo el 28 de junio de 2019, en el Parque del Este, y otro Panamericano en el 2020.<\/p>\n\n\n\n<p>En el Panamericano ver\u00e1n acci\u00f3n atletas de 27 pa\u00edses, mientras que en el Mundial de Playa tomar\u00e1n parte 37 deportistas, incluidos los del Panamericano.<\/p>\n\n\n\n<p>PIES DE FOTOS<\/p>\n\n\n\n<p>1-Denny Garc\u00eda, Franklin de la Mota, Eliseo Romero, Leopoldo Portes y Neftal\u00ed Ventura, durante la rueda de prensa de la Federaci\u00f3n de Sambo.<\/p>\n\n\n\n<p>2-El viceministro Franklin de la Mota en el encuentro con la prensa de la Federaci\u00f3n de Sambo, junto a su presidente Eliseo Romero, el tambi\u00e9n viceministro Leopoldo Portesy el director t\u00e9cnico Neftal\u00ed Santana.<\/p>\n\n\n\n<p>3-Eliseo Romero, presidente de la Federaci\u00f3n Dominicana de Sambo, al ofrecer detalles de los eventos. Figuran Denny Garc\u00eda y los viceministros de Deportes Franklin de la Mota y Leopoldo Portes.<\/p>\n\n\n\n<p>4-Franklkin de la Mota, viceministro de Deportes, anunci\u00f3 el apoyo a los eventos de sambo. Figuran Denny Garc\u00eda, director general, y Eliseo Romero, presidente de la Federaci\u00f3n Dominicana de Sambo.<\/p>\n","protected":false},"excerpt":{"rendered":"<p>Denny Garc\u00eda, Franklin de la Mota, Eliseo Romero, Leopoldo Portes y Neftal\u00ed Ventura, durante la rueda de prensa de la Federaci\u00f3n de Sambo. ideo: &nbsp;https:\/\/youtu.be\/AeDlWbfKj5w?si=L8hNrGQikJ70lohU SANTO DOMINGO. La Federaci\u00f3n Dominicana de Sambo anunci\u00f3 este mi\u00e9rcoles la celebraci\u00f3n de dos eventos internacionales con la participaci\u00f3n de algo m\u00e1s de 250 atletas de 37 pa\u00edses. La informaci\u00f3n [&hellip;]<\/p>\n","protected":false},"author":28,"featured_media":467768,"comment_status":"closed","ping_status":"","sticky":false,"template":"","format":"standard","meta":{"footnotes":""},"categories":[36,17,32],"tags":[],"class_list":["post-467765","post","type-post","status-publish","format-standard","has-post-thumbnail","hentry","category-hombresmujeresycosas","category-deportes","category-turismo"],"_links":{"self":[{"href":"https:\/\/diariodominicano.com\/index.php?rest_route=\/wp\/v2\/posts\/467765","targetHints":{"allow":["GET"]}}],"collection":[{"href":"https:\/\/diariodominicano.com\/index.php?rest_route=\/wp\/v2\/posts"}],"about":[{"href":"https:\/\/diariodominicano.com\/index.php?rest_route=\/wp\/v2\/types\/post"}],"author":[{"embeddable":true,"href":"https:\/\/diariodominicano.com\/index.php?rest_route=\/wp\/v2\/users\/28"}],"replies":[{"embeddable":true,"href":"https:\/\/diariodominicano.com\/index.php?rest_route=%2Fwp%2Fv2%2Fcomments&post=467765"}],"version-history":[{"count":3,"href":"https:\/\/diariodominicano.com\/index.php?rest_route=\/wp\/v2\/posts\/467765\/revisions"}],"predecessor-version":[{"id":467773,"href":"https:\/\/diariodominicano.com\/index.php?rest_route=\/wp\/v2\/posts\/467765\/revisions\/467773"}],"wp:featuredmedia":[{"embeddable":true,"href":"https:\/\/diariodominicano.com\/index.php?rest_route=\/wp\/v2\/media\/467768"}],"wp:attachment":[{"href":"https:\/\/diariodominicano.com\/index.php?rest_route=%2Fwp%2Fv2%2Fmedia&parent=467765"}],"wp:term":[{"taxonomy":"category","embeddable":true,"href":"https:\/\/diariodominicano.com\/index.php?rest_route=%2Fwp%2Fv2%2Fcategories&post=467765"},{"taxonomy":"post_tag","embeddable":true,"href":"https:\/\/diariodominicano.com\/index.php?rest_route=%2Fwp%2Fv2%2Ftags&post=467765"}],"curies":[{"name":"wp","href":"https:\/\/api.w.org\/{rel}","templated":true}]}}