{"id":467750,"date":"2023-08-30T16:42:20","date_gmt":"2023-08-30T20:42:20","guid":{"rendered":"http:\/\/diariodominicano.com\/?p=467750"},"modified":"2023-08-30T16:50:10","modified_gmt":"2023-08-30T20:50:10","slug":"witzke-fernandez-gonzalez-y-nunez-ganan-oro-en-panam-master-ciclismo-de-pista","status":"publish","type":"post","link":"https:\/\/diariodominicano.com\/?p=467750","title":{"rendered":"Witzke, Fern\u00e1ndez, Gonz\u00e1lez y N\u00fa\u00f1ez ganan oro en Panam M\u00e1ster Ciclismo de Pista"},"content":{"rendered":"\n<p> <strong>Juana Fern\u00e1ndez Veras (50-54 a\u00f1os) contin\u00faa cosechando triunfos en el deporte que le apasiona: el ciclismo. La veterana corredora se impuso en la prueba por puntos de los Campeonatos Panamericano de Ciclismo M\u00e1ster Santo Domingo 2023. (Foto: Manolito Jim\u00e9nez).<\/strong> <\/p>\n\n\n\n<figure class=\"wp-block-image size-large\"><img loading=\"lazy\" decoding=\"async\" width=\"1024\" height=\"923\" src=\"https:\/\/diariodominicano.com\/wp-content\/uploads\/2023\/08\/PIE-DE-FOTO-ANA-GONZALEZ-1024x923.jpg\" alt=\"\" class=\"wp-image-467754\" srcset=\"https:\/\/diariodominicano.com\/wp-content\/uploads\/2023\/08\/PIE-DE-FOTO-ANA-GONZALEZ-1024x923.jpg 1024w, https:\/\/diariodominicano.com\/wp-content\/uploads\/2023\/08\/PIE-DE-FOTO-ANA-GONZALEZ-300x270.jpg 300w, https:\/\/diariodominicano.com\/wp-content\/uploads\/2023\/08\/PIE-DE-FOTO-ANA-GONZALEZ-768x692.jpg 768w, https:\/\/diariodominicano.com\/wp-content\/uploads\/2023\/08\/PIE-DE-FOTO-ANA-GONZALEZ-816x736.jpg 816w, https:\/\/diariodominicano.com\/wp-content\/uploads\/2023\/08\/PIE-DE-FOTO-ANA-GONZALEZ.jpg 1198w\" sizes=\"auto, (max-width: 1024px) 100vw, 1024px\" \/><figcaption><strong>La dominicana Ana Gonz\u00e1les (35-39 a\u00f1os) obtuvo la medalla de oro en la prueba por puntos del Campeonatos Panamericanos de Ciclismo M\u00e1ster Santo Domingo 2023. (Foto: Manolito Jim\u00e9nez).<\/strong><\/figcaption><\/figure>\n\n\n\n<figure class=\"wp-block-image size-large\"><img loading=\"lazy\" decoding=\"async\" width=\"819\" height=\"1024\" src=\"https:\/\/diariodominicano.com\/wp-content\/uploads\/2023\/08\/PIE-DE-FOTO-ANA-GONZALEZ-amplio-819x1024.jpg\" alt=\"\" class=\"wp-image-467755\" srcset=\"https:\/\/diariodominicano.com\/wp-content\/uploads\/2023\/08\/PIE-DE-FOTO-ANA-GONZALEZ-amplio-819x1024.jpg 819w, https:\/\/diariodominicano.com\/wp-content\/uploads\/2023\/08\/PIE-DE-FOTO-ANA-GONZALEZ-amplio-240x300.jpg 240w, https:\/\/diariodominicano.com\/wp-content\/uploads\/2023\/08\/PIE-DE-FOTO-ANA-GONZALEZ-amplio-768x960.jpg 768w, https:\/\/diariodominicano.com\/wp-content\/uploads\/2023\/08\/PIE-DE-FOTO-ANA-GONZALEZ-amplio-816x1020.jpg 816w, https:\/\/diariodominicano.com\/wp-content\/uploads\/2023\/08\/PIE-DE-FOTO-ANA-GONZALEZ-amplio.jpg 1080w\" sizes=\"auto, (max-width: 819px) 100vw, 819px\" \/><\/figure>\n\n\n\n<p>SANTO DOMINGO, Distrito Nacional, Rep\u00fablica Dominicana.- La puertorrique\u00f1a Cristina Witzke y los dominicanos Juana Fern\u00e1ndez, Ana Gonz\u00e1lez y Eladio N\u00fa\u00f1ez Deschamps obtuvieron este martes las medallas de oro en la fase de pista de los Campeonatos Panamericanos de Ciclismo M\u00e1ster Santo Domingo 2023 que se realizan en el vel\u00f3dromo del Centro Ol\u00edmpico Juan Pablo Duarte.<\/p>\n\n\n\n<p>Witzke se adjudic\u00f3 la presea dorada en la prueba por puntos categor\u00eda 54-59 a\u00f1os, mientras que Fern\u00e1ndez y Gonz\u00e1lez hicieron lo propio en las divisiones 50-54 y 35-39, respectivamente.Witzke tambi\u00e9n obtuvo oro en la persecuci\u00f3n individual. La tambi\u00e9n boricua Iliana Batista conquist\u00f3 el primer lugar en la prueba por puntos.<br><strong>Eladio N\u00fa\u00f1ez vence en la velocidad<\/strong><\/p>\n\n\n\n<p>Mientras que el dominicano Eladio N\u00fa\u00f1ez Deschamps venci\u00f3 en los 200 metros velocidad corredores de 70 a\u00f1os) al portorrique\u00f1o Jos\u00e9 Espinosa Mercado y al chileno Jos\u00e9 Willer Jim\u00e9nez, plata y bronce, respectivamente.<\/p>\n\n\n\n<figure class=\"wp-block-image size-full\"><img loading=\"lazy\" decoding=\"async\" width=\"690\" height=\"613\" src=\"https:\/\/diariodominicano.com\/wp-content\/uploads\/2023\/08\/ELADIO-NUNEZ-DESCHAMPS-EN-PODIO.jpg\" alt=\"\" class=\"wp-image-467757\" srcset=\"https:\/\/diariodominicano.com\/wp-content\/uploads\/2023\/08\/ELADIO-NUNEZ-DESCHAMPS-EN-PODIO.jpg 690w, https:\/\/diariodominicano.com\/wp-content\/uploads\/2023\/08\/ELADIO-NUNEZ-DESCHAMPS-EN-PODIO-300x267.jpg 300w\" sizes=\"auto, (max-width: 690px) 100vw, 690px\" \/><figcaption>Eladio N\u00fa\u00f1ez Deschamps en podio.<\/figcaption><\/figure>\n\n\n\n<p>N\u00fa\u00f1ez Deschamps recorri\u00f3 los 200 metros en 14 segundos con 86 cent\u00e9simas para llevarse la presea dorada.<\/p>\n\n\n\n<p>En tanto, el boricua Espinosa Mercado detuvo los cron\u00f3metros en 15.37 y el sudamericano Willer Jim\u00e9nez en 17.27 segundos.<\/p>\n\n\n\n<p>El puertorique\u00f1o Felipe Serrano Bonilla fue el ganador de la persecuci\u00f3n individual 35-39, superando al dominicano Jorge Luis P\u00e9rez Veras.<\/p>\n\n\n\n<p>Serrano Bonilla marc\u00f3 tiempo de 4:27.70 minutos y P\u00e9rez Veras hizo 4:45.16 para quedarse con la plata.<\/p>\n\n\n\n<p>Los Campeonatos Panamericanos de Ciclismo M\u00e1ster Pista y Ruta contin\u00faan durante toda la semana y concluir\u00e1n el domingo (8:00 A.M.) con un circuito en el Parque Mirador Sur.<\/p>\n\n\n\n<p>Ramonmart\u00edn Olivo<a target=\"_blank\" href=\"mailto:ramonmartinolivo@yahoo.es\" rel=\"noreferrer noopener\">ramonmartinolivo@yahoo.es<\/a><\/p>\n","protected":false},"excerpt":{"rendered":"<p>Juana Fern\u00e1ndez Veras (50-54 a\u00f1os) contin\u00faa cosechando triunfos en el deporte que le apasiona: el ciclismo. La veterana corredora se impuso en la prueba por puntos de los Campeonatos Panamericano de Ciclismo M\u00e1ster Santo Domingo 2023. (Foto: Manolito Jim\u00e9nez). SANTO DOMINGO, Distrito Nacional, Rep\u00fablica Dominicana.- La puertorrique\u00f1a Cristina Witzke y los dominicanos Juana Fern\u00e1ndez, Ana [&hellip;]<\/p>\n","protected":false},"author":28,"featured_media":467751,"comment_status":"closed","ping_status":"","sticky":true,"template":"","format":"standard","meta":{"footnotes":""},"categories":[17,27,32],"tags":[],"class_list":["post-467750","post","type-post","status-publish","format-standard","has-post-thumbnail","hentry","category-deportes","category-portada","category-turismo"],"_links":{"self":[{"href":"https:\/\/diariodominicano.com\/index.php?rest_route=\/wp\/v2\/posts\/467750","targetHints":{"allow":["GET"]}}],"collection":[{"href":"https:\/\/diariodominicano.com\/index.php?rest_route=\/wp\/v2\/posts"}],"about":[{"href":"https:\/\/diariodominicano.com\/index.php?rest_route=\/wp\/v2\/types\/post"}],"author":[{"embeddable":true,"href":"https:\/\/diariodominicano.com\/index.php?rest_route=\/wp\/v2\/users\/28"}],"replies":[{"embeddable":true,"href":"https:\/\/diariodominicano.com\/index.php?rest_route=%2Fwp%2Fv2%2Fcomments&post=467750"}],"version-history":[{"count":3,"href":"https:\/\/diariodominicano.com\/index.php?rest_route=\/wp\/v2\/posts\/467750\/revisions"}],"predecessor-version":[{"id":467758,"href":"https:\/\/diariodominicano.com\/index.php?rest_route=\/wp\/v2\/posts\/467750\/revisions\/467758"}],"wp:featuredmedia":[{"embeddable":true,"href":"https:\/\/diariodominicano.com\/index.php?rest_route=\/wp\/v2\/media\/467751"}],"wp:attachment":[{"href":"https:\/\/diariodominicano.com\/index.php?rest_route=%2Fwp%2Fv2%2Fmedia&parent=467750"}],"wp:term":[{"taxonomy":"category","embeddable":true,"href":"https:\/\/diariodominicano.com\/index.php?rest_route=%2Fwp%2Fv2%2Fcategories&post=467750"},{"taxonomy":"post_tag","embeddable":true,"href":"https:\/\/diariodominicano.com\/index.php?rest_route=%2Fwp%2Fv2%2Ftags&post=467750"}],"curies":[{"name":"wp","href":"https:\/\/api.w.org\/{rel}","templated":true}]}}