{"id":467587,"date":"2023-08-30T01:10:51","date_gmt":"2023-08-30T05:10:51","guid":{"rendered":"http:\/\/diariodominicano.com\/?p=467587"},"modified":"2023-08-30T01:17:27","modified_gmt":"2023-08-30T05:17:27","slug":"caminantes-superan-a-calero-y-avanzan-a-final-torneo-basket-provincia-de-santo-domingo","status":"publish","type":"post","link":"https:\/\/diariodominicano.com\/?p=467587","title":{"rendered":"Caminantes superan a Calero y avanzan a final torneo basket Provincia de Santo Domingo"},"content":{"rendered":"\n<p> El\u00edas Solim\u00e1n, de los Caminantes de Los Alcarrizos, driblea el bal\u00f3n ante la defensa de Jeremi Echavarr\u00eda, de Calero. <\/p>\n\n\n\n<figure class=\"wp-block-image size-large\"><img loading=\"lazy\" decoding=\"async\" width=\"1024\" height=\"682\" src=\"https:\/\/diariodominicano.com\/wp-content\/uploads\/2023\/08\/Elias-Soliman-de-los-Caminantes-de-Los-Alcarrizos.-1024x682.jpg\" alt=\"\" class=\"wp-image-467590\" srcset=\"https:\/\/diariodominicano.com\/wp-content\/uploads\/2023\/08\/Elias-Soliman-de-los-Caminantes-de-Los-Alcarrizos.-1024x682.jpg 1024w, https:\/\/diariodominicano.com\/wp-content\/uploads\/2023\/08\/Elias-Soliman-de-los-Caminantes-de-Los-Alcarrizos.-300x200.jpg 300w, https:\/\/diariodominicano.com\/wp-content\/uploads\/2023\/08\/Elias-Soliman-de-los-Caminantes-de-Los-Alcarrizos.-768x512.jpg 768w, https:\/\/diariodominicano.com\/wp-content\/uploads\/2023\/08\/Elias-Soliman-de-los-Caminantes-de-Los-Alcarrizos.-1536x1023.jpg 1536w, https:\/\/diariodominicano.com\/wp-content\/uploads\/2023\/08\/Elias-Soliman-de-los-Caminantes-de-Los-Alcarrizos.-816x544.jpg 816w, https:\/\/diariodominicano.com\/wp-content\/uploads\/2023\/08\/Elias-Soliman-de-los-Caminantes-de-Los-Alcarrizos..jpg 1600w\" sizes=\"auto, (max-width: 1024px) 100vw, 1024px\" \/><figcaption>  El\u00edas Solim\u00e1n, de los Caminantes de Los Alcarrizos, busca pasar el bal\u00f3n.  <\/figcaption><\/figure>\n\n\n\n<figure class=\"wp-block-image size-large is-resized\"><img loading=\"lazy\" decoding=\"async\" src=\"https:\/\/diariodominicano.com\/wp-content\/uploads\/2023\/08\/Yeison-Colome-de-los-Caminantes-de-Los-Alcarrizos.-1-1024x682.jpg\" alt=\"\" class=\"wp-image-467593\" width=\"618\" height=\"411\" srcset=\"https:\/\/diariodominicano.com\/wp-content\/uploads\/2023\/08\/Yeison-Colome-de-los-Caminantes-de-Los-Alcarrizos.-1-1024x682.jpg 1024w, https:\/\/diariodominicano.com\/wp-content\/uploads\/2023\/08\/Yeison-Colome-de-los-Caminantes-de-Los-Alcarrizos.-1-300x200.jpg 300w, https:\/\/diariodominicano.com\/wp-content\/uploads\/2023\/08\/Yeison-Colome-de-los-Caminantes-de-Los-Alcarrizos.-1-768x512.jpg 768w, https:\/\/diariodominicano.com\/wp-content\/uploads\/2023\/08\/Yeison-Colome-de-los-Caminantes-de-Los-Alcarrizos.-1-1536x1023.jpg 1536w, https:\/\/diariodominicano.com\/wp-content\/uploads\/2023\/08\/Yeison-Colome-de-los-Caminantes-de-Los-Alcarrizos.-1-816x544.jpg 816w, https:\/\/diariodominicano.com\/wp-content\/uploads\/2023\/08\/Yeison-Colome-de-los-Caminantes-de-Los-Alcarrizos.-1.jpg 1600w\" sizes=\"auto, (max-width: 618px) 100vw, 618px\" \/><figcaption> Yeison Colom\u00e9, de los Caminantes de Los Alcarrizos, driblea el bal\u00f3n ante la defensa de Jeremi Echavarr\u00eda, de Calero.  <\/figcaption><\/figure>\n\n\n\n<p>Refuerzos romanenses El\u00edas Solim\u00e1n y Yeison Colom\u00e9 anotan 28 y 24 puntos; L\u00f3pez 20<\/p>\n\n\n\n<p>SANTO DOMINGO ESTE, RD.- &nbsp;Los Caminantes de Los Alcarrizos superaron este lunes 106-99 al club Calero de Villa Duarte conseguir el pase para disputar la serie final del VII Torneo de Baloncesto Superior de la Provincia de Santo Domingo (TBS Abasado).<\/p>\n\n\n\n<p>Un re\u00f1ido encuentro de principio a fin fue caracter\u00edstica principal, en donde no hab\u00eda ma\u00f1ana para ninguno de los conjuntos enfrascado en un duelo en el polideportivo Sim\u00f3n Orozco del sector de Invivienda, en Santo Domingo Este, \u00faltimo de la ronda semifinal.<\/p>\n\n\n\n<p>Los Caminantes se medir\u00e1n en la serie final, pactada al mejor de un 5-3, a los Trenes de Santo Domingo Norte, tras quedar empate los dos con r\u00e9cord de 2-1, la cual inicia este mi\u00e9rcoles a las 8:00 de la noche, en el techado de Invivienda.<\/p>\n\n\n\n<p>Descartados de la contienda quedaron los clubes Calero y Los Mina, con marca 1-2, los cuales se hab\u00edan repartidos los seis campeonatos anteriores celebrados en Santo Domingo, los de Villa Duarte han ganado cinco t\u00edtulos y Los Mina uno.<\/p>\n\n\n\n<p>Es la primera vez en los torneos de baloncesto superiores de la Provincia de Santo Domingo que los clubes Calero y Los Mina no estar\u00e1n en la serie final.<\/p>\n\n\n\n<figure class=\"wp-block-image size-large\"><img loading=\"lazy\" decoding=\"async\" width=\"1024\" height=\"682\" src=\"https:\/\/diariodominicano.com\/wp-content\/uploads\/2023\/08\/Yeison-Colome-de-los-Caminantes-de-Los-Alcarrizos-driblea-el-balon-ante-la-defensa-de-Jeremi-Echavarria-de-Calero.-1024x682.jpg\" alt=\"\" class=\"wp-image-467596\" srcset=\"https:\/\/diariodominicano.com\/wp-content\/uploads\/2023\/08\/Yeison-Colome-de-los-Caminantes-de-Los-Alcarrizos-driblea-el-balon-ante-la-defensa-de-Jeremi-Echavarria-de-Calero.-1024x682.jpg 1024w, https:\/\/diariodominicano.com\/wp-content\/uploads\/2023\/08\/Yeison-Colome-de-los-Caminantes-de-Los-Alcarrizos-driblea-el-balon-ante-la-defensa-de-Jeremi-Echavarria-de-Calero.-300x200.jpg 300w, https:\/\/diariodominicano.com\/wp-content\/uploads\/2023\/08\/Yeison-Colome-de-los-Caminantes-de-Los-Alcarrizos-driblea-el-balon-ante-la-defensa-de-Jeremi-Echavarria-de-Calero.-768x512.jpg 768w, https:\/\/diariodominicano.com\/wp-content\/uploads\/2023\/08\/Yeison-Colome-de-los-Caminantes-de-Los-Alcarrizos-driblea-el-balon-ante-la-defensa-de-Jeremi-Echavarria-de-Calero.-1536x1023.jpg 1536w, https:\/\/diariodominicano.com\/wp-content\/uploads\/2023\/08\/Yeison-Colome-de-los-Caminantes-de-Los-Alcarrizos-driblea-el-balon-ante-la-defensa-de-Jeremi-Echavarria-de-Calero.-816x544.jpg 816w, https:\/\/diariodominicano.com\/wp-content\/uploads\/2023\/08\/Yeison-Colome-de-los-Caminantes-de-Los-Alcarrizos-driblea-el-balon-ante-la-defensa-de-Jeremi-Echavarria-de-Calero..jpg 1600w\" sizes=\"auto, (max-width: 1024px) 100vw, 1024px\" \/><figcaption> Yeison Colom\u00e9, de los Caminantes de Los Alcarrizos. <\/figcaption><\/figure>\n\n\n\n<figure class=\"wp-block-image size-large\"><img loading=\"lazy\" decoding=\"async\" width=\"1024\" height=\"682\" src=\"https:\/\/diariodominicano.com\/wp-content\/uploads\/2023\/08\/Elias-Soliman-de-los-Caminantes-de-Los-Alcarrizos-driblea-el-balon-ante-la-defensa-de-Jeremi-Echavarria-de-Calero.-1024x682.jpg\" alt=\"\" class=\"wp-image-467598\" srcset=\"https:\/\/diariodominicano.com\/wp-content\/uploads\/2023\/08\/Elias-Soliman-de-los-Caminantes-de-Los-Alcarrizos-driblea-el-balon-ante-la-defensa-de-Jeremi-Echavarria-de-Calero.-1024x682.jpg 1024w, https:\/\/diariodominicano.com\/wp-content\/uploads\/2023\/08\/Elias-Soliman-de-los-Caminantes-de-Los-Alcarrizos-driblea-el-balon-ante-la-defensa-de-Jeremi-Echavarria-de-Calero.-300x200.jpg 300w, https:\/\/diariodominicano.com\/wp-content\/uploads\/2023\/08\/Elias-Soliman-de-los-Caminantes-de-Los-Alcarrizos-driblea-el-balon-ante-la-defensa-de-Jeremi-Echavarria-de-Calero.-768x512.jpg 768w, https:\/\/diariodominicano.com\/wp-content\/uploads\/2023\/08\/Elias-Soliman-de-los-Caminantes-de-Los-Alcarrizos-driblea-el-balon-ante-la-defensa-de-Jeremi-Echavarria-de-Calero.-1536x1023.jpg 1536w, https:\/\/diariodominicano.com\/wp-content\/uploads\/2023\/08\/Elias-Soliman-de-los-Caminantes-de-Los-Alcarrizos-driblea-el-balon-ante-la-defensa-de-Jeremi-Echavarria-de-Calero.-816x544.jpg 816w, https:\/\/diariodominicano.com\/wp-content\/uploads\/2023\/08\/Elias-Soliman-de-los-Caminantes-de-Los-Alcarrizos-driblea-el-balon-ante-la-defensa-de-Jeremi-Echavarria-de-Calero..jpg 1600w\" sizes=\"auto, (max-width: 1024px) 100vw, 1024px\" \/><figcaption> El\u00edas Solim\u00e1n, de los Caminantes de Los Alcarrizos. <\/figcaption><\/figure>\n\n\n\n<p>Tres jugadores de Los Alcarrizos anotaron 20 o m\u00e1s puntos con los refuerzos romanenses El\u00edas Solim\u00e1n y Yeison Colom\u00e9, quienes anotaron 28 y 24 puntos, seguido del nativo Luis L\u00f3pez al aportar 20 tantos. Ronny Mateo y Francisco Mota 12 cada uno con siete rebotes.<\/p>\n\n\n\n<p>Por Calero, Danilo N\u00fa\u00f1ez anot\u00f3 26 puntos, Axel Goris 23 unidades, Esteban Brea col\u00f3 20 encestes, nueve balones atrapados y reparti\u00f3 cuatro asistencias, y Joan Dur\u00e1n logr\u00f3 un doble-doble de 10 puntos y tom\u00f3 10 balones.<\/p>\n\n\n\n<p>La justa la organiza la Asociaci\u00f3n de Baloncesto de la Provincia Santo Domingo (Abasado), que preside William Cabral Lugo, y un Comit\u00e9 Organizador que encabezan el senador provincial Antonio Taveras y Gloria Reyes, directora del Programa Sup\u00e9rate.<\/p>\n\n\n\n<p>Odalis Sanchez<a target=\"_blank\" href=\"mailto:odalissanchez@gmail.com\" rel=\"noreferrer noopener\">odalissanchez@gmail.com<\/a><\/p>\n","protected":false},"excerpt":{"rendered":"<p>El\u00edas Solim\u00e1n, de los Caminantes de Los Alcarrizos, driblea el bal\u00f3n ante la defensa de Jeremi Echavarr\u00eda, de Calero. Refuerzos romanenses El\u00edas Solim\u00e1n y Yeison Colom\u00e9 anotan 28 y 24 puntos; L\u00f3pez 20 SANTO DOMINGO ESTE, RD.- &nbsp;Los Caminantes de Los Alcarrizos superaron este lunes 106-99 al club Calero de Villa Duarte conseguir el pase [&hellip;]<\/p>\n","protected":false},"author":28,"featured_media":467588,"comment_status":"closed","ping_status":"","sticky":false,"template":"","format":"standard","meta":{"footnotes":""},"categories":[17,32],"tags":[],"class_list":["post-467587","post","type-post","status-publish","format-standard","has-post-thumbnail","hentry","category-deportes","category-turismo"],"_links":{"self":[{"href":"https:\/\/diariodominicano.com\/index.php?rest_route=\/wp\/v2\/posts\/467587","targetHints":{"allow":["GET"]}}],"collection":[{"href":"https:\/\/diariodominicano.com\/index.php?rest_route=\/wp\/v2\/posts"}],"about":[{"href":"https:\/\/diariodominicano.com\/index.php?rest_route=\/wp\/v2\/types\/post"}],"author":[{"embeddable":true,"href":"https:\/\/diariodominicano.com\/index.php?rest_route=\/wp\/v2\/users\/28"}],"replies":[{"embeddable":true,"href":"https:\/\/diariodominicano.com\/index.php?rest_route=%2Fwp%2Fv2%2Fcomments&post=467587"}],"version-history":[{"count":5,"href":"https:\/\/diariodominicano.com\/index.php?rest_route=\/wp\/v2\/posts\/467587\/revisions"}],"predecessor-version":[{"id":467599,"href":"https:\/\/diariodominicano.com\/index.php?rest_route=\/wp\/v2\/posts\/467587\/revisions\/467599"}],"wp:featuredmedia":[{"embeddable":true,"href":"https:\/\/diariodominicano.com\/index.php?rest_route=\/wp\/v2\/media\/467588"}],"wp:attachment":[{"href":"https:\/\/diariodominicano.com\/index.php?rest_route=%2Fwp%2Fv2%2Fmedia&parent=467587"}],"wp:term":[{"taxonomy":"category","embeddable":true,"href":"https:\/\/diariodominicano.com\/index.php?rest_route=%2Fwp%2Fv2%2Fcategories&post=467587"},{"taxonomy":"post_tag","embeddable":true,"href":"https:\/\/diariodominicano.com\/index.php?rest_route=%2Fwp%2Fv2%2Ftags&post=467587"}],"curies":[{"name":"wp","href":"https:\/\/api.w.org\/{rel}","templated":true}]}}