{"id":467549,"date":"2023-08-29T22:50:44","date_gmt":"2023-08-30T02:50:44","guid":{"rendered":"http:\/\/diariodominicano.com\/?p=467549"},"modified":"2023-08-29T22:52:37","modified_gmt":"2023-08-30T02:52:37","slug":"estudio-sobre-mercado-laboral-y-mano-de-obra-extranjera-en-el-sector-turismo-evidencia-las-necesidades-en-formacion-y-condiciones-de-trabajo","status":"publish","type":"post","link":"https:\/\/diariodominicano.com\/?p=467549","title":{"rendered":"Estudio sobre mercado laboral y mano de obra extranjera en el sector turismo evidencia las necesidades en formaci\u00f3n y condiciones de trabajo"},"content":{"rendered":"\n<p>Wilfredo Lozano <\/p>\n\n\n\n<figure class=\"wp-block-image size-large\"><img loading=\"lazy\" decoding=\"async\" width=\"1024\" height=\"683\" src=\"https:\/\/diariodominicano.com\/wp-content\/uploads\/2023\/08\/IMG_8137-1024x683.jpg\" alt=\"\" class=\"wp-image-467552\" srcset=\"https:\/\/diariodominicano.com\/wp-content\/uploads\/2023\/08\/IMG_8137-1024x683.jpg 1024w, https:\/\/diariodominicano.com\/wp-content\/uploads\/2023\/08\/IMG_8137-300x200.jpg 300w, https:\/\/diariodominicano.com\/wp-content\/uploads\/2023\/08\/IMG_8137-768x512.jpg 768w, https:\/\/diariodominicano.com\/wp-content\/uploads\/2023\/08\/IMG_8137-1536x1024.jpg 1536w, https:\/\/diariodominicano.com\/wp-content\/uploads\/2023\/08\/IMG_8137-816x544.jpg 816w, https:\/\/diariodominicano.com\/wp-content\/uploads\/2023\/08\/IMG_8137.jpg 2048w\" sizes=\"auto, (max-width: 1024px) 100vw, 1024px\" \/><figcaption>Asistentes al acto <\/figcaption><\/figure>\n\n\n\n<p> El acto reuni\u00f3 a l\u00edderes del sector turismo y autoridades de la gobernanza migratoria, entre estos, Wilfredo Lozano, director ejecutivo del INM RD; Josu\u00e9 Gastelbondo, jefe de misi\u00f3n de la OIM; Carlos Peguero, viceministro de Turismo para la Cooperaci\u00f3n Internacional y director ejecutivo del Proyecto de Desarrollo Tur\u00edstico de Pedernales; Rub\u00e9n Arturo Sili\u00e9 Valdez, viceministro de Pol\u00edtica Exterior Multilateral del Ministerio de Relaciones Exteriores; Juli\u00e1n Mateo, viceministro de Inspecci\u00f3n del Ministerio de Trabajo; Ely Encarnaci\u00f3n, subdirectora de la Direcci\u00f3n General de Migraci\u00f3n; Manuel Robles, director de Gabinete del Ministerio de Econom\u00eda, Planificaci\u00f3n y Desarrollo (MEPyD), y Sim\u00f3n Su\u00e1rez, vicepresidente de Relaciones Institucionales y Proyectos de la Fundaci\u00f3n Grupo Puntacana. <\/p>\n\n\n\n<p><strong>Santo Domingo, D. N. , RD, Agosto de 2023. \u2013<\/strong>En un encuentro llevado a cabo en las instalaciones de la Escuela Nacional de Migraci\u00f3n del Instituto Nacional de Migraci\u00f3n (INM RD), se present\u00f3 el informe\u00a0<em>Mercado laboral y mano de obra extranjera en el sector turismo en Rep\u00fablica Dominicana<\/em>. El estudio, parte del Programa de Medici\u00f3n\u00a0<\/p>\n\n\n\n<figure class=\"wp-block-image size-large\"><img loading=\"lazy\" decoding=\"async\" width=\"1024\" height=\"683\" src=\"https:\/\/diariodominicano.com\/wp-content\/uploads\/2023\/08\/Cecilia-Corpora\u0301n-consultora-1024x683.jpg\" alt=\"\" class=\"wp-image-467559\" srcset=\"https:\/\/diariodominicano.com\/wp-content\/uploads\/2023\/08\/Cecilia-Corpora\u0301n-consultora-1024x683.jpg 1024w, https:\/\/diariodominicano.com\/wp-content\/uploads\/2023\/08\/Cecilia-Corpora\u0301n-consultora-300x200.jpg 300w, https:\/\/diariodominicano.com\/wp-content\/uploads\/2023\/08\/Cecilia-Corpora\u0301n-consultora-768x512.jpg 768w, https:\/\/diariodominicano.com\/wp-content\/uploads\/2023\/08\/Cecilia-Corpora\u0301n-consultora-1536x1024.jpg 1536w, https:\/\/diariodominicano.com\/wp-content\/uploads\/2023\/08\/Cecilia-Corpora\u0301n-consultora-816x544.jpg 816w, https:\/\/diariodominicano.com\/wp-content\/uploads\/2023\/08\/Cecilia-Corpora\u0301n-consultora.jpg 2048w\" sizes=\"auto, (max-width: 1024px) 100vw, 1024px\" \/><figcaption>Cecilia Corpor\u00e1n <\/figcaption><\/figure>\n\n\n\n<p>Peri\u00f3dica de la Demanda de Mano de Obra Extranjera dise\u00f1ado por el INM RD, se desarroll\u00f3 en colaboraci\u00f3n con la Organizaci\u00f3n Internacional para las Migraciones (OIM).<\/p>\n\n\n\n<p>El evento cont\u00f3 con la presencia de l\u00edderes del sector turismo y autoridades de la gobernanza migratoria, entre estos, Wilfredo Lozano, director ejecutivo del INM RD; Josu\u00e9 Gastelbondo, jefe de misi\u00f3n de la OIM; Carlos Peguero, viceministro de Turismo para la Cooperaci\u00f3n Internacional y director ejecutivo del Proyecto de Desarrollo Tur\u00edstico de Pedernales; Rub\u00e9n Arturo Sili\u00e9 Valdez, viceministro de Pol\u00edtica Exterior Multilateral del Ministerio de Relaciones Exteriores; Juli\u00e1n Mateo, viceministro de Inspecci\u00f3n del Ministerio de Trabajo; Ely Encarnaci\u00f3n, subdirectora de la Direcci\u00f3n General de Migraci\u00f3n; Manuel Robles, director de Gabinete del Ministerio de Econom\u00eda, Planificaci\u00f3n y Desarrollo (MEPyD), y Sim\u00f3n Su\u00e1rez, vicepresidente de Relaciones Institucionales y Proyectos de la Fundaci\u00f3n Grupo Puntacana.<\/p>\n\n\n\n<p>El Dr. Lozano explic\u00f3 que el programa consta de tres fases de implementaci\u00f3n. La primera fase involucra di\u00e1logos con expertos, empresarios, el sector gubernamental y actores clave. La segunda fase comprende investigaciones piloto con estudios cualitativos que fundamentan la tercera fase, la cual conlleva estudios cuantitativos para medir la mano de obra extranjera en el pa\u00eds.<\/p>\n\n\n\n<p>Por su lado, Gastelbondo, elogi\u00f3 la iniciativa como una valiosa herramienta para abordar la realidad migratoria en el sector turismo. Resalt\u00f3 la importancia de generar un sistema de medici\u00f3n de la demanda laboral en diversos sectores productivos como una manera de definir buenas pol\u00edticas migratorias que marcan el desarrollo del pa\u00eds algo que se enlaza con los objetivos de la Ley 01-12 de la Estrategia Nacional de Desarrollo&nbsp;<\/p>\n\n\n\n<figure class=\"wp-block-image size-large\"><img loading=\"lazy\" decoding=\"async\" width=\"1024\" height=\"683\" src=\"https:\/\/diariodominicano.com\/wp-content\/uploads\/2023\/08\/Carlos-Peguero-1024x683.jpg\" alt=\"\" class=\"wp-image-467555\" srcset=\"https:\/\/diariodominicano.com\/wp-content\/uploads\/2023\/08\/Carlos-Peguero-1024x683.jpg 1024w, https:\/\/diariodominicano.com\/wp-content\/uploads\/2023\/08\/Carlos-Peguero-300x200.jpg 300w, https:\/\/diariodominicano.com\/wp-content\/uploads\/2023\/08\/Carlos-Peguero-768x512.jpg 768w, https:\/\/diariodominicano.com\/wp-content\/uploads\/2023\/08\/Carlos-Peguero-1536x1024.jpg 1536w, https:\/\/diariodominicano.com\/wp-content\/uploads\/2023\/08\/Carlos-Peguero-816x544.jpg 816w, https:\/\/diariodominicano.com\/wp-content\/uploads\/2023\/08\/Carlos-Peguero.jpg 2048w\" sizes=\"auto, (max-width: 1024px) 100vw, 1024px\" \/><figcaption>Carlos Peguero <\/figcaption><\/figure>\n\n\n\n<p>En ese sentido, Peguero, el viceministro de Turismo, enfatiz\u00f3 la relevancia de los datos precisos y el papel fundamental que juegan en el crecimiento del sector, aplaudi\u00f3 la labor del INM RD y enfatiz\u00f3 que su ministerio funciona a partir de los datos, lo que ha contribuido al \u00e9xito de la gesti\u00f3n actual. \u201cSe ha dejado de tomardecisiones particulares, sino sobre la base de datos precisos. Se ha convertido en el centro de inteligencia turistica, que nos indica hacia donde vamos y este documento ha venido para fortalecer este prop\u00f3sito\u201d.<\/p>\n\n\n\n<p>El estudio arroj\u00f3 hallazgos significativos que permiten evaluar el comportamiento de las poblaciones inmigrantes en el sector turismo, el cual incide directa, indirecta e inducidamente en la econom\u00eda dominicana. A trav\u00e9s de servicios como alojamiento, transporte, hoteles, restaurantes y comercios, impacta directamente. De manera indirecta, aporta mediante inversiones y compras a proveedores, y de manera inducida, contribuye al consumo en alimentaci\u00f3n, vivienda y servicios, generando una cadena de empresas beneficiadas.<\/p>\n\n\n\n<p>En t\u00e9rminos de perfil, la mayor\u00eda de los migrantes trabajadores en el sector turismo pertenecen al grupo etario de 24 a 39 a\u00f1os y son de sexo masculino. No obstante, en el trabajo por cuenta propia, que tiende a ser m\u00e1s informal, se identific\u00f3 una mayor presencia de mujeres. La pandemia marc\u00f3 un punto de inflexi\u00f3n en la estabilidad de los recursos humanos en el sector, ya que muchos trabajadores no regresaron despu\u00e9s de las restricciones, lo que condujo a una alta rotaci\u00f3n de personal, especialmente en los tres polos tur\u00edsticos del estudio.<\/p>\n\n\n\n<p>Entre los resultados, tambi\u00e9n se destaca que la mayor\u00eda de los trabajadores extranjeros provienen de Hait\u00ed, seguidos por Venezuela, Estados Unidos, Espa\u00f1a, Canad\u00e1 e Italia. Asimismo, el informe tambi\u00e9n subraya la necesidad de una pol\u00edtica migratoria que promueva una migraci\u00f3n ordenada y documentada, contribuyendo al desarrollo del pa\u00eds.<\/p>\n\n\n\n<p>En el encuentro se reforz\u00f3 la importancia de la cooperaci\u00f3n entre el empresariado y el sector gubernamental para obtener informaci\u00f3n precisa que respalde la toma de decisiones estrat\u00e9gicas. El informe, que se presenta como parte de un esfuerzo continuo, busca llenar un vac\u00edo en la medici\u00f3n econ\u00f3mica y proporcionar una mirada regional sobre la presencia de trabajadores extranjeros en el sector turismo.<\/p>\n\n\n\n<p><strong>Clic&nbsp;<\/strong><a href=\"https:\/\/inm.gob.do\/transparencia\/phocadownload\/Publicaciones\/2023\/AGOSTO\/Informe%20mercado%20laboral%20turismo.pdf\" target=\"_blank\" rel=\"noreferrer noopener\"><strong>aqu\u00ed<\/strong><\/a><strong>&nbsp;para descargar el informe.<\/strong><\/p>\n\n\n\n<p><strong>Contacto de prensa:<\/strong><\/p>\n\n\n\n<p>Jessica Mordechay<\/p>\n\n\n\n<p>Encargada de Comunicaci\u00f3n<\/p>\n\n\n\n<p>Instituto Nacional de Migraci\u00f3n<\/p>\n\n\n\n<p>Correo:&nbsp;<a href=\"mailto:jessica.mordechay@inm.gob.do\" target=\"_blank\" rel=\"noreferrer noopener\">jessica.mordechay@inm.gob.do<\/a><\/p>\n","protected":false},"excerpt":{"rendered":"<p>Wilfredo Lozano El acto reuni\u00f3 a l\u00edderes del sector turismo y autoridades de la gobernanza migratoria, entre estos, Wilfredo Lozano, director ejecutivo del INM RD; Josu\u00e9 Gastelbondo, jefe de misi\u00f3n de la OIM; Carlos Peguero, viceministro de Turismo para la Cooperaci\u00f3n Internacional y director ejecutivo del Proyecto de Desarrollo Tur\u00edstico de Pedernales; Rub\u00e9n Arturo Sili\u00e9 [&hellip;]<\/p>\n","protected":false},"author":28,"featured_media":467551,"comment_status":"closed","ping_status":"","sticky":true,"template":"","format":"standard","meta":{"footnotes":""},"categories":[36,18,27,32],"tags":[],"class_list":["post-467549","post","type-post","status-publish","format-standard","has-post-thumbnail","hentry","category-hombresmujeresycosas","category-economia","category-portada","category-turismo"],"_links":{"self":[{"href":"https:\/\/diariodominicano.com\/index.php?rest_route=\/wp\/v2\/posts\/467549","targetHints":{"allow":["GET"]}}],"collection":[{"href":"https:\/\/diariodominicano.com\/index.php?rest_route=\/wp\/v2\/posts"}],"about":[{"href":"https:\/\/diariodominicano.com\/index.php?rest_route=\/wp\/v2\/types\/post"}],"author":[{"embeddable":true,"href":"https:\/\/diariodominicano.com\/index.php?rest_route=\/wp\/v2\/users\/28"}],"replies":[{"embeddable":true,"href":"https:\/\/diariodominicano.com\/index.php?rest_route=%2Fwp%2Fv2%2Fcomments&post=467549"}],"version-history":[{"count":2,"href":"https:\/\/diariodominicano.com\/index.php?rest_route=\/wp\/v2\/posts\/467549\/revisions"}],"predecessor-version":[{"id":467560,"href":"https:\/\/diariodominicano.com\/index.php?rest_route=\/wp\/v2\/posts\/467549\/revisions\/467560"}],"wp:featuredmedia":[{"embeddable":true,"href":"https:\/\/diariodominicano.com\/index.php?rest_route=\/wp\/v2\/media\/467551"}],"wp:attachment":[{"href":"https:\/\/diariodominicano.com\/index.php?rest_route=%2Fwp%2Fv2%2Fmedia&parent=467549"}],"wp:term":[{"taxonomy":"category","embeddable":true,"href":"https:\/\/diariodominicano.com\/index.php?rest_route=%2Fwp%2Fv2%2Fcategories&post=467549"},{"taxonomy":"post_tag","embeddable":true,"href":"https:\/\/diariodominicano.com\/index.php?rest_route=%2Fwp%2Fv2%2Ftags&post=467549"}],"curies":[{"name":"wp","href":"https:\/\/api.w.org\/{rel}","templated":true}]}}