{"id":467411,"date":"2023-08-29T07:17:07","date_gmt":"2023-08-29T11:17:07","guid":{"rendered":"https:\/\/diariodominicano.com\/?p=467411"},"modified":"2023-08-29T07:20:47","modified_gmt":"2023-08-29T11:20:47","slug":"policia-de-haiti-despliega-unidades-especializadas-en-puerto-principe","status":"publish","type":"post","link":"https:\/\/diariodominicano.com\/?p=467411","title":{"rendered":"Polic\u00eda de Hait\u00ed despliega unidades especializadas en Puerto Pr\u00edncipe"},"content":{"rendered":"\n<p>diariodominicano.com<\/p>\n\n\n\n<p>Puerto Pr\u00edncipe, 29 ago (Prensa Latina) La Polic\u00eda de Hait\u00ed tiene hoy desplegadas unidades especializadas en diversos puntos de esta capital para permitir que las misiones diplom\u00e1ticas y los comercios puedan reanudar sus actividades, confirm\u00f3 su director Frantz Elb\u00e9.<\/p>\n\n\n\n<p>El directivo que expres\u00f3 preocupaci\u00f3n por la situaci\u00f3n de seguridad reconoci\u00f3 que varias zonas est\u00e1n actualmente controladas por los grupos armados y anunci\u00f3 medidas para contrarrestar el crecimiento de las pandillas.<\/p>\n\n\n\n<p>Elb\u00e9 admiti\u00f3 la escalada de violencia por parte de las bandas, particularmente en el \u00e1rea metropolitana de esta capital, e indic\u00f3 que polic\u00edas se movilizan en Tabarre, en el centro de Puerto Pr\u00edncipe, as\u00ed como Torcel y Croix des Bouquets en el noreste, con el fin de restablecer el orden y frenar el avance de las bandas.<\/p>\n\n\n\n<p>En Carrefour-Feuilles, el alto mando confirm\u00f3 la muerte de varios presuntos pandilleros, como consecuencia de las operaciones policiales y agreg\u00f3 que los oficiales destruyeron algunos de sus escondites.<\/p>\n\n\n\n<p>Las operaciones continuar\u00e1n para que los miles de desplazados puedan regresar a sus hogares, asegur\u00f3.<\/p>\n\n\n\n<p>De acuerdo con datos oficiales las acciones de las pandillas en Carrefour Feuilles obligaron a m\u00e1s de cinco mil personas a abandonar sus hogares y refugiarse en plazas p\u00fablicas, escuelas y gimnasios.<\/p>\n\n\n\n<p>Por su parte, organizaciones como el Centro de An\u00e1lisis e Investigaci\u00f3n en Derechos Humanos afirman que la cifra real de desplazados supera los 10 mil, y reclaman la r\u00e1pida intervenci\u00f3n de las autoridades.<\/p>\n\n\n\n<p>La violencia en Hait\u00ed se agudiz\u00f3 tras el asesinato del presidente Jovenel Mo\u00efse ocurrido hace dos a\u00f1os, y mientras la Polic\u00eda admite que no cuenta con los recursos necesarios para hacer frente a las bandas.<\/p>\n\n\n\n<p>Ante la situaci\u00f3n, el Gobierno solicit\u00f3 el despliegue de tropas extranjeras para combatir a los grupos armados y Elb\u00e9 se\u00f1al\u00f3 que esa fuerza no sustituir\u00e1 a la polic\u00eda existente, sino que reforzar\u00e1 sus acciones.<\/p>\n\n\n\n<p>nmr\/ane<\/p>\n","protected":false},"excerpt":{"rendered":"<p>diariodominicano.com Puerto Pr\u00edncipe, 29 ago (Prensa Latina) La Polic\u00eda de Hait\u00ed tiene hoy desplegadas unidades especializadas en diversos puntos de esta capital para permitir que las misiones diplom\u00e1ticas y los comercios puedan reanudar sus actividades, confirm\u00f3 su director Frantz Elb\u00e9. El directivo que expres\u00f3 preocupaci\u00f3n por la situaci\u00f3n de seguridad reconoci\u00f3 que varias zonas est\u00e1n [&hellip;]<\/p>\n","protected":false},"author":5,"featured_media":467424,"comment_status":"closed","ping_status":"","sticky":true,"template":"","format":"standard","meta":{"footnotes":""},"categories":[112,23,27],"tags":[],"class_list":["post-467411","post","type-post","status-publish","format-standard","has-post-thumbnail","hentry","category-haiti","category-internacional","category-portada"],"_links":{"self":[{"href":"https:\/\/diariodominicano.com\/index.php?rest_route=\/wp\/v2\/posts\/467411","targetHints":{"allow":["GET"]}}],"collection":[{"href":"https:\/\/diariodominicano.com\/index.php?rest_route=\/wp\/v2\/posts"}],"about":[{"href":"https:\/\/diariodominicano.com\/index.php?rest_route=\/wp\/v2\/types\/post"}],"author":[{"embeddable":true,"href":"https:\/\/diariodominicano.com\/index.php?rest_route=\/wp\/v2\/users\/5"}],"replies":[{"embeddable":true,"href":"https:\/\/diariodominicano.com\/index.php?rest_route=%2Fwp%2Fv2%2Fcomments&post=467411"}],"version-history":[{"count":1,"href":"https:\/\/diariodominicano.com\/index.php?rest_route=\/wp\/v2\/posts\/467411\/revisions"}],"predecessor-version":[{"id":467421,"href":"https:\/\/diariodominicano.com\/index.php?rest_route=\/wp\/v2\/posts\/467411\/revisions\/467421"}],"wp:featuredmedia":[{"embeddable":true,"href":"https:\/\/diariodominicano.com\/index.php?rest_route=\/wp\/v2\/media\/467424"}],"wp:attachment":[{"href":"https:\/\/diariodominicano.com\/index.php?rest_route=%2Fwp%2Fv2%2Fmedia&parent=467411"}],"wp:term":[{"taxonomy":"category","embeddable":true,"href":"https:\/\/diariodominicano.com\/index.php?rest_route=%2Fwp%2Fv2%2Fcategories&post=467411"},{"taxonomy":"post_tag","embeddable":true,"href":"https:\/\/diariodominicano.com\/index.php?rest_route=%2Fwp%2Fv2%2Ftags&post=467411"}],"curies":[{"name":"wp","href":"https:\/\/api.w.org\/{rel}","templated":true}]}}