{"id":467345,"date":"2023-08-28T18:25:49","date_gmt":"2023-08-28T22:25:49","guid":{"rendered":"http:\/\/diariodominicano.com\/?p=467345"},"modified":"2023-08-28T18:25:49","modified_gmt":"2023-08-28T22:25:49","slug":"presencia-de-fray-bartolome-de-las-casas-en-la-cuarta-villa-de-cuba-fotos","status":"publish","type":"post","link":"https:\/\/diariodominicano.com\/?p=467345","title":{"rendered":"Presencia de fray Bartolom\u00e9 de las Casas en la cuarta villa de Cuba (+Fotos)"},"content":{"rendered":"\n<p>Sancti Sp\u00edritus, Cuba, 28 ago (PL) Los aportes de Fray Bartolom\u00e9 de las Casas en defensa de los indios cubanos y de Am\u00e9rica ser\u00e1n expuestos durante la celebraci\u00f3n del 510 aniversario de Sancti Sp\u00edrittus, asegur\u00f3 hoy Roberto Villoch, conservado de la cuarta villa de Cuba.&nbsp;&nbsp;&nbsp;&nbsp;<\/p>\n\n\n\n<ul class=\"wp-block-list\"><li>agosto 28, 2023<\/li><li>CDT14:27 (GMT) -0400<\/li><\/ul>\n\n\n\n<ul class=\"wp-block-list\"><li><a href=\"https:\/\/www.prensa-latina.cu\/author\/rga\">Por:&nbsp;Ra\u00fal Garc\u00eda Alvarez<\/a><\/li><\/ul>\n\n\n\n<ul class=\"wp-block-list\"><li>Fotos: Ra\u00fal Garc\u00eda Alvarez, Prensa Latina<\/li><\/ul>\n\n\n\n<p>En conversaci\u00f3n con Prensa Latina, destac\u00f3 el proceder del cl\u00e9rico en el D\u00eda de la Asunci\u00f3n cuando pronunci\u00f3 en la peque\u00f1a localidad -se fund\u00f3 el 4 de junio de 1514-, su famosa homil\u00eda conocida como Serm\u00f3n del Arrepentimiento, una plegaria acusatoria para los conquistadores, apunta.<\/p>\n\n\n\n<p>El reverendo reproch\u00f3 a los presentes ser injusto y tir\u00e1nico, una fuerte critica a las barbaries cometidas por los enviados de la corona para pacificar con la cruz a los nativos de las tierras conquistadas, acot\u00f3 el investigador.<\/p>\n\n\n\n<div class=\"wp-block-image\"><figure class=\"aligncenter\"><img decoding=\"async\" src=\"https:\/\/www.prensa-latina.cu\/wp-content\/uploads\/2023\/08\/Sancti-Spiitus-1024x683.jpg\" alt=\"\" class=\"wp-image-542681\"\/><\/figure><\/div>\n\n\n\n<p>En la obra Sancti Sp\u00edritus, aniversario 500, del Instituto de Historia del pa\u00eds, se calific\u00f3 este hecho como la ruptura del cura dominico con el r\u00e9gimen de explotaci\u00f3n a los abor\u00edgenes y el inicio de una ardua labor en defensa de los naturales en las tierras americanas.<\/p>\n\n\n\n<p>Villoch consider\u00f3 que De las Casas participa en la fundaci\u00f3n de villas y, a la vez, se convirti\u00f3 en testigo de toda la maldad y el exterminio de los nativos, y recibi\u00f3 encomienda del pueblo de indios Canarreo, en la regi\u00f3n de Trinidad.<\/p>\n\n\n\n<p>La humanidad, firmeza e historia del prelado a favor de los originario de la isla fue un argumento relevantes incluido por nuestro H\u00e9roe Nacional, Jos\u00e9 Mart\u00ed, en la Edad de Oro, publicaci\u00f3n de recreo e instrucci\u00f3n dedicada a los ni\u00f1os de Am\u00e9rica.<\/p>\n\n\n\n<p>En hermosa cr\u00f3nica nos afirma que el cura Bartolom\u00e9 de las Casas le abri\u00f3 los brazos a los indios, mientras los conquistadores espa\u00f1oles marcaban en carne viva con el hierro, les robaban sus mujeres e hijas y los quemaban y aniquilaban.<\/p>\n\n\n\n<p>Para el Ap\u00f3stol de la independencia aquellas escenas fueron m\u00e1s que motivos \u201c\u2026y ya nunca se puso m\u00e1s que el jub\u00f3n negro. Sino que se fue a consolar a los indios por el monte, sin m\u00e1s ayuda que su bast\u00f3n de rama de \u00e1rbol\u201d.<\/p>\n\n\n\n<p>Y ejemplifica: No se puede ver un lirio sin pensar en el Padre Las Casas porque con la bondad se le fue poniendo de lirio el color, y dicen que era hermoso verlo escribir, con su t\u00fanica blanca, sentado en un sill\u00f3n de tachuelas, peleando con la pluma de ave, porque no escrib\u00eda de prisa.<\/p>\n\n\n\n<p>Mart\u00ed intenta en su cr\u00f3nica que se conozcan sus sacrificios y apunta: Casi a escondidas, tuvo que embarcarlo para Espa\u00f1a el virrey, porque los encomenderos lo quer\u00edan matar. \u00c9l se fue a su convento, a pelear, a defender, a llorar, a escribir. Y muri\u00f3, sin cansarse, a los noventa y dos a\u00f1os.<\/p>\n\n\n\n<div class=\"wp-block-image\"><figure class=\"aligncenter\"><img decoding=\"async\" src=\"https:\/\/www.prensa-latina.cu\/wp-content\/uploads\/2023\/08\/SSpiritus-1024x829.jpg\" alt=\"\" class=\"wp-image-542683\"\/><\/figure><\/div>\n\n\n\n<p>El sacerdote que descoll\u00f3 en sacrificios por la poblaci\u00f3n ind\u00edgena de Cuba y Am\u00e9rica tiene en la tercera villa, Trinidad, un obelisco, tal vez el m\u00e1s relevante de la isla, a la entrada del Motel Las Cuevas, develado el 6 de junio de 1955. Es un gesto de bienvenida y dar f\u00e9 de la historia que atesora una peque\u00f1a elevaci\u00f3n.<\/p>\n\n\n\n<p>El proyecto lo concibi\u00f3 y llev\u00f3 a cabo Manuel de Jes\u00fas B\u00e9quer Medina, segundo historiador de Trinidad, declarada Monumento Cultural de la Humanidad por la Unesco, representa a dos indios arrodillados a los pies del religioso cubierto con su sotana.<\/p>\n\n\n\n<div class=\"wp-block-image\"><figure class=\"aligncenter\"><img decoding=\"async\" src=\"https:\/\/www.prensa-latina.cu\/wp-content\/uploads\/2023\/08\/SSVilla-Small.jpg\" alt=\"\" class=\"wp-image-542686\"\/><\/figure><\/div>\n\n\n\n<p>Aqu\u00ed junto a las instalaciones hoteleras esta la Cueva Maravillosa, donde se escondi\u00f3, hasta los \u00faltimos d\u00edas Caucub\u00fa, la india m\u00e1s hermosa del cacicazgo de Guamuhaya, perseguida para hacerla suya por el m\u00e1s cruel de los conquistadores Vasco Porcayo de Figueroa.<\/p>\n\n\n\n<p>mem\/rga<\/p>\n","protected":false},"excerpt":{"rendered":"<p>Sancti Sp\u00edritus, Cuba, 28 ago (PL) Los aportes de Fray Bartolom\u00e9 de las Casas en defensa de los indios cubanos y de Am\u00e9rica ser\u00e1n expuestos durante la celebraci\u00f3n del 510 aniversario de Sancti Sp\u00edrittus, asegur\u00f3 hoy Roberto Villoch, conservado de la cuarta villa de Cuba.&nbsp;&nbsp;&nbsp;&nbsp; agosto 28, 2023 CDT14:27 (GMT) -0400 Por:&nbsp;Ra\u00fal Garc\u00eda Alvarez Fotos: [&hellip;]<\/p>\n","protected":false},"author":28,"featured_media":467346,"comment_status":"closed","ping_status":"","sticky":false,"template":"","format":"standard","meta":{"footnotes":""},"categories":[21,32],"tags":[],"class_list":["post-467345","post","type-post","status-publish","format-standard","has-post-thumbnail","hentry","category-cultura","category-turismo"],"_links":{"self":[{"href":"https:\/\/diariodominicano.com\/index.php?rest_route=\/wp\/v2\/posts\/467345","targetHints":{"allow":["GET"]}}],"collection":[{"href":"https:\/\/diariodominicano.com\/index.php?rest_route=\/wp\/v2\/posts"}],"about":[{"href":"https:\/\/diariodominicano.com\/index.php?rest_route=\/wp\/v2\/types\/post"}],"author":[{"embeddable":true,"href":"https:\/\/diariodominicano.com\/index.php?rest_route=\/wp\/v2\/users\/28"}],"replies":[{"embeddable":true,"href":"https:\/\/diariodominicano.com\/index.php?rest_route=%2Fwp%2Fv2%2Fcomments&post=467345"}],"version-history":[{"count":1,"href":"https:\/\/diariodominicano.com\/index.php?rest_route=\/wp\/v2\/posts\/467345\/revisions"}],"predecessor-version":[{"id":467347,"href":"https:\/\/diariodominicano.com\/index.php?rest_route=\/wp\/v2\/posts\/467345\/revisions\/467347"}],"wp:featuredmedia":[{"embeddable":true,"href":"https:\/\/diariodominicano.com\/index.php?rest_route=\/wp\/v2\/media\/467346"}],"wp:attachment":[{"href":"https:\/\/diariodominicano.com\/index.php?rest_route=%2Fwp%2Fv2%2Fmedia&parent=467345"}],"wp:term":[{"taxonomy":"category","embeddable":true,"href":"https:\/\/diariodominicano.com\/index.php?rest_route=%2Fwp%2Fv2%2Fcategories&post=467345"},{"taxonomy":"post_tag","embeddable":true,"href":"https:\/\/diariodominicano.com\/index.php?rest_route=%2Fwp%2Fv2%2Ftags&post=467345"}],"curies":[{"name":"wp","href":"https:\/\/api.w.org\/{rel}","templated":true}]}}