{"id":467234,"date":"2023-08-28T16:37:53","date_gmt":"2023-08-28T20:37:53","guid":{"rendered":"http:\/\/diariodominicano.com\/?p=467234"},"modified":"2023-08-28T16:38:28","modified_gmt":"2023-08-28T20:38:28","slug":"luz-garcia-y-jomari-goyso-anuncian-el-poder-lo-tienes-tu","status":"publish","type":"post","link":"https:\/\/diariodominicano.com\/?p=467234","title":{"rendered":"Luz Garc\u00eda y Jomari Goyso anuncian \u201cEl Poder lo Tienes T\u00fa\u201d"},"content":{"rendered":"\n<p><strong>Un evento que tendr\u00e1 lugar el 14 de septiembre a las 7:00 de la noche en el Pabell\u00f3n de la Fama de Santo Domingo<\/strong><\/p>\n\n\n\n<p><strong>Santo Domingo, Rep\u00fablica Dominicana<\/strong>. &#8211; La comunicadora Luz Garc\u00eda, el experto en moda y belleza Jomari Goyso y la destacada psic\u00f3loga cl\u00ednica, terapeuta marital y sexual Sara Guerrero, ofrecer\u00e1n un conversatorio llamado \u201cEl Poder lo Tienes T\u00fa\u201d.<\/p>\n\n\n\n<p><\/p>\n\n\n\n<p>El encuentro tendr\u00e1 lugar en el Pabell\u00f3n de la Fama del Palacio de los Deportes de Santo Domingo el 14 de septiembre a partir de las 7:00 de la noche, con boletas a la venta en Uepa Tickets Servicios CCN Servicios Super Mercados Nacional y Jumbo.<\/p>\n\n\n\n<p>Para dise\u00f1ar este conversatorio, los promotores del encuentro partieron de un estudio realizado por investigadores de la Universidad de Harvard a 3,000 mujeres en 10 pa\u00edses, en el que solo el 2% de ellas se describ\u00edan a si mismas como bellas y aceptan su imagen tal y como es.<\/p>\n\n\n\n<p>Es por ello que estos tres expertos tanto en temas de oratoria, belleza y moda, as\u00ed como psicolog\u00eda, terapia sexual y marital, estar\u00e1n compartiendo sus experiencias y conocimientos a los fines de que cada una de las asistentes al conversatorio descubran el universo infinito que llevan dentro y toda la belleza que les acompa\u00f1a.<\/p>\n\n\n\n<p>Este encuentro ser\u00e1 moderado por Luz Garc\u00eda, Comunicadora, CEO de \u201cA-1 Productions\u201d y Host del programa Noche de Luz, el tema a tratar: \u201cEL PODER LO TIENES T\u00da\u201d es una gu\u00eda necesaria para todas las mujeres que quieren encontrar su balance ideal entre la imagen y la autoestima.<\/p>\n\n\n\n<p>Como piensas y te sientes contigo misma juega un papel fundamental. Siempre hablamos de autoestima como si fuera una dimensi\u00f3n r\u00edgida que no se puede modular, pero esta posee m\u00faltiples dimensiones como profesional, amiga, amante, persona, informaron los organizadores.<\/p>\n\n\n\n<p>\u201cEn tiempos en los que manda la imagen y prevalece lo visual, la imagen debe transmitir el mensaje que quieras que los dem\u00e1s sepan de ti, dado que \u201cEL PODER LO TIENES T\u00da\u201d, expresa Luz Garc\u00eda.<\/p>\n\n\n\n<p>DATOS GENERALES<\/p>\n\n\n\n<p>FECHA: JUEVES 14 DE SEPTIEMBRE<\/p>\n\n\n\n<p>HORA: 7:00 PM<\/p>\n\n\n\n<p>LUGAR: PABELLON DE LA FAMA DEL DEPORTE DOMINICANO (PALACIO DE LOS DEPORTES)<\/p>\n\n\n\n<p>BOLETAS A LA VENTA: UEPA TICKETS<\/p>\n\n\n\n<p>Alfredo Garc\u00eda<a target=\"_blank\" href=\"mailto:alfredogarciayasociados@gmail.com\" rel=\"noreferrer noopener\">alfredogarciayasociados@gmai<\/a><\/p>\n","protected":false},"excerpt":{"rendered":"<p>Un evento que tendr\u00e1 lugar el 14 de septiembre a las 7:00 de la noche en el Pabell\u00f3n de la Fama de Santo Domingo Santo Domingo, Rep\u00fablica Dominicana. &#8211; La comunicadora Luz Garc\u00eda, el experto en moda y belleza Jomari Goyso y la destacada psic\u00f3loga cl\u00ednica, terapeuta marital y sexual Sara Guerrero, ofrecer\u00e1n un conversatorio [&hellip;]<\/p>\n","protected":false},"author":28,"featured_media":467235,"comment_status":"closed","ping_status":"","sticky":true,"template":"","format":"standard","meta":{"footnotes":""},"categories":[36,25,27,32],"tags":[],"class_list":["post-467234","post","type-post","status-publish","format-standard","has-post-thumbnail","hentry","category-hombresmujeresycosas","category-gente","category-portada","category-turismo"],"_links":{"self":[{"href":"https:\/\/diariodominicano.com\/index.php?rest_route=\/wp\/v2\/posts\/467234","targetHints":{"allow":["GET"]}}],"collection":[{"href":"https:\/\/diariodominicano.com\/index.php?rest_route=\/wp\/v2\/posts"}],"about":[{"href":"https:\/\/diariodominicano.com\/index.php?rest_route=\/wp\/v2\/types\/post"}],"author":[{"embeddable":true,"href":"https:\/\/diariodominicano.com\/index.php?rest_route=\/wp\/v2\/users\/28"}],"replies":[{"embeddable":true,"href":"https:\/\/diariodominicano.com\/index.php?rest_route=%2Fwp%2Fv2%2Fcomments&post=467234"}],"version-history":[{"count":2,"href":"https:\/\/diariodominicano.com\/index.php?rest_route=\/wp\/v2\/posts\/467234\/revisions"}],"predecessor-version":[{"id":467238,"href":"https:\/\/diariodominicano.com\/index.php?rest_route=\/wp\/v2\/posts\/467234\/revisions\/467238"}],"wp:featuredmedia":[{"embeddable":true,"href":"https:\/\/diariodominicano.com\/index.php?rest_route=\/wp\/v2\/media\/467235"}],"wp:attachment":[{"href":"https:\/\/diariodominicano.com\/index.php?rest_route=%2Fwp%2Fv2%2Fmedia&parent=467234"}],"wp:term":[{"taxonomy":"category","embeddable":true,"href":"https:\/\/diariodominicano.com\/index.php?rest_route=%2Fwp%2Fv2%2Fcategories&post=467234"},{"taxonomy":"post_tag","embeddable":true,"href":"https:\/\/diariodominicano.com\/index.php?rest_route=%2Fwp%2Fv2%2Ftags&post=467234"}],"curies":[{"name":"wp","href":"https:\/\/api.w.org\/{rel}","templated":true}]}}