{"id":467197,"date":"2023-08-28T15:10:53","date_gmt":"2023-08-28T19:10:53","guid":{"rendered":"http:\/\/diariodominicano.com\/?p=467197"},"modified":"2023-08-28T15:12:41","modified_gmt":"2023-08-28T19:12:41","slug":"fedoci-inicia-campeonatos-panam-de-ciclismo-master-de-pista-y-ruta-santo-domingo-2023","status":"publish","type":"post","link":"https:\/\/diariodominicano.com\/?p=467197","title":{"rendered":"FEDOCI inicia Campeonatos Panam de Ciclismo M\u00e1ster de Pista y Ruta Santo Domingo 2023"},"content":{"rendered":"\n<p> <strong>El presidente de la Federaci\u00f3n Dominicana de Ciclismo (FEDOCI), ingeniero Jorge Blas D\u00edaz, junto Rafael Tejada Mart\u00ednez, presidente de la Comisi\u00f3n Panamericana de Ciclismo M\u00e1ster, y Emilio Valdez, presidente de la Asociaci\u00f3n de Ciclismo del Distrito Nacional (ASOCIDISNA), cuando inauguraron este lunes en el vel\u00f3dromo del Centro Ol\u00edmpico Juan Pablo Duarte, los Campeonatos Panamericanos M\u00e1ster de Pista y Ruta Santo Domingo 2023. (Fuente: Prensa FEDOCI).<\/strong> <\/p>\n\n\n\n<p><em>En el certamen internacional participar\u00e1n m\u00e1s de 150 pedalistas de 13 naciones<\/em><\/p>\n\n\n\n<p>SANTO DOMINGO.- La Federaci\u00f3n Dominicana de Ciclismo inici\u00f3 este lunes los Campeonatos Panamericanos M\u00e1ster de Pista y Ruta Santo Domingo 2023, acto llevado a cabo en el vel\u00f3dromo del Centro Ol\u00edmpico Juan Pablo Duarte, de esta capital.<\/p>\n\n\n\n<p>La actividad estuvo encabezada por el ingeniero Jorge Blas D\u00edaz Garc\u00eda, presidente de la FEDOCI, quien agradeci\u00f3 la visita y participaci\u00f3n de las 13 delegaciones integradas por casi 150 corredores de ambos sexos y m\u00e1s de 30 delegados y t\u00e9cnicos del \u00e1rea continental que participar\u00e1n en el magno certamen hasta el domingo 3 de septiembre.<\/p>\n\n\n\n<p>\u201cEn nombre de la FEDOCI y el pa\u00eds, les damos la bienvenida y esperamos que disfruten de este evento, y nuestro pa\u00eds. Les deseo&nbsp; lo mejor para todos ustedes\u201d, concluy\u00f3 D\u00edaz Garc\u00eda.<\/p>\n\n\n\n<p>En tanto, el ingeniero Rafael Tejada Mart\u00ednez, presidente de la Comisi\u00f3n Panamericana de Ciclismo M\u00e1ster, agradeci\u00f3 a la FEDOCI, y todas las delegaciones, y se mostr\u00f3 confiado en que el evento ser\u00e1 exitoso y de satisfacci\u00f3n para los participantes.<\/p>\n\n\n\n<figure class=\"wp-block-image size-large\"><img loading=\"lazy\" decoding=\"async\" width=\"1024\" height=\"651\" src=\"https:\/\/diariodominicano.com\/wp-content\/uploads\/2023\/08\/Inauguracion-Panam-Master-2023-2-1024x651.jpg\" alt=\"\" class=\"wp-image-467200\" srcset=\"https:\/\/diariodominicano.com\/wp-content\/uploads\/2023\/08\/Inauguracion-Panam-Master-2023-2-1024x651.jpg 1024w, https:\/\/diariodominicano.com\/wp-content\/uploads\/2023\/08\/Inauguracion-Panam-Master-2023-2-300x191.jpg 300w, https:\/\/diariodominicano.com\/wp-content\/uploads\/2023\/08\/Inauguracion-Panam-Master-2023-2-768x489.jpg 768w, https:\/\/diariodominicano.com\/wp-content\/uploads\/2023\/08\/Inauguracion-Panam-Master-2023-2-816x519.jpg 816w, https:\/\/diariodominicano.com\/wp-content\/uploads\/2023\/08\/Inauguracion-Panam-Master-2023-2.jpg 1330w\" sizes=\"auto, (max-width: 1024px) 100vw, 1024px\" \/><figcaption><strong>La delegaci\u00f3n m\u00e1ster de la Rep\u00fablica Dominicana que se dio cita en el acto inaugural de los Campeonatos Panamericanos de Ciclismo M\u00e1ster de Pista y Ruta Santo Domingo 2023. Desde la izquierda, un corredor chileno no identificado, Ram\u00f3n El\u00edas Adam\u00e9s (El Gallo), Jorge P\u00e9rez (Pregunt\u00edn), Cirilo Toribio, Jos\u00e9 Alberto Genao Guzm\u00e1n (Chino) y Juana Isidra Fern\u00e1ndez Veras (Morena Bomba). Foto: Prensa FEDOCI<\/strong><\/figcaption><\/figure>\n\n\n\n<p>D\u00edaz Garc\u00eda indic\u00f3 que entre los pa\u00edses participantes est\u00e1n Argentina, Belice, Brasil, Chile, Colombia, Costa Rica, M\u00e9xico y Uruguay, quienes estar\u00e1n compitiendo en buena lid en las pruebas de pista y ruta del Panamaster 2023.<\/p>\n\n\n\n<p>Indic\u00f3 que en el torneo ciclista internacional, que concluir\u00e1 el domingo pr\u00f3ximo en la Avenida Mirador Sur, tambi\u00e9n estar\u00e1n accionando corredores mayores de 30 a\u00f1os de Cuba, Puerto Rico, Estados Unidos, Venezuela y Rep\u00fablica Dominicana.<\/p>\n\n\n\n<p>D\u00edaz, quien funge como director general del torneo pedal\u00edstico, destac\u00f3 que en Panam M\u00e1ster ver\u00e1n acci\u00f3n ciclistas masculinos en las categor\u00edas&nbsp; M\u00e1ster 30-34 a\u00f1os, en la que est\u00e1n inscritos 15 corredores; M\u00e1ster 35-39, con 22; M\u00e1ster 40-44, 13;&nbsp; M\u00e1ster 45-49 (15), M\u00e1ster 50-54 (20), M\u00e1ster 55-59 (15), M\u00e1ster 60-64 (18), M\u00e1ster&nbsp; 65\/69 (08) y&nbsp; M\u00e1ster 70 y m\u00e1s, con tres inscriptos.<\/p>\n\n\n\n<p>En la M\u00e1ster 30-34 femenina se inscribieron cinco chicas; en M\u00e1ster 35-39 (01), M\u00e1ster 40-44 (02), M\u00e1ster 45-49 (03), M\u00e1ster 50-54 (02) y en M\u00e1ster 55-59, una participante.<\/p>\n\n\n\n<p><strong>Comit\u00e9 organizador<\/strong><\/p>\n\n\n\n<p>El comit\u00e9 organizador de los Panam M\u00e1ster de Ciclismo Santo Domingo 2023 est\u00e1 encabezado por el propio D\u00edaz, mientras que Miguel \u00c1ngel Gonz\u00e1lez ser\u00e1 el director t\u00e9cnico; Ismael Fuentes y Genaro Mercedes ser\u00e1n los comisarios internacionales, y Frankis Adames, jefe de misi\u00f3n.<\/p>\n\n\n\n<p>El coronel Jacobo Mateo Moquete est\u00e1 encargado de la seguridad; Eugenio Contreras, del montaje, y Pacheco, de la transportaci\u00f3n.<\/p>\n\n\n\n<p>Jacobo Almonte es el director de facilidades; el doctor Randy Ram\u00edrez , director m\u00e9dico; la se\u00f1ora Melgen, protocolo; Emilio Valdez, director prensa televisada; Mart\u00edn Olivo, prensa escrita, y Eliseo de Pablo, en Redes (Molivo Press).<\/p>\n\n\n\n<p>Ramonmart\u00edn Olivo<a target=\"_blank\" href=\"mailto:ramonmartinolivo@yahoo.es\" rel=\"noreferrer noopener\">ramonmartinolivo@yahoo.es<\/a><\/p>\n","protected":false},"excerpt":{"rendered":"<p>El presidente de la Federaci\u00f3n Dominicana de Ciclismo (FEDOCI), ingeniero Jorge Blas D\u00edaz, junto Rafael Tejada Mart\u00ednez, presidente de la Comisi\u00f3n Panamericana de Ciclismo M\u00e1ster, y Emilio Valdez, presidente de la Asociaci\u00f3n de Ciclismo del Distrito Nacional (ASOCIDISNA), cuando inauguraron este lunes en el vel\u00f3dromo del Centro Ol\u00edmpico Juan Pablo Duarte, los Campeonatos Panamericanos M\u00e1ster [&hellip;]<\/p>\n","protected":false},"author":28,"featured_media":467198,"comment_status":"closed","ping_status":"","sticky":true,"template":"","format":"standard","meta":{"footnotes":""},"categories":[17,27,32],"tags":[],"class_list":["post-467197","post","type-post","status-publish","format-standard","has-post-thumbnail","hentry","category-deportes","category-portada","category-turismo"],"_links":{"self":[{"href":"https:\/\/diariodominicano.com\/index.php?rest_route=\/wp\/v2\/posts\/467197","targetHints":{"allow":["GET"]}}],"collection":[{"href":"https:\/\/diariodominicano.com\/index.php?rest_route=\/wp\/v2\/posts"}],"about":[{"href":"https:\/\/diariodominicano.com\/index.php?rest_route=\/wp\/v2\/types\/post"}],"author":[{"embeddable":true,"href":"https:\/\/diariodominicano.com\/index.php?rest_route=\/wp\/v2\/users\/28"}],"replies":[{"embeddable":true,"href":"https:\/\/diariodominicano.com\/index.php?rest_route=%2Fwp%2Fv2%2Fcomments&post=467197"}],"version-history":[{"count":4,"href":"https:\/\/diariodominicano.com\/index.php?rest_route=\/wp\/v2\/posts\/467197\/revisions"}],"predecessor-version":[{"id":467203,"href":"https:\/\/diariodominicano.com\/index.php?rest_route=\/wp\/v2\/posts\/467197\/revisions\/467203"}],"wp:featuredmedia":[{"embeddable":true,"href":"https:\/\/diariodominicano.com\/index.php?rest_route=\/wp\/v2\/media\/467198"}],"wp:attachment":[{"href":"https:\/\/diariodominicano.com\/index.php?rest_route=%2Fwp%2Fv2%2Fmedia&parent=467197"}],"wp:term":[{"taxonomy":"category","embeddable":true,"href":"https:\/\/diariodominicano.com\/index.php?rest_route=%2Fwp%2Fv2%2Fcategories&post=467197"},{"taxonomy":"post_tag","embeddable":true,"href":"https:\/\/diariodominicano.com\/index.php?rest_route=%2Fwp%2Fv2%2Ftags&post=467197"}],"curies":[{"name":"wp","href":"https:\/\/api.w.org\/{rel}","templated":true}]}}