{"id":46714,"date":"2020-08-31T01:51:29","date_gmt":"2020-08-31T01:51:29","guid":{"rendered":"http:\/\/diariodominicano.ddns.net\/?p=46714"},"modified":"2020-08-31T01:51:29","modified_gmt":"2020-08-31T01:51:29","slug":"por-que-hacerlo-diferente","status":"publish","type":"post","link":"https:\/\/diariodominicano.com\/?p=46714","title":{"rendered":"\u00bfPor qu\u00e9 hacerlo diferente?"},"content":{"rendered":"<p><body><\/p>\n<p><strong>Diariodominicano.com<\/strong><\/p>\n<p><strong>\u00bfPor qu\u00e9 hacerlo diferente?<\/strong><\/p>\n<p><strong>Franklin Almeyda Rancier  <\/strong><\/p>\n<p>Esa interrogante \u00bfPor qu\u00e9 hacerlo diferente? la escuch\u00e9 muchas veces entre importantes dirigentes del PLD, como una negativa a la transformaci\u00f3n de la organizaci\u00f3n para hacer las cosas diferentes.<\/p>\n<\/p>\n<p>No s\u00f3lo se desconoc\u00eda cambiar el estado de cosas, por tener un inter\u00e9s particular y no general, sino que se ignoraba la ciencia pol\u00edtica d\u00e1ndole de lado a lo aprendido de que en la naturaleza y las sociedades \u00ablo \u00fanico permanente, es el cambio permanente\u00bb.<\/p>\n<p>Entre las leyes fundamentales de la actividad social y pol\u00edtica est\u00e1 la dial\u00e9ctica que demuestra que todo cambia y se transforma. Es que decir que \u00ablo que resulta no se cambia\u00bb, es igual a no ver los grandes problemas cuando est\u00e1n peque\u00f1os. Es ignorar los procesos dial\u00e9cticos.<\/p>\n<\/p>\n<p>Las personas, las organizaciones y los pa\u00edses se acomodan a seguir haciendo siempre lo mismo; la mayor\u00eda de las veces lo que obliga a hacer las cosas de otra manera es cuando surgen crisis. Por eso aquel gran cient\u00edfico Albert Einstein dej\u00f3 dicho:<\/p>\n<\/p>\n<p>\u00abLa crisis es la mejor bendici\u00f3n que puede sucederle a las personas y los pa\u00edses, porque la crisis trae progresos\u00bb; lo motivaba diciendo: \u00abSin crisis no hay desaf\u00edos, sin desaf\u00edos la vida es una rutina, una lenta agon\u00eda. Sin crisis no hay m\u00e9ritos&#8230;\u00bb.<\/p>\n<\/p>\n<p>\u00abEs en la crisis donde nace la inventiva, los descubrimientos y las grandes estrategias (&#8230;) Quien supera la crisis se supera a s\u00ed mismo sin quedar superado (&#8230;) Es en la crisis donde aflora lo mejor de cada uno\u00bb.<\/p>\n<\/p>\n<p>En el PLD hubo un proceso involutivo en la estructura, funcionalidad y prop\u00f3sitos de la organizaci\u00f3n, posiblemente porque \u00absi todo va bien, \u00bfpor qu\u00e9 cambiar?\u00bb.<\/p>\n<\/p>\n<p>Debido a la salida de Leonel Fern\u00e1ndez del PLD, encabezando un gran sector de esa organizaci\u00f3n, en alianza pol\u00edtica con los del PTD y de otros sectores, incluyendo a independientes, se ha formado la Fuerza del Pueblo. Esta organizaci\u00f3n ha llamado, terminado el proceso electoral, a celebrar su \u00abPrimer Congreso del Pueblo Profesor Juan Bosch\u00bb.<\/p>\n<\/p>\n<p>Este evento se iniciar\u00e1 el 6 de noviembre, fecha de la primera Constituci\u00f3n y se clausurar\u00e1 el 27 de febrero, d\u00eda de la Independencia Nacional. Se tienen previstos 17 temas pol\u00edticos, organizacionales e ideol\u00f3gicos; con ellos producir igual cantidad de documentos a ser aprobados en el Congreso.<\/p>\n<\/p>\n<p>Lo novedoso es que los debates ser\u00e1n abiertos por medios digitales, electr\u00f3nicos y tradicionales, con la participaci\u00f3n directa de los interesados, miembros que se reinscriban y los nuevos que se inscriban en el Partido.<\/p>\n<\/p>\n<p>Cada mesa tem\u00e1tica tendr\u00e1 un tope de miembros participantes con voz y voto, pero podr\u00e1 registrarse el que desee para presenciar los debates y opinar por los canales y medios digitales que para tal efecto se dispondr\u00e1n.<\/p>\n<\/p>\n<p>Eso significa que si por cada una de las 17 mesas tem\u00e1ticas se podr\u00edan registrar, para ser miembros, 200 personas estamos hablando de 3 mil 400; pero si son 300 hablar\u00edamos de 5 mil 100. Sin incluir alrededor de 2 mil dirigentes provinciales, municipales, distritos municipales y del exterior con derecho pleno a participar.<\/p>\n<\/p>\n<p>Realizar un congreso partidario novedoso, con apertura y participaci\u00f3n, es la respuesta a la crisis en el sistema de partido. Por su creatividad e inventiva cambiar\u00e1 totalmente la forma de organizaci\u00f3n partidaria de cara a la revoluci\u00f3n digital. La Fuerza del Pueblo ser\u00e1 expresi\u00f3n del cambio permanente.<\/p>\n<h6> 2020-08-31 01:51:29 <\/h6>\n<p><!--\n<link rel=\"stylesheet\" href=\"css\/bootstrap.min.css\">\n\n\n<ul class=\"pagination\">\n\t    \n\t\n\n<li >\n\t<a href='?page_no=92'>Previous<\/a>\n\t<\/li>\n\n\n       \n    \n\n<li><a href='?page_no=1'>1<\/a><\/li>\n\n\n\n<li><a href='?page_no=2'>2<\/a><\/li>\n\n\n\n<li><a>...<\/a><\/li>\n\n\n\n<li><a href='?page_no=91'>91<\/a><\/li>\n\n\n\n<li><a href='?page_no=92'>92<\/a><\/li>\n\n\n\n<li class='active'><a>93<\/a><\/li>\n\n\n\n<li><a href='?page_no=94'>94<\/a><\/li>\n\n\n\n<li><a href='?page_no=95'>95<\/a><\/li>\n\n\n\n<li><a>...<\/a><\/li>\n\n\n\n<li><a href='?page_no=13611'>13611<\/a><\/li>\n\n\n\n<li><a href='?page_no=13612'>13612<\/a><\/li>\n\n    \n\t\n\n<li >\n\t<a href='?page_no=94'>Next<\/a>\n\t<\/li>\n\n\n    \n\n<li><a href='?page_no=13612'>Last &rsaquo;&rsaquo;<\/a><\/li>\n\n<\/ul>\n\n\n--><br \/>\n<\/body><\/p>\n","protected":false},"excerpt":{"rendered":"<p>Diariodominicano.com \u00bfPor qu\u00e9 hacerlo diferente? Franklin Almeyda Rancier Esa interrogante \u00bfPor qu\u00e9 hacerlo diferente? la escuch\u00e9 muchas veces entre importantes dirigentes del PLD, como una negativa a la transformaci\u00f3n de la organizaci\u00f3n para hacer las cosas diferentes. No s\u00f3lo se desconoc\u00eda cambiar el estado de cosas, por tener un inter\u00e9s particular y no general, sino [&hellip;]<\/p>\n","protected":false},"author":3,"featured_media":0,"comment_status":"open","ping_status":"open","sticky":false,"template":"","format":"standard","meta":{"footnotes":""},"categories":[16],"tags":[],"class_list":["post-46714","post","type-post","status-publish","format-standard","hentry","category-opiniones"],"_links":{"self":[{"href":"https:\/\/diariodominicano.com\/index.php?rest_route=\/wp\/v2\/posts\/46714","targetHints":{"allow":["GET"]}}],"collection":[{"href":"https:\/\/diariodominicano.com\/index.php?rest_route=\/wp\/v2\/posts"}],"about":[{"href":"https:\/\/diariodominicano.com\/index.php?rest_route=\/wp\/v2\/types\/post"}],"author":[{"embeddable":true,"href":"https:\/\/diariodominicano.com\/index.php?rest_route=\/wp\/v2\/users\/3"}],"replies":[{"embeddable":true,"href":"https:\/\/diariodominicano.com\/index.php?rest_route=%2Fwp%2Fv2%2Fcomments&post=46714"}],"version-history":[{"count":0,"href":"https:\/\/diariodominicano.com\/index.php?rest_route=\/wp\/v2\/posts\/46714\/revisions"}],"wp:attachment":[{"href":"https:\/\/diariodominicano.com\/index.php?rest_route=%2Fwp%2Fv2%2Fmedia&parent=46714"}],"wp:term":[{"taxonomy":"category","embeddable":true,"href":"https:\/\/diariodominicano.com\/index.php?rest_route=%2Fwp%2Fv2%2Fcategories&post=46714"},{"taxonomy":"post_tag","embeddable":true,"href":"https:\/\/diariodominicano.com\/index.php?rest_route=%2Fwp%2Fv2%2Ftags&post=46714"}],"curies":[{"name":"wp","href":"https:\/\/api.w.org\/{rel}","templated":true}]}}