{"id":467002,"date":"2023-08-27T22:32:07","date_gmt":"2023-08-28T02:32:07","guid":{"rendered":"http:\/\/diariodominicano.com\/?p=467002"},"modified":"2023-08-27T22:32:07","modified_gmt":"2023-08-28T02:32:07","slug":"aderes-reconoce-a-andres-marranzini-grullon-por-sus-aportes-al-sector-gastronomico-de-la-republica-dominicana","status":"publish","type":"post","link":"https:\/\/diariodominicano.com\/?p=467002","title":{"rendered":"Aderes reconoce a Andr\u00e9s Marranzini Grull\u00f3n por sus aportes al sector gastron\u00f3mico de la Rep\u00fablica Dominicana"},"content":{"rendered":"\n<p> Omar Cepeda, presidente de Aderes,  dijo que Aderes valora el constante compromiso  de Andr\u00e9s Marranzini Grull\u00f3n,  precursor de importantes iniciativas como SDQ Gastron\u00f3mico y Restaurant Week.<\/p>\n\n\n\n<p><strong><br><\/strong><br>La Asociaci\u00f3n Dominicana de Restaurantes, Aderes, resalt\u00f3 los aportes de Andr\u00e9s Marranzini Grull\u00f3n, vicepresidente ejecutivo de la Asociaci\u00f3n de Hoteles y Turismo de la Rep\u00fablica Dominicana, Asonahores, por sus invaluables aportes al posicionamiento de la gastronom\u00eda como un elemento de promoci\u00f3n tur\u00edstica de la amplia y variada experiencia culinaria.<\/p>\n\n\n\n<p><br>Omar Cepeda, presidente de Aderes, indic\u00f3 que la entidad valora su constante compromiso siendo precursor de importantes iniciativas como SDQ Gastron\u00f3mico y Restaurant Week aportando su visi\u00f3n y dedicaci\u00f3n para resaltar lo mejor del sector culinario.<\/p>\n\n\n\n<figure class=\"wp-block-image size-large\"><img loading=\"lazy\" decoding=\"async\" width=\"1024\" height=\"724\" src=\"https:\/\/diariodominicano.com\/wp-content\/uploads\/2023\/08\/PHOTO-2023-08-27-12-07-24-1024x724.jpg\" alt=\"\" class=\"wp-image-467006\" srcset=\"https:\/\/diariodominicano.com\/wp-content\/uploads\/2023\/08\/PHOTO-2023-08-27-12-07-24-1024x724.jpg 1024w, https:\/\/diariodominicano.com\/wp-content\/uploads\/2023\/08\/PHOTO-2023-08-27-12-07-24-300x212.jpg 300w, https:\/\/diariodominicano.com\/wp-content\/uploads\/2023\/08\/PHOTO-2023-08-27-12-07-24-768x543.jpg 768w, https:\/\/diariodominicano.com\/wp-content\/uploads\/2023\/08\/PHOTO-2023-08-27-12-07-24-816x577.jpg 816w, https:\/\/diariodominicano.com\/wp-content\/uploads\/2023\/08\/PHOTO-2023-08-27-12-07-24.jpg 1426w\" sizes=\"auto, (max-width: 1024px) 100vw, 1024px\" \/><\/figure>\n\n\n\n<p><br>\u201cPara Aderes es un gran honor entregar este reconocimiento a Andr\u00e9s Marranzini Grull\u00f3n, quien desde su llegada a Asonahores, ha sido un abanderado de la gastronom\u00eda para fortalecer la oferta tur\u00edstica y convertir al pa\u00eds en un referente de destino gastron\u00f3mico en la regi\u00f3n\u201d, afirm\u00f3 Cepeda.<\/p>\n\n\n\n<p><br>As\u00ed mismo, manifest\u00f3 que gracias a esta visi\u00f3n Aderes ha presentado un crecimiento notable enfocados en ofrecer propuestas que resalten lo mejor de la gastronom\u00eda del pa\u00eds.<\/p>\n\n\n\n<p><br>Andr\u00e9s Marranzini Grull\u00f3n agradeci\u00f3 a Aderes y expres\u00f3 que estas iniciativas de apoyo al sector culinario surgieron con el inter\u00e9s de lograr el reconocimiento internacional del pa\u00eds a trav\u00e9s de una oferta gastron\u00f3mica aut\u00f3ctona exhibiendo a los mejores restaurantes del pa\u00eds.<\/p>\n\n\n\n<p><br>El reconocimiento fue entregado en el lanzamiento de la sexta versi\u00f3n de SDQ Gastron\u00f3mico y Restaurant Week donde anunciaron las distintas actividades que estar\u00e1n realizando para resaltar diversidad de sabores que ofrece la gastronom\u00eda local.<\/p>\n\n\n\n<p><\/p>\n\n\n\n<p>alexis antonio roa Roa<a target=\"_blank\" href=\"mailto:alexisrpdncd@gmail.com\" rel=\"noreferrer noopener\">alexisrpdncd@gmail.com<\/a><\/p>\n","protected":false},"excerpt":{"rendered":"<p>Omar Cepeda, presidente de Aderes, dijo que Aderes valora el constante compromiso de Andr\u00e9s Marranzini Grull\u00f3n, precursor de importantes iniciativas como SDQ Gastron\u00f3mico y Restaurant Week. La Asociaci\u00f3n Dominicana de Restaurantes, Aderes, resalt\u00f3 los aportes de Andr\u00e9s Marranzini Grull\u00f3n, vicepresidente ejecutivo de la Asociaci\u00f3n de Hoteles y Turismo de la Rep\u00fablica Dominicana, Asonahores, por sus [&hellip;]<\/p>\n","protected":false},"author":28,"featured_media":467004,"comment_status":"closed","ping_status":"","sticky":false,"template":"","format":"standard","meta":{"footnotes":""},"categories":[36,18,32],"tags":[],"class_list":["post-467002","post","type-post","status-publish","format-standard","has-post-thumbnail","hentry","category-hombresmujeresycosas","category-economia","category-turismo"],"_links":{"self":[{"href":"https:\/\/diariodominicano.com\/index.php?rest_route=\/wp\/v2\/posts\/467002","targetHints":{"allow":["GET"]}}],"collection":[{"href":"https:\/\/diariodominicano.com\/index.php?rest_route=\/wp\/v2\/posts"}],"about":[{"href":"https:\/\/diariodominicano.com\/index.php?rest_route=\/wp\/v2\/types\/post"}],"author":[{"embeddable":true,"href":"https:\/\/diariodominicano.com\/index.php?rest_route=\/wp\/v2\/users\/28"}],"replies":[{"embeddable":true,"href":"https:\/\/diariodominicano.com\/index.php?rest_route=%2Fwp%2Fv2%2Fcomments&post=467002"}],"version-history":[{"count":1,"href":"https:\/\/diariodominicano.com\/index.php?rest_route=\/wp\/v2\/posts\/467002\/revisions"}],"predecessor-version":[{"id":467007,"href":"https:\/\/diariodominicano.com\/index.php?rest_route=\/wp\/v2\/posts\/467002\/revisions\/467007"}],"wp:featuredmedia":[{"embeddable":true,"href":"https:\/\/diariodominicano.com\/index.php?rest_route=\/wp\/v2\/media\/467004"}],"wp:attachment":[{"href":"https:\/\/diariodominicano.com\/index.php?rest_route=%2Fwp%2Fv2%2Fmedia&parent=467002"}],"wp:term":[{"taxonomy":"category","embeddable":true,"href":"https:\/\/diariodominicano.com\/index.php?rest_route=%2Fwp%2Fv2%2Fcategories&post=467002"},{"taxonomy":"post_tag","embeddable":true,"href":"https:\/\/diariodominicano.com\/index.php?rest_route=%2Fwp%2Fv2%2Ftags&post=467002"}],"curies":[{"name":"wp","href":"https:\/\/api.w.org\/{rel}","templated":true}]}}