{"id":466967,"date":"2023-08-27T20:34:16","date_gmt":"2023-08-28T00:34:16","guid":{"rendered":"http:\/\/diariodominicano.com\/?p=466967"},"modified":"2023-08-27T20:34:16","modified_gmt":"2023-08-28T00:34:16","slug":"feria-del-libro-2023-con-amplia-cartelera-de-cine-en-la-cinemateca-dominicana","status":"publish","type":"post","link":"https:\/\/diariodominicano.com\/?p=466967","title":{"rendered":"Feria del Libro 2023 con amplia cartelera de cine en la Cinemateca Dominicana"},"content":{"rendered":"\n<p><strong><em>La programaci\u00f3n incluye la presentaci\u00f3n diaria de cortometrajes realizados por estudiantes de cine de distintas universidades del pa\u00eds<\/em><\/strong><\/p>\n\n\n\n<figure class=\"wp-block-image size-full\"><img loading=\"lazy\" decoding=\"async\" width=\"1000\" height=\"667\" src=\"https:\/\/diariodominicano.com\/wp-content\/uploads\/2023\/08\/La-programacion-incluye-la-presentacion-diaria-de-cortometrajes-realizados-por-estudiantes-de-cine-de-distintas-universidades-del-pais-1.jpg\" alt=\"\" class=\"wp-image-466969\" srcset=\"https:\/\/diariodominicano.com\/wp-content\/uploads\/2023\/08\/La-programacion-incluye-la-presentacion-diaria-de-cortometrajes-realizados-por-estudiantes-de-cine-de-distintas-universidades-del-pais-1.jpg 1000w, https:\/\/diariodominicano.com\/wp-content\/uploads\/2023\/08\/La-programacion-incluye-la-presentacion-diaria-de-cortometrajes-realizados-por-estudiantes-de-cine-de-distintas-universidades-del-pais-1-300x200.jpg 300w, https:\/\/diariodominicano.com\/wp-content\/uploads\/2023\/08\/La-programacion-incluye-la-presentacion-diaria-de-cortometrajes-realizados-por-estudiantes-de-cine-de-distintas-universidades-del-pais-1-768x512.jpg 768w, https:\/\/diariodominicano.com\/wp-content\/uploads\/2023\/08\/La-programacion-incluye-la-presentacion-diaria-de-cortometrajes-realizados-por-estudiantes-de-cine-de-distintas-universidades-del-pais-1-816x544.jpg 816w\" sizes=\"auto, (max-width: 1000px) 100vw, 1000px\" \/><\/figure>\n\n\n\n<p><strong>Santo Domingo, RD.-<\/strong>\u00a0La XXV Feria Internacional del Libro Santo Domingo 2023 celebrar\u00e1 el 35 aniversario del estreno de la pel\u00edcula dominicana \u201cUn pasaje de ida\u201d con m\u00faltiples proyecciones, y tom\u00e1ndola como eje central de una amplia cartelera que se presentar\u00e1 en la Cinemateca Dominicana.<\/p>\n\n\n\n<p>El evento literario y cultural, que en esta ocasi\u00f3n tiene como lema \u201cPara todo hay un libro\u201d, se desarrollar\u00e1 hasta el 4 de septiembre, est\u00e1 dedicado a la escritora Jeannette Miller, Premio Nacional de Literatura en 2011, y tiene a Israel como pa\u00eds invitado.<\/p>\n\n\n\n<p>Una caracter\u00edstica especial de esta edici\u00f3n es la participaci\u00f3n activa de los estudiantes de cine universitarios, que convierte la Feria del Libro 2023 en un escaparate para las voces emergentes de la creciente industria cinematogr\u00e1fica local.<\/p>\n\n\n\n<figure class=\"wp-block-image size-full\"><img loading=\"lazy\" decoding=\"async\" width=\"1000\" height=\"667\" src=\"https:\/\/diariodominicano.com\/wp-content\/uploads\/2023\/08\/Feria-del-Libro-2023-con-amplia-cartelera-de-cine-en-la-Cinemateca-Dominicana.jpg\" alt=\"\" class=\"wp-image-466970\" srcset=\"https:\/\/diariodominicano.com\/wp-content\/uploads\/2023\/08\/Feria-del-Libro-2023-con-amplia-cartelera-de-cine-en-la-Cinemateca-Dominicana.jpg 1000w, https:\/\/diariodominicano.com\/wp-content\/uploads\/2023\/08\/Feria-del-Libro-2023-con-amplia-cartelera-de-cine-en-la-Cinemateca-Dominicana-300x200.jpg 300w, https:\/\/diariodominicano.com\/wp-content\/uploads\/2023\/08\/Feria-del-Libro-2023-con-amplia-cartelera-de-cine-en-la-Cinemateca-Dominicana-768x512.jpg 768w, https:\/\/diariodominicano.com\/wp-content\/uploads\/2023\/08\/Feria-del-Libro-2023-con-amplia-cartelera-de-cine-en-la-Cinemateca-Dominicana-816x544.jpg 816w\" sizes=\"auto, (max-width: 1000px) 100vw, 1000px\" \/><\/figure>\n\n\n\n<p>La proyecci\u00f3n de cortometrajes se realizar\u00e1 todos los d\u00edas en horario de 9:00 a 11:00 de la ma\u00f1ana y de 3:00 a 4:00 de la tarde.<\/p>\n\n\n\n<p>El pa\u00eds invitado tendr\u00e1 un papel destacado en la muestra de cine, que proyectar\u00e1 diversas producciones israel\u00edes, como \u201cWorking Woman\u201d, \u201cThe Unorthodox\u201d, \u201cZero Motivation\u201d y el documental \u201cRecordando el Holocausto: que tu recuerdo sea amor\u201d, el cual describe una conmovedora historia de amor y de supervivencia en el campo de concentraci\u00f3n de Auschwitz durante la Segunda Guerra Mundial.<\/p>\n\n\n\n<p><strong>Cine dominicano<\/strong><\/p>\n\n\n\n<p>La cartelera tambi\u00e9n celebrar\u00e1 la cinematograf\u00eda dominicana, con la exhibici\u00f3n de las pel\u00edculas \u201cEl vendedor de arte\u201d, \u201cCandela\u201d, \u201cLos Andes no creen en Dios\u201d, \u201cMis 500 locos\u201d, \u201cPapi\u201d, \u201cLa Gunguna\u201d y \u201cUn pasaje de ida\u201d, as\u00ed como los documentales \u201cConsuelo\u201d, \u201cEternal Spring\u201d, \u201cC\u00f3mic dominicano\u201d, y \u201cCarta malva\u201d.<\/p>\n\n\n\n<p>\u201cUn pasaje de ida\u201d, dirigida por Agliberto Mel\u00e9ndez y considerada como la pel\u00edcula que da origen a la industria del cine dominicano, est\u00e1 basada en un hecho real acontecido el 6 de septiembre de 1980, cuando varios dominicanos fallecieron asfixiados dentro de un contenedor del barco Regina Express en su intento por salir del pa\u00eds de manera ilegal.<\/p>\n\n\n\n<p>El filme est\u00e1 protagonizado por Carlos Alfredo Fatule, \u00c1ngel Hach\u00e9, Rafael Villalona, \u00c1ngel Mu\u00f1iz, F\u00e9lix Germ\u00e1n y Giovanny Cruz, entre otros.<\/p>\n\n\n\n<p>La muestra de cine es una iniciativa que busca promover el arte cinematogr\u00e1fico como una forma de expresi\u00f3n cultural y educativa, as\u00ed como fomentar el intercambio y el di\u00e1logo entre los creadores y el p\u00fablico.<\/p>\n\n\n\n<p>En este sentido, se han programado cinef\u00f3rums tras la proyecci\u00f3n de varias de las pel\u00edculas, as\u00ed como una conferencia con el cineasta Bladimir Abud (\u201cLa lucha de Ana\u201d, \u201cLos S\u00faper\u201d, \u201cLa otra Pen\u00e9lope\u201d).<\/p>\n\n\n\n<p>Parte de la oferta cultural de esta edici\u00f3n incluye la exposici\u00f3n fotogr\u00e1fica \u201cEmociones\u201d, de Jochy Campusano, quien presenta una serie de retratos de actores dominicanos mostrando una amplia gama de emociones humanas, que van desde la euforia desenfrenada hasta la melancol\u00eda m\u00e1s profunda, captadas en el ambiente teatral.<\/p>\n\n\n\n<p>Los interesados podr\u00e1n acceder al programa completo de la feria, incluyendo las fechas y horarios de las conferencias y coloquios, a trav\u00e9s de las redes sociales del Ministerio de Cultura (@miculturard) y en el portal&nbsp;<a href=\"http:\/\/www.cultura.gob.do\/\" target=\"_blank\" rel=\"noreferrer noopener\">www.cultura.gob.do<\/a>. La entrada y todos los eventos son de acceso libre y gratuito para todo el p\u00fablico.<\/p>\n\n\n\n<p>Asimismo, para dar seguimiento a todas las noticias relacionadas con esta fiesta cultural se puede sintonizar el canal oficial de la XXV Feria Internacional del Libro: Radio Televisi\u00f3n Dominicana (Canal 4).<\/p>\n","protected":false},"excerpt":{"rendered":"<p>La programaci\u00f3n incluye la presentaci\u00f3n diaria de cortometrajes realizados por estudiantes de cine de distintas universidades del pa\u00eds Santo Domingo, RD.-\u00a0La XXV Feria Internacional del Libro Santo Domingo 2023 celebrar\u00e1 el 35 aniversario del estreno de la pel\u00edcula dominicana \u201cUn pasaje de ida\u201d con m\u00faltiples proyecciones, y tom\u00e1ndola como eje central de una amplia cartelera [&hellip;]<\/p>\n","protected":false},"author":28,"featured_media":466968,"comment_status":"closed","ping_status":"","sticky":false,"template":"","format":"standard","meta":{"footnotes":""},"categories":[21,36,25,32],"tags":[],"class_list":["post-466967","post","type-post","status-publish","format-standard","has-post-thumbnail","hentry","category-cultura","category-hombresmujeresycosas","category-gente","category-turismo"],"_links":{"self":[{"href":"https:\/\/diariodominicano.com\/index.php?rest_route=\/wp\/v2\/posts\/466967","targetHints":{"allow":["GET"]}}],"collection":[{"href":"https:\/\/diariodominicano.com\/index.php?rest_route=\/wp\/v2\/posts"}],"about":[{"href":"https:\/\/diariodominicano.com\/index.php?rest_route=\/wp\/v2\/types\/post"}],"author":[{"embeddable":true,"href":"https:\/\/diariodominicano.com\/index.php?rest_route=\/wp\/v2\/users\/28"}],"replies":[{"embeddable":true,"href":"https:\/\/diariodominicano.com\/index.php?rest_route=%2Fwp%2Fv2%2Fcomments&post=466967"}],"version-history":[{"count":1,"href":"https:\/\/diariodominicano.com\/index.php?rest_route=\/wp\/v2\/posts\/466967\/revisions"}],"predecessor-version":[{"id":466971,"href":"https:\/\/diariodominicano.com\/index.php?rest_route=\/wp\/v2\/posts\/466967\/revisions\/466971"}],"wp:featuredmedia":[{"embeddable":true,"href":"https:\/\/diariodominicano.com\/index.php?rest_route=\/wp\/v2\/media\/466968"}],"wp:attachment":[{"href":"https:\/\/diariodominicano.com\/index.php?rest_route=%2Fwp%2Fv2%2Fmedia&parent=466967"}],"wp:term":[{"taxonomy":"category","embeddable":true,"href":"https:\/\/diariodominicano.com\/index.php?rest_route=%2Fwp%2Fv2%2Fcategories&post=466967"},{"taxonomy":"post_tag","embeddable":true,"href":"https:\/\/diariodominicano.com\/index.php?rest_route=%2Fwp%2Fv2%2Ftags&post=466967"}],"curies":[{"name":"wp","href":"https:\/\/api.w.org\/{rel}","templated":true}]}}