{"id":466933,"date":"2023-08-27T19:50:07","date_gmt":"2023-08-27T23:50:07","guid":{"rendered":"http:\/\/diariodominicano.com\/?p=466933"},"modified":"2023-08-27T19:50:07","modified_gmt":"2023-08-27T23:50:07","slug":"coe-emite-alerta-a-21-provincias-por-posibles-crecidas-de-rios-arroyos-canadas-e-inundaciones-repentinas","status":"publish","type":"post","link":"https:\/\/diariodominicano.com\/?p=466933","title":{"rendered":"COE emite alerta a 21 provincias por posibles crecidas de r\u00edos, arroyos, ca\u00f1adas e inundaciones repentinas"},"content":{"rendered":"\n<p>El Centro de Operaciones de Emergencias  (COE) emiti\u00f3 alerta a 21 provincias  de Rep\u00fablica Dominicana  por posibles crecidas de r\u00edos, arroyos\u00a0 y ca\u00f1adas, as\u00ed como inundaciones repentinas o urbanas, debido a que la humedad e inestabilidad asociada a la vaguada y el viento predominante causar\u00e1n incrementos nubosos m\u00e1s amplios, aguaceros fuertes, tormentas el\u00e9ctricas y r\u00e1fagas de viento.\u00a0 <\/p>\n\n\n\n<p>De las provincias incluidas 9 tienen  aviso de alerta amarilla y 12 en alerta amarilla.<\/p>\n\n\n\n<p><br>Las provincias en alerta amarilla\u00a0<img decoding=\"async\" alt=\"\ud83d\udfe1\" src=\"https:\/\/fonts.gstatic.com\/s\/e\/notoemoji\/15.0\/1f7e1\/32.png\">\u00a0son:\u00a0<br>Monse\u00f1or Nouel, \u00a0S\u00e1nchez Ram\u00edrez, \u00a0Monte Plata, \u00a0Santiago\u00a0, Saman\u00e1, La Vega, \u00a0San Jos\u00e9 de Ocoa, \u00a0Peravia\u00a0y Hermanas Mirabal.<br>En alerta verde\u00a0<img decoding=\"async\" alt=\"\ud83d\udfe2\" src=\"https:\/\/fonts.gstatic.com\/s\/e\/notoemoji\/15.0\/1f7e2\/32.png\">\u00a0est\u00e1n:\u00a0<br>EspaillatLa Romana, San Crist\u00f3bal, San Juan, \u00a0El Seibo, \u00a0Hato Mayor, \u00a0Distrito Nacional, Santo Domingo, \u00a0Mar\u00eda Trinidad S\u00e1nchez, \u00a0Duarte, \u00a0San Pedro de Macor\u00eds y \u00a0La Altagracia.<\/p>\n\n\n\n<p><br>El COE  recomienda a las personas abstenerse de cruzar r\u00edos, arroyos y ca\u00f1adas que presenten alto vol\u00famenes de agua y no hacer uso de balnearios (r\u00edos), en las provincias bajo alerta.<\/p>\n\n\n\n<p><br>Tambi\u00e9n  exhorta a la poblaci\u00f3n y a los organismos de primera respuesta en la costa Atl\u00e1ntica darle un estricto seguimiento a la restricci\u00f3n contenida en el informe marino de la @onamet_rdo<\/p>\n\n\n\n<p>Comunicaciones e Informaci\u00f3n Digital COE<a target=\"_blank\" href=\"mailto:cdigitalcoe@gmail.com\" rel=\"noreferrer noopener\">cdigitalcoe@gmail.com<\/a><\/p>\n\n\n\n<p><br><\/p>\n","protected":false},"excerpt":{"rendered":"<p>El Centro de Operaciones de Emergencias (COE) emiti\u00f3 alerta a 21 provincias de Rep\u00fablica Dominicana por posibles crecidas de r\u00edos, arroyos\u00a0 y ca\u00f1adas, as\u00ed como inundaciones repentinas o urbanas, debido a que la humedad e inestabilidad asociada a la vaguada y el viento predominante causar\u00e1n incrementos nubosos m\u00e1s amplios, aguaceros fuertes, tormentas el\u00e9ctricas y r\u00e1fagas [&hellip;]<\/p>\n","protected":false},"author":28,"featured_media":466934,"comment_status":"closed","ping_status":"","sticky":true,"template":"","format":"standard","meta":{"footnotes":""},"categories":[20,27,32],"tags":[],"class_list":["post-466933","post","type-post","status-publish","format-standard","has-post-thumbnail","hentry","category-dominicana-hoy","category-portada","category-turismo"],"_links":{"self":[{"href":"https:\/\/diariodominicano.com\/index.php?rest_route=\/wp\/v2\/posts\/466933","targetHints":{"allow":["GET"]}}],"collection":[{"href":"https:\/\/diariodominicano.com\/index.php?rest_route=\/wp\/v2\/posts"}],"about":[{"href":"https:\/\/diariodominicano.com\/index.php?rest_route=\/wp\/v2\/types\/post"}],"author":[{"embeddable":true,"href":"https:\/\/diariodominicano.com\/index.php?rest_route=\/wp\/v2\/users\/28"}],"replies":[{"embeddable":true,"href":"https:\/\/diariodominicano.com\/index.php?rest_route=%2Fwp%2Fv2%2Fcomments&post=466933"}],"version-history":[{"count":1,"href":"https:\/\/diariodominicano.com\/index.php?rest_route=\/wp\/v2\/posts\/466933\/revisions"}],"predecessor-version":[{"id":466935,"href":"https:\/\/diariodominicano.com\/index.php?rest_route=\/wp\/v2\/posts\/466933\/revisions\/466935"}],"wp:featuredmedia":[{"embeddable":true,"href":"https:\/\/diariodominicano.com\/index.php?rest_route=\/wp\/v2\/media\/466934"}],"wp:attachment":[{"href":"https:\/\/diariodominicano.com\/index.php?rest_route=%2Fwp%2Fv2%2Fmedia&parent=466933"}],"wp:term":[{"taxonomy":"category","embeddable":true,"href":"https:\/\/diariodominicano.com\/index.php?rest_route=%2Fwp%2Fv2%2Fcategories&post=466933"},{"taxonomy":"post_tag","embeddable":true,"href":"https:\/\/diariodominicano.com\/index.php?rest_route=%2Fwp%2Fv2%2Ftags&post=466933"}],"curies":[{"name":"wp","href":"https:\/\/api.w.org\/{rel}","templated":true}]}}