{"id":466822,"date":"2023-08-26T18:22:51","date_gmt":"2023-08-26T22:22:51","guid":{"rendered":"http:\/\/diariodominicano.com\/?p=466822"},"modified":"2023-08-26T19:25:48","modified_gmt":"2023-08-26T23:25:48","slug":"unade-inicia-proyecto-de-conservacion-de-aves-endemicas-dominicanas","status":"publish","type":"post","link":"https:\/\/diariodominicano.com\/?p=466822","title":{"rendered":"UNADE inicia proyecto de conservaci\u00f3n de aves end\u00e9micas dominicanas"},"content":{"rendered":"\n<p>El acto fue encabezado por el ministro de Defensa teniente general Carlos Luciano D\u00edaz Morfa, ERD, y el Rector de la UNADE General de Brigada Francisco A. Ovalle Pichardo, ERD.<\/p>\n\n\n\n<p>SANTO DOMINGO, RD.- El Ministerio de Defensa (MIDE) a trav\u00e9s de la Universidad Nacional para la Defensa \u201cGeneral Juan Pablo Duarte y D\u00edez\u201d (UNADE), inici\u00f3 un proyecto acad\u00e9mico-cient\u00edfico, para sembrar en los recintos militares, plantas que sirven de alimento a aves end\u00e9micas de Rep\u00fablica Dominicana y especies migratorias, para cuidar la flora y la fauna en los recintos de las Fuerzas Armadas.<\/p>\n\n\n\n<figure class=\"wp-block-image size-large\"><img loading=\"lazy\" decoding=\"async\" width=\"1024\" height=\"682\" src=\"https:\/\/diariodominicano.com\/wp-content\/uploads\/2023\/08\/WhatsApp-Image-2023-08-26-at-4.19.15-PM-1024x682.jpeg\" alt=\"\" class=\"wp-image-466824\" srcset=\"https:\/\/diariodominicano.com\/wp-content\/uploads\/2023\/08\/WhatsApp-Image-2023-08-26-at-4.19.15-PM-1024x682.jpeg 1024w, https:\/\/diariodominicano.com\/wp-content\/uploads\/2023\/08\/WhatsApp-Image-2023-08-26-at-4.19.15-PM-300x200.jpeg 300w, https:\/\/diariodominicano.com\/wp-content\/uploads\/2023\/08\/WhatsApp-Image-2023-08-26-at-4.19.15-PM-768x512.jpeg 768w, https:\/\/diariodominicano.com\/wp-content\/uploads\/2023\/08\/WhatsApp-Image-2023-08-26-at-4.19.15-PM-816x544.jpeg 816w, https:\/\/diariodominicano.com\/wp-content\/uploads\/2023\/08\/WhatsApp-Image-2023-08-26-at-4.19.15-PM.jpeg 1280w\" sizes=\"auto, (max-width: 1024px) 100vw, 1024px\" \/><\/figure>\n\n\n\n<figure class=\"wp-block-image size-large\"><img loading=\"lazy\" decoding=\"async\" width=\"1024\" height=\"652\" src=\"https:\/\/diariodominicano.com\/wp-content\/uploads\/2023\/08\/WhatsApp-Image-2023-08-26-at-4.19.14-PM-1-1024x652.jpeg\" alt=\"\" class=\"wp-image-466825\" srcset=\"https:\/\/diariodominicano.com\/wp-content\/uploads\/2023\/08\/WhatsApp-Image-2023-08-26-at-4.19.14-PM-1-1024x652.jpeg 1024w, https:\/\/diariodominicano.com\/wp-content\/uploads\/2023\/08\/WhatsApp-Image-2023-08-26-at-4.19.14-PM-1-300x191.jpeg 300w, https:\/\/diariodominicano.com\/wp-content\/uploads\/2023\/08\/WhatsApp-Image-2023-08-26-at-4.19.14-PM-1-768x489.jpeg 768w, https:\/\/diariodominicano.com\/wp-content\/uploads\/2023\/08\/WhatsApp-Image-2023-08-26-at-4.19.14-PM-1-816x520.jpeg 816w, https:\/\/diariodominicano.com\/wp-content\/uploads\/2023\/08\/WhatsApp-Image-2023-08-26-at-4.19.14-PM-1.jpeg 1280w\" sizes=\"auto, (max-width: 1024px) 100vw, 1024px\" \/><\/figure>\n\n\n\n<figure class=\"wp-block-image size-large is-resized\"><img loading=\"lazy\" decoding=\"async\" src=\"https:\/\/diariodominicano.com\/wp-content\/uploads\/2023\/08\/WhatsApp-Image-2023-08-26-at-4.19.13-PM-685x1024.jpeg\" alt=\"\" class=\"wp-image-466826\" width=\"616\" height=\"920\" srcset=\"https:\/\/diariodominicano.com\/wp-content\/uploads\/2023\/08\/WhatsApp-Image-2023-08-26-at-4.19.13-PM-685x1024.jpeg 685w, https:\/\/diariodominicano.com\/wp-content\/uploads\/2023\/08\/WhatsApp-Image-2023-08-26-at-4.19.13-PM-201x300.jpeg 201w, https:\/\/diariodominicano.com\/wp-content\/uploads\/2023\/08\/WhatsApp-Image-2023-08-26-at-4.19.13-PM.jpeg 698w\" sizes=\"auto, (max-width: 616px) 100vw, 616px\" \/><figcaption> El ministro de Defensa teniente general Carlos Luciano D\u00edaz Morfa, ERD, en la actividad <\/figcaption><\/figure>\n\n\n\n<p>La primera actividad de este proyecto, fue sembrar en los jardines del recinto militar donde est\u00e1 la sede del MIDE, ejemplares de una especie de arbusto nativo llamado Busunuco, cuyo nombre cient\u00edfico es Hamelia Patens. El acto fue encabezado por el ministro de Defensa teniente general Carlos Luciano D\u00edaz Morfa, ERD, y el Rector de la UNADE General de Brigada Francisco A. Ovalle Pichardo, ERD.<\/p>\n\n\n\n<figure class=\"wp-block-image size-large\"><img loading=\"lazy\" decoding=\"async\" width=\"683\" height=\"1024\" src=\"https:\/\/diariodominicano.com\/wp-content\/uploads\/2023\/08\/WhatsApp-Image-2023-08-26-at-4.19.14-PM-683x1024.jpeg\" alt=\"\" class=\"wp-image-466827\" srcset=\"https:\/\/diariodominicano.com\/wp-content\/uploads\/2023\/08\/WhatsApp-Image-2023-08-26-at-4.19.14-PM-683x1024.jpeg 683w, https:\/\/diariodominicano.com\/wp-content\/uploads\/2023\/08\/WhatsApp-Image-2023-08-26-at-4.19.14-PM-200x300.jpeg 200w, https:\/\/diariodominicano.com\/wp-content\/uploads\/2023\/08\/WhatsApp-Image-2023-08-26-at-4.19.14-PM-768x1152.jpeg 768w, https:\/\/diariodominicano.com\/wp-content\/uploads\/2023\/08\/WhatsApp-Image-2023-08-26-at-4.19.14-PM-816x1224.jpeg 816w, https:\/\/diariodominicano.com\/wp-content\/uploads\/2023\/08\/WhatsApp-Image-2023-08-26-at-4.19.14-PM.jpeg 828w\" sizes=\"auto, (max-width: 683px) 100vw, 683px\" \/><\/figure>\n\n\n\n<p>El Busunuco, es un arbusto cuyas flores y frutos sirven de alimento a especies de aves end\u00e9micas y migratorias. Los zumbadores o colibr\u00edes liban el n\u00e9ctar de sus flores y se han observado m\u00e1s de 30 especies que se alimentan de sus frutos.<\/p>\n\n\n\n<p>Hamelia Patens pertenece a la misma familia del caf\u00e9 (Rubiaceae), explic\u00f3 el maestro Sim\u00f3n Tadeo Guerrero, docente investigador de la UNADE. La iniciativa, presidida por el ministro D\u00edaz Morfa forma parte de un proyecto que tiene por finalidad, la conservaci\u00f3n de las aves y su h\u00e1bitat teniendo como punto de partida los campamentos militares, pero que ser\u00e1 extendida a otros lugares e instituciones del territorio dominicano.<\/p>\n\n\n\n<figure class=\"wp-block-image size-large\"><img loading=\"lazy\" decoding=\"async\" width=\"1024\" height=\"682\" src=\"https:\/\/diariodominicano.com\/wp-content\/uploads\/2023\/08\/WhatsApp-Image-2023-08-26-at-4.19.15-PM-1-1024x682.jpeg\" alt=\"\" class=\"wp-image-466828\" srcset=\"https:\/\/diariodominicano.com\/wp-content\/uploads\/2023\/08\/WhatsApp-Image-2023-08-26-at-4.19.15-PM-1-1024x682.jpeg 1024w, https:\/\/diariodominicano.com\/wp-content\/uploads\/2023\/08\/WhatsApp-Image-2023-08-26-at-4.19.15-PM-1-300x200.jpeg 300w, https:\/\/diariodominicano.com\/wp-content\/uploads\/2023\/08\/WhatsApp-Image-2023-08-26-at-4.19.15-PM-1-768x512.jpeg 768w, https:\/\/diariodominicano.com\/wp-content\/uploads\/2023\/08\/WhatsApp-Image-2023-08-26-at-4.19.15-PM-1-816x544.jpeg 816w, https:\/\/diariodominicano.com\/wp-content\/uploads\/2023\/08\/WhatsApp-Image-2023-08-26-at-4.19.15-PM-1.jpeg 1280w\" sizes=\"auto, (max-width: 1024px) 100vw, 1024px\" \/><\/figure>\n\n\n\n<p>Al hablar en el acto, el general Ovalle Pichardo, dijo que \u201cla actividad forma parte de un ambicioso proyecto de investigaci\u00f3n que incluye en una segunda etapa, la implementaci\u00f3n de nidos artificiales utilizados por la especie Trog\u00f3n de la Hispaniola (Priotelus Roseigaster), ave end\u00e9mica de la familia del Quetzal, que solo existe en nuestra isla y que se anida en los huecos de los \u00e1rboles.<\/p>\n\n\n\n<p>Habla Sim\u00f3n Guerrero<\/p>\n\n\n\n<p>El proyecto es coordinado por el profesor Sim\u00f3n Guerrero, asesor acad\u00e9mico y de investigaci\u00f3n del UNADE, quien dijo en el acto que est\u00e1 esta iniciativa \u201cse corresponde con una estrategia mundial que busca preservar aquellos seres vivos sobre la faz de la tierra y descubrir su utilidad como soluci\u00f3n a problemas humanos y del mismo planeta\u201d.<\/p>\n\n\n\n<p>El investigador indic\u00f3 que con la siembra de los \u00e1rboles nativos de la Am\u00e9rica tropical, desde M\u00e9xico al norte de Argentina, se podr\u00e1 observar el comportamiento de las aves que se alimenten de sus flores y frutos, de las cu\u00e1les hay identificadas unas 35 en el pa\u00eds, cifra que en comparaci\u00f3n a Canad\u00e1, donde s\u00f3lo hay 4, es un n\u00famero relevante.<\/p>\n\n\n\n<p>Prensa Mide<a target=\"_blank\" href=\"mailto:prensaj5mide@gmail.com\" rel=\"noreferrer noopener\">prensaj5mide@gmail.com<\/a><\/p>\n\n\n\n<p><strong><em>Departamento de Prensa<\/em><\/strong><\/p>\n\n\n\n<p><em><strong>Direcci\u00f3n de Asuntos Civiles del Estado Mayor Conjunto, J5<\/strong><\/em><\/p>\n\n\n\n<p><em><strong>Ministerio de Defensa de Rep\u00fablica Dominicana<\/strong><\/em><\/p>\n","protected":false},"excerpt":{"rendered":"<p>El acto fue encabezado por el ministro de Defensa teniente general Carlos Luciano D\u00edaz Morfa, ERD, y el Rector de la UNADE General de Brigada Francisco A. Ovalle Pichardo, ERD. SANTO DOMINGO, RD.- El Ministerio de Defensa (MIDE) a trav\u00e9s de la Universidad Nacional para la Defensa \u201cGeneral Juan Pablo Duarte y D\u00edez\u201d (UNADE), inici\u00f3 [&hellip;]<\/p>\n","protected":false},"author":28,"featured_media":466823,"comment_status":"closed","ping_status":"","sticky":true,"template":"","format":"standard","meta":{"footnotes":""},"categories":[20,27,32],"tags":[],"class_list":["post-466822","post","type-post","status-publish","format-standard","has-post-thumbnail","hentry","category-dominicana-hoy","category-portada","category-turismo"],"_links":{"self":[{"href":"https:\/\/diariodominicano.com\/index.php?rest_route=\/wp\/v2\/posts\/466822","targetHints":{"allow":["GET"]}}],"collection":[{"href":"https:\/\/diariodominicano.com\/index.php?rest_route=\/wp\/v2\/posts"}],"about":[{"href":"https:\/\/diariodominicano.com\/index.php?rest_route=\/wp\/v2\/types\/post"}],"author":[{"embeddable":true,"href":"https:\/\/diariodominicano.com\/index.php?rest_route=\/wp\/v2\/users\/28"}],"replies":[{"embeddable":true,"href":"https:\/\/diariodominicano.com\/index.php?rest_route=%2Fwp%2Fv2%2Fcomments&post=466822"}],"version-history":[{"count":3,"href":"https:\/\/diariodominicano.com\/index.php?rest_route=\/wp\/v2\/posts\/466822\/revisions"}],"predecessor-version":[{"id":466832,"href":"https:\/\/diariodominicano.com\/index.php?rest_route=\/wp\/v2\/posts\/466822\/revisions\/466832"}],"wp:featuredmedia":[{"embeddable":true,"href":"https:\/\/diariodominicano.com\/index.php?rest_route=\/wp\/v2\/media\/466823"}],"wp:attachment":[{"href":"https:\/\/diariodominicano.com\/index.php?rest_route=%2Fwp%2Fv2%2Fmedia&parent=466822"}],"wp:term":[{"taxonomy":"category","embeddable":true,"href":"https:\/\/diariodominicano.com\/index.php?rest_route=%2Fwp%2Fv2%2Fcategories&post=466822"},{"taxonomy":"post_tag","embeddable":true,"href":"https:\/\/diariodominicano.com\/index.php?rest_route=%2Fwp%2Fv2%2Ftags&post=466822"}],"curies":[{"name":"wp","href":"https:\/\/api.w.org\/{rel}","templated":true}]}}