{"id":466699,"date":"2023-08-26T00:19:09","date_gmt":"2023-08-26T04:19:09","guid":{"rendered":"http:\/\/diariodominicano.com\/?p=466699"},"modified":"2023-08-26T00:31:32","modified_gmt":"2023-08-26T04:31:32","slug":"fouche-entre-lo-genial-y-lo-diabolico","status":"publish","type":"post","link":"https:\/\/diariodominicano.com\/?p=466699","title":{"rendered":"FOUCH\u00c9, ENTRE LO GENIAL Y LO DIAB\u00d3LICO"},"content":{"rendered":"\n<p>Joseph Fouch\u00e9<\/p>\n\n\n\n<p><strong>POR TE\u00d3FILO LAPPOT ROBLES<\/strong><\/p>\n\n\n\n<p>Joseph Fouch\u00e9, &nbsp;apodado por muchos como el genio tenebroso, naci\u00f3 el 31 de mayo de 1759 en la poblaci\u00f3n Le Pellerin, no muy lejos de la gran ciudad portuaria de Nantes, en el oeste de Francia.<\/p>\n\n\n\n<p>Nadie pudo predecir que aquel enigm\u00e1tico profesor de f\u00edsica y matem\u00e1ticas, voraz lector de famosas obras literarias, religiosas, filos\u00f3ficas y pol\u00edticas, se convertir\u00eda en uno de los personajes m\u00e1s controversiales de la Historia Universal, por su indiscutible condici\u00f3n de intrigante por antonomasia de la vida p\u00fablica de su pa\u00eds.<\/p>\n\n\n\n<p>Fouch\u00e9 fue cobijado durante una d\u00e9cada en claustros de conventos y seminarios, pero no le interes\u00f3 tomar los h\u00e1bitos de sacerdote cat\u00f3lico ni su inmundicia espiritual le permitir\u00eda llevar una vida mon\u00e1stica; pero aprendi\u00f3 en ese tiempo, entre otras muchas cosas, como luego lo rese\u00f1\u00f3 Zweig: \u201cla t\u00e9cnica de saber callar, el arte magistral de la autoocultaci\u00f3n, el magisterio de la observaci\u00f3n de las almas y la psicolog\u00eda\u2026\u201d<\/p>\n\n\n\n<p>Fue cuatro veces ministro de Polic\u00eda de Francia, entre otros cargos, y al morir ya le hab\u00eda sumado a su condici\u00f3n inicial de f\u00edsico, matem\u00e1tico y pol\u00edtico la de diplom\u00e1tico, abogado y escritor.<\/p>\n\n\n\n<figure class=\"wp-block-image size-large\"><img loading=\"lazy\" decoding=\"async\" width=\"1024\" height=\"863\" src=\"https:\/\/diariodominicano.com\/wp-content\/uploads\/2022\/05\/napoleon-bonaparte-emperador-de-francia-hrf50m-1024x863.jpg\" alt=\"\" class=\"wp-image-355915\" srcset=\"https:\/\/diariodominicano.com\/wp-content\/uploads\/2022\/05\/napoleon-bonaparte-emperador-de-francia-hrf50m-1024x863.jpg 1024w, https:\/\/diariodominicano.com\/wp-content\/uploads\/2022\/05\/napoleon-bonaparte-emperador-de-francia-hrf50m-300x253.jpg 300w, https:\/\/diariodominicano.com\/wp-content\/uploads\/2022\/05\/napoleon-bonaparte-emperador-de-francia-hrf50m-768x647.jpg 768w, https:\/\/diariodominicano.com\/wp-content\/uploads\/2022\/05\/napoleon-bonaparte-emperador-de-francia-hrf50m-816x688.jpg 816w, https:\/\/diariodominicano.com\/wp-content\/uploads\/2022\/05\/napoleon-bonaparte-emperador-de-francia-hrf50m.jpg 1300w\" sizes=\"auto, (max-width: 1024px) 100vw, 1024px\" \/><figcaption>Napole\u00f3n Bonaparte<\/figcaption><\/figure>\n\n\n\n<p>En el 1809, por acumulaci\u00f3n de incre\u00edbles acciones en las complejas galer\u00edas del poder, el emperador Napole\u00f3n Bonaparte le otorg\u00f3 el t\u00edtulo nobiliario y hereditario de duque de Otranto, lienzo de nobleza que hoy sigue vigente en la persona de su descendiente Charles-Louis Fouch\u00e9 de Otranto.<\/p>\n\n\n\n<p>En el 1792, en plena Revoluci\u00f3n francesa, fue electo diputado a la Convenci\u00f3n Nacional. A partir de entonces fue labrando con sigilo, sagacidad y sin ning\u00fan escr\u00fapulo su papel sobresaliente en la vida p\u00fablica de Francia, para lo cual ten\u00eda un carcaj cargado de flechas con puntas ponzo\u00f1osas.<\/p>\n\n\n\n<p>S\u00f3lo fue fiel a \u00e9l hasta la hora de su muerte, la cual le lleg\u00f3 con una larga y siniestra sombra detr\u00e1s, el 26 de diciembre de 1820, no en su castillo de la Provenza, sino desterrado, aislado, &nbsp;espiado y lleno de amargura, no s\u00f3lo por \u201cdecepciones dom\u00e9sticas\u201d.<\/p>\n\n\n\n<p>Falleci\u00f3 en la ciudad de Trieste, situada en una ribera del mar Adri\u00e1tico, donde lleg\u00f3 un a\u00f1o antes, cuando ya era en t\u00e9rminos m\u00e9dicos un desahuciado.<\/p>\n\n\n\n<p>Analizando las acciones de ese personaje, que \u201colfateaba el viento\u201d antes de inclinarse de un lado u otro, me da la impresi\u00f3n que estudi\u00f3 a fondo las argucias del astuto e incombustible gobernante chino de la antig\u00fcedad Chuko Liang, a quien apodaban Drag\u00f3n Dormido, \u201cque siempre se guardaba un as en la manga\u201d, para usarlo en el momento oportuno.<\/p>\n\n\n\n<figure class=\"wp-block-image size-full\"><img loading=\"lazy\" decoding=\"async\" width=\"470\" height=\"612\" src=\"https:\/\/diariodominicano.com\/wp-content\/uploads\/2023\/08\/gettyimages-152233627-612x612-1.jpg\" alt=\"\" class=\"wp-image-466705\" srcset=\"https:\/\/diariodominicano.com\/wp-content\/uploads\/2023\/08\/gettyimages-152233627-612x612-1.jpg 470w, https:\/\/diariodominicano.com\/wp-content\/uploads\/2023\/08\/gettyimages-152233627-612x612-1-230x300.jpg 230w\" sizes=\"auto, (max-width: 470px) 100vw, 470px\" \/><figcaption>Portrait de Joseph Fouche who was a politician. (Photo by Photo12\/UIG\/Getty Images)<\/figcaption><\/figure>\n\n\n\n<p>Cada paso que Fouch\u00e9 daba en la convulsa etapa en la que ejerci\u00f3 como pol\u00edtico lo hac\u00eda con la cautela de un ofidio, con una codificaci\u00f3n mental que proteg\u00eda con una coraza blindada por lo cual nadie nunca pudo descifrar.<\/p>\n\n\n\n<p>Napole\u00f3n Bonaparte, vale repetir, que firm\u00f3 el decreto otorg\u00e1ndole el ducado de Otranto, dijo de \u00e9l, en la prisi\u00f3n de Santa Elena donde muri\u00f3 en el 1821 como prisionero de los ingleses, despu\u00e9s de la derrota militar en Waterloo, lo siguiente: \u201cS\u00f3lo he conocido a un aut\u00e9ntico y completo traidor: \u00a1Fouch\u00e9! Completo traidor\u2026no ocasional, una genial naturaleza de la traici\u00f3n\u2026\u201d<\/p>\n\n\n\n<p>Fouch\u00e9, con su mente poderosa y su esp\u00edritu diab\u00f3lico, se mantuvo en una suerte de&nbsp; l\u00ednea de flotaci\u00f3n del poder hasta cinco a\u00f1os antes de morir. Desempe\u00f1\u00f3 elevadas funciones en cinco gobiernos, y a todos traicion\u00f3.<\/p>\n\n\n\n<p>Era un experto retorciendo los hechos. Para \u00e9l ni la verdad jur\u00eddica ni ninguna expresi\u00f3n de decencia pol\u00edtica ten\u00edan importancia si no se ajustaban a sus objetivos personales.<\/p>\n\n\n\n<p>Primero se disfraz\u00f3 de girondino y luego hizo el papel de jacobino. En ambos casos manipul\u00f3 a sus compa\u00f1eros de ocasi\u00f3n.<\/p>\n\n\n\n<p>Fue el summun del camaleonismo en materia pol\u00edtica, como se comprueba al examinar sus hechos cargados de malicia.<\/p>\n\n\n\n<p>Le gustaba moverse detr\u00e1s del tel\u00f3n, gozaba empujando a otros para que se creyeran due\u00f1os del poder. Fue un h\u00e1bil titiritero que mov\u00eda a su antojo marionetas y papalotes multicolores que se mov\u00edan en el torbellino pol\u00edtico de la Francia del siglo XVIII.<\/p>\n\n\n\n<p>Busc\u00f3 el apoyo de Maximilien Robespierre, que desconfiaba de \u00e9l, y luego fue decisivo en la ca\u00edda de ese jefe jacobino. Contra todo pron\u00f3stico, en su condici\u00f3n de diputado vot\u00f3 para que el rey Luis XVI fuera guillotinado, a pesar de que le deb\u00eda muchos favores.<\/p>\n\n\n\n<p>Para vengar la muerte del l\u00edder revolucionario Joseph Chalier (guillotinado el 17 de julio de 1793 por un sector beligerante de la burgues\u00eda de Lyon), Fouch\u00e9 fue enviado por el llamado Comit\u00e9 de Salvaci\u00f3n P\u00fablica ajustar cuenta con la burgues\u00eda de aquella gran ciudad, entonces la de mayor desarrollo industrial de Francia.<\/p>\n\n\n\n<p>All\u00ed lleg\u00f3 el 10 de noviembre del referido a\u00f1o. El mandato expreso dado a \u00e9l, y a otros dos comisionados, era para cumplir un macabro decreto emitido por la Asamblea Nacional, cuyo art\u00edculo cuarto dec\u00eda textualmente as\u00ed:<\/p>\n\n\n\n<p>\u201cLa ciudad de Lyon ser\u00e1 destruida. Deber\u00e1 ser aniquilado todo aquello habitado por gentes con patrimonio, s\u00f3lo podr\u00e1n quedar en pie las casas de los pobres, las viviendas de los patriotas asesinados o proscritos, los edificios industriales y aquellos destinados a fines ben\u00e9ficos y educativos\u201d.<\/p>\n\n\n\n<figure class=\"wp-block-image size-large\"><img loading=\"lazy\" decoding=\"async\" width=\"796\" height=\"1024\" src=\"https:\/\/diariodominicano.com\/wp-content\/uploads\/2023\/08\/lossy-page1-1200px-Stefan_Zweig_Fundo_Correio_da_Manha_-_3_cropped.tif-796x1024.jpg\" alt=\"\" class=\"wp-image-466707\" srcset=\"https:\/\/diariodominicano.com\/wp-content\/uploads\/2023\/08\/lossy-page1-1200px-Stefan_Zweig_Fundo_Correio_da_Manha_-_3_cropped.tif-796x1024.jpg 796w, https:\/\/diariodominicano.com\/wp-content\/uploads\/2023\/08\/lossy-page1-1200px-Stefan_Zweig_Fundo_Correio_da_Manha_-_3_cropped.tif-233x300.jpg 233w, https:\/\/diariodominicano.com\/wp-content\/uploads\/2023\/08\/lossy-page1-1200px-Stefan_Zweig_Fundo_Correio_da_Manha_-_3_cropped.tif-768x988.jpg 768w, https:\/\/diariodominicano.com\/wp-content\/uploads\/2023\/08\/lossy-page1-1200px-Stefan_Zweig_Fundo_Correio_da_Manha_-_3_cropped.tif-1194x1536.jpg 1194w, https:\/\/diariodominicano.com\/wp-content\/uploads\/2023\/08\/lossy-page1-1200px-Stefan_Zweig_Fundo_Correio_da_Manha_-_3_cropped.tif-816x1050.jpg 816w, https:\/\/diariodominicano.com\/wp-content\/uploads\/2023\/08\/lossy-page1-1200px-Stefan_Zweig_Fundo_Correio_da_Manha_-_3_cropped.tif.jpg 1200w\" sizes=\"auto, (max-width: 796px) 100vw, 796px\" \/><figcaption> Stefan Zweig <\/figcaption><\/figure>\n\n\n\n<p>El m\u00e1s minucioso de sus bi\u00f3grafos, Stefan Zweig, en su obra titulada Retrato de un hombre pol\u00edtico, dice que: \u201cFouch\u00e9, al que han destinado a verdugo de Lyon, no ama la sangre en modo alguno. Este hombre fr\u00edo e insensible, calculador y jugador intelectual, m\u00e1s zorro que tigre, no necesita el olor de la sangre para excitar sus nervios\u201d.<\/p>\n\n\n\n<p>Pero es ese mismo Fouch\u00e9 fue el que en una plaza p\u00fablica de Lyon, frente a un busto itinerante del aludido Chalier, proclam\u00f3 ante una multitud sedienta de venganza estas palabras anunciadoras de sangre: \u201c\u2026Criminales te han sacrificado, m\u00e1rtir de la libertad, pero la sangre de esos criminales ser\u00e1 la \u00fanica expiaci\u00f3n que pueda calmar a tus indignados manes\u2026Te juramos delante de esta imagen vengar tu martirio, y la sangre de los arist\u00f3cratas te servir\u00e1 de incienso\u201d.<\/p>\n\n\n\n<p>La primera matanza ordenada por Fouch\u00e9 en Lyon se produjo en la ma\u00f1ana del d\u00eda 4 de diciembre del 1793, en una llanura colindante con el r\u00edo R\u00f3dano. Sesenta miembros de la burgues\u00eda fueron sacados de una c\u00e1rcel y utilizando el conocido m\u00e9todo de \u201ccarnicer\u00eda masiva\u201d fueron fulminados con ca\u00f1ones, pistolas y sables, y lanzados a fosas reci\u00e9n cavadas.<\/p>\n\n\n\n<p>Horas despu\u00e9s los muertos ser\u00edan doscientos diez, cuyos cad\u00e1veres fueron lanzados a la mencionada corriente de agua.<\/p>\n\n\n\n<p>En Tol\u00f3n, otra ciudad portuaria, en el sur de Francia, Fouch\u00e9 y Collot d\u2019Herbois, principalmente, ordenaron colocar \u201cdoscientos rebeldes ante la boca de los fusiles\u201d.<\/p>\n\n\n\n<p>Hubo varias masacres m\u00e1s en Lyon y poblaciones cercanas mientras los referidos comisionados estuvieron cumpliendo gustosos el mandato que les hab\u00edan dado.<\/p>\n\n\n\n<p>Es pertinente pensar que en esos tr\u00e1gicos momentos Fouch\u00e9 estaba poniendo una vez m\u00e1s en acci\u00f3n su condici\u00f3n de ser tenebroso.<\/p>\n\n\n\n<p>Tal vez recordaba lecturas pasadas en alg\u00fan refectorio de la ciudad de Nantes para tratar de justificarse a s\u00ed mismo por los excesos de sangre que protagonizaba en Lyon, como el texto que escribi\u00f3 el famoso autor de la obra Summa Teol\u00f3gica II: \u201cla vida de algunos hombres pestilentes impide el bien com\u00fan\u2026\u201d<\/p>\n\n\n\n<p>En medio de esa vor\u00e1gine de sangre de los jacobinos m\u00e1s radicales Fouch\u00e9 capta un giro favorable a los moderados en la Convenci\u00f3n y hacia ellos se inclina, renegando de los otros, a quienes de inmediato tilda de \u201carena de anarquistas y revoltosos\u201d. Era su manera de salvarse en cada ocasi\u00f3n que intu\u00eda alg\u00fan peligro para \u00e9l.&nbsp; &nbsp;<\/p>\n\n\n\n<p>El gran novelista y dramaturgo franc\u00e9s Honorato de Balzac, en su novela con matices de espionaje titulada Un asunto tenebroso, fue cuidadoso al referirse a la figura de Fouch\u00e9, analiz\u00e1ndolo en su secuencia psicol\u00f3gica: \u201cUn genio singular\u201d y \u201cla m\u00e1s poderosa cabeza que he conocido nunca\u201d; agregando que era \u201cacertado en todas sus profec\u00edas y de incre\u00edble agudeza\u201d.<\/p>\n\n\n\n<p>Su bi\u00f3grafo por excelencia, Stefan Zweig, calific\u00f3 a Fouch\u00e9 como un hombre de \u201cojos fr\u00edamente velados, impenetrables\u2026toda su pasi\u00f3n se carga y descarga bajo la impenetrable pared de su frente&#8230; hombre con sangre de pez\u2026ama de manera viciosa la aventura, y su pasi\u00f3n es la intriga\u2026el hombre de todos los partidos y convicciones\u201d. (Fouch\u00e9. Retrato de un hombre pol\u00edtico. Editorial Acantilado, edici\u00f3n del 2011. Stefan Zweig).<\/p>\n\n\n\n<p>teofilo lappot<a target=\"_blank\" href=\"mailto:teofilolappot@gmail.com\" rel=\"noreferrer noopener\">teofilolappot@gmail.com<\/a><\/p>\n","protected":false},"excerpt":{"rendered":"<p>Joseph Fouch\u00e9 POR TE\u00d3FILO LAPPOT ROBLES Joseph Fouch\u00e9, &nbsp;apodado por muchos como el genio tenebroso, naci\u00f3 el 31 de mayo de 1759 en la poblaci\u00f3n Le Pellerin, no muy lejos de la gran ciudad portuaria de Nantes, en el oeste de Francia. Nadie pudo predecir que aquel enigm\u00e1tico profesor de f\u00edsica y matem\u00e1ticas, voraz lector [&hellip;]<\/p>\n","protected":false},"author":28,"featured_media":466700,"comment_status":"closed","ping_status":"","sticky":true,"template":"","format":"standard","meta":{"footnotes":""},"categories":[21,36,27,32],"tags":[],"class_list":["post-466699","post","type-post","status-publish","format-standard","has-post-thumbnail","hentry","category-cultura","category-hombresmujeresycosas","category-portada","category-turismo"],"_links":{"self":[{"href":"https:\/\/diariodominicano.com\/index.php?rest_route=\/wp\/v2\/posts\/466699","targetHints":{"allow":["GET"]}}],"collection":[{"href":"https:\/\/diariodominicano.com\/index.php?rest_route=\/wp\/v2\/posts"}],"about":[{"href":"https:\/\/diariodominicano.com\/index.php?rest_route=\/wp\/v2\/types\/post"}],"author":[{"embeddable":true,"href":"https:\/\/diariodominicano.com\/index.php?rest_route=\/wp\/v2\/users\/28"}],"replies":[{"embeddable":true,"href":"https:\/\/diariodominicano.com\/index.php?rest_route=%2Fwp%2Fv2%2Fcomments&post=466699"}],"version-history":[{"count":7,"href":"https:\/\/diariodominicano.com\/index.php?rest_route=\/wp\/v2\/posts\/466699\/revisions"}],"predecessor-version":[{"id":466709,"href":"https:\/\/diariodominicano.com\/index.php?rest_route=\/wp\/v2\/posts\/466699\/revisions\/466709"}],"wp:featuredmedia":[{"embeddable":true,"href":"https:\/\/diariodominicano.com\/index.php?rest_route=\/wp\/v2\/media\/466700"}],"wp:attachment":[{"href":"https:\/\/diariodominicano.com\/index.php?rest_route=%2Fwp%2Fv2%2Fmedia&parent=466699"}],"wp:term":[{"taxonomy":"category","embeddable":true,"href":"https:\/\/diariodominicano.com\/index.php?rest_route=%2Fwp%2Fv2%2Fcategories&post=466699"},{"taxonomy":"post_tag","embeddable":true,"href":"https:\/\/diariodominicano.com\/index.php?rest_route=%2Fwp%2Fv2%2Ftags&post=466699"}],"curies":[{"name":"wp","href":"https:\/\/api.w.org\/{rel}","templated":true}]}}