{"id":466543,"date":"2023-08-25T13:42:36","date_gmt":"2023-08-25T17:42:36","guid":{"rendered":"http:\/\/diariodominicano.com\/?p=466543"},"modified":"2023-08-25T13:43:13","modified_gmt":"2023-08-25T17:43:13","slug":"imponen-prision-preventiva-contra-lideres-de-la-operacion-discovery-2-0","status":"publish","type":"post","link":"https:\/\/diariodominicano.com\/?p=466543","title":{"rendered":"Imponen prisi\u00f3n preventiva contra l\u00edderes de la Operaci\u00f3n Discovery 2.0: MP"},"content":{"rendered":"\n<p><em><u>El Tribunal encontr\u00f3 m\u00e9ritos suficientes para aplicar medidas de coerci\u00f3n a los 25 imputados y declarar el caso complejo<\/u><\/em><\/p>\n\n\n\n<p><strong>SANTIAGO, Rep\u00fablica Dominicana.-<\/strong>\u00a0El Ministerio P\u00fablico logr\u00f3 probar la gravedad de las imputaciones contra los 25 imputados por estafas transnacionales y m\u00faltiples delitos cibern\u00e9ticos, procesados bajo la Operaci\u00f3n Doscovery 2.0 y obtuvo medidas de coerci\u00f3n\u00a0 como lo hab\u00eda solicitado al juez de la Oficina Judicial de Servicios de Atenci\u00f3n Permanente de Santiago, que sostuvo que hall\u00f3 m\u00e9ritos suficientes para, adem\u00e1s, declarar el proceso de tramitaci\u00f3n compleja.\u00a0<\/p>\n\n\n\n<p>Atendiendo a esta solicitud y debido a la fortaleza de la investigaci\u00f3n, el juez Jos\u00e9 Rafael D&#8217; As\u00eds orden\u00f3 el cumplimiento de la prisi\u00f3n preventiva durante 12 meses contra Juan Rafael Parra Arias, Ram\u00f3n Esterling Polanco Leclerc (CCR-Rafey); Juan Armando V\u00e1squez Ram\u00edrez,&nbsp; Freddy William Urtarte (CCR-Vista al Valle), Leslie Agnes Succart Gonz\u00e1lez (CCR-Rafey Mujeres), Deuris Antonio Franco de la Cruz,&nbsp; Miguel \u00c1ngel Camilo P\u00e9rez (CCR-El Pinito);&nbsp; Hayler Andr\u00e9s Olivarez N\u00fa\u00f1ez, y Erick \u00c1ngel Pe\u00f1a N\u00fa\u00f1ez (CCR-La Isleta).&nbsp;<\/p>\n\n\n\n<p>En tanto que contra Arlin Josefina Rosa Rosario, se impuso el arresto domiciliario (basado en una solicitud del Ministerio P\u00fablico, por una condici\u00f3n de salud certificada), adem\u00e1s, el pago de una garant\u00eda econ\u00f3mica, prohibici\u00f3n a salir del pa\u00eds y presentaci\u00f3n peri\u00f3dica el \u00faltimo viernes de cada mes.&nbsp;<\/p>\n\n\n\n<p>El juzgador tambi\u00e9n impuso el pago de sendas garant\u00edas econ\u00f3micas, prohibici\u00f3n a salir del pa\u00eds y presentaci\u00f3n peri\u00f3dica en contra de los procesados: M\u00e9lquido Rojas Arias, Glorisel Mart\u00ednez Peralta, Arnaldo Manuel Rosario Nolasco, Wilson Miguel Rodr\u00edguez Suero, Lorena Francheska Antigua P\u00e9rez, M\u00e9rido Antonio Guzm\u00e1n Castro, Jonathan Ignacio Castro G\u00fcichardo, Luis Manuel Mart\u00ednez, Amaury Joel Mes\u00f3n, Waskar Canot Guzm\u00e1n y\/o Alexander Guzm\u00e1n Garc\u00eda, Jonathan Jes\u00fas Rodr\u00edguez Bonilla y Miguel \u00c1ngel V\u00e1squez (Disla).&nbsp;<\/p>\n\n\n\n<p>Las citadas medidas tambi\u00e9n incluyen a Yenny Carolina Corniel Henr\u00edquez y Juana Yadirys Ventura Mes\u00f3n.&nbsp;<\/p>\n\n\n\n<p>El tribunal, que ha otorgado al Ministerio P\u00fablico un tiempo de ocho meses para presentar acto conclusivo y al ponderar en toda su extensi\u00f3n la medida, declar\u00f3 el proceso de tramitaci\u00f3n compleja.&nbsp;<\/p>\n\n\n\n<p>El fiscal del Ministerio P\u00fablico, Warlyn Alberto Tav\u00e1rez, resalt\u00f3 el blindaje que recubre la investigaci\u00f3n, probando, las imputaciones que, de manera provisional, ha indilgado a cada uno de los procesados. Dijo tambi\u00e9n que prueba de la fortaleza de la investigaci\u00f3n es la admisi\u00f3n de cargos que han hecho varios de los imputados.&nbsp;<\/p>\n\n\n\n<p>El representante de la Fiscal\u00eda subray\u00f3 tambi\u00e9n que estos imputados utilizaban todo tipo de maniobras enga\u00f1osas para despojar de los recursos econ\u00f3micos a las v\u00edctimas.&nbsp;<\/p>\n\n\n\n<p>La estructura criminal que cometi\u00f3 numerosos delitos electr\u00f3nicos, incluyendo la estafa, intimidaci\u00f3n y usurpaci\u00f3n de identidad fue desarticulada tras m\u00e1s de un a\u00f1o de investigaci\u00f3n, an\u00e1lisis de evidencias, vigilancia e inteligencia, en medio de una operaci\u00f3n del Ministerio P\u00fablico que integr\u00f3, adem\u00e1s, a la Polic\u00eda de Nueva York y la Oficina de Investigaciones de Seguridad Nacional (HSI) de los Estados Unidos.&nbsp;<\/p>\n\n\n\n<p>Los agravios&nbsp;<\/p>\n\n\n\n<p>Adem\u00e1s de la afectaci\u00f3n econ\u00f3mica sufrida por las cientos de personas envejecientes estafadas en los Estados Unidos, defraudadas con millones de d\u00f3lares fruto de las estafas, los delitos cometidos por los integrantes de esta estructura constituyen un agravio a la imagen de Rep\u00fablica Dominicana, lo que a su vez lacera el turismo, una de las actividades principales en las que se sustenta la econom\u00eda nacional; afecta las relaciones de la naci\u00f3n con otros pa\u00edses, y supone un punto de quiebre para el futuro y la estabilidad de las familias que se les despoja de sus recursos.&nbsp;<\/p>\n\n\n\n<p>El \u00f3rgano persecutor establece que uno de los imputados, Claudio Santana o Claudio Mercedes, arrestado en el proceso, fue deportado a los Estados Unidos, donde enfrenta cargos por varios delitos cometidos en perjuicio de la legislaci\u00f3n de esa naci\u00f3n.&nbsp;<\/p>\n\n\n\n<p>La Fiscal\u00eda desarroll\u00f3 esta investigaci\u00f3n en contra de estos ciberdelincuentes que eran propietarios y operadores de cuatro centros de llamadas o \u201ccall centers\u201d clandestinos, que fueron allanados, secuestrando evidencias contundentes de los delitos imputados.&nbsp;<\/p>\n\n\n\n<p>La Operaci\u00f3n Discovery 2.0 se desarroll\u00f3 con un equipo de oficiales e investigadores multidisciplinarios que incluy\u00f3 a m\u00e1s de 26 fiscales, m\u00e1s de 230 agentes de la Polic\u00eda Nacional y t\u00e9cnicos de la Procuradur\u00eda Especializada contra Cr\u00edmenes y Delitos de Alta Tecnolog\u00eda, y de la Direcci\u00f3n General de Persecuci\u00f3n del Ministerio P\u00fablico que se emple\u00f3 en la coordinaci\u00f3n operativa.<\/p>\n\n\n\n<p><strong>Direcci\u00f3n General de Comunicaci\u00f3n, Prensa, y RRPP<\/strong><\/p>\n\n\n\n<p>Ministerio P\u00fablico.&nbsp;R.D.<\/p>\n\n\n\n<p>Viernes, 25 de agosto de 2023<\/p>\n","protected":false},"excerpt":{"rendered":"<p>El Tribunal encontr\u00f3 m\u00e9ritos suficientes para aplicar medidas de coerci\u00f3n a los 25 imputados y declarar el caso complejo SANTIAGO, Rep\u00fablica Dominicana.-\u00a0El Ministerio P\u00fablico logr\u00f3 probar la gravedad de las imputaciones contra los 25 imputados por estafas transnacionales y m\u00faltiples delitos cibern\u00e9ticos, procesados bajo la Operaci\u00f3n Doscovery 2.0 y obtuvo medidas de coerci\u00f3n\u00a0 como lo [&hellip;]<\/p>\n","protected":false},"author":28,"featured_media":302166,"comment_status":"closed","ping_status":"","sticky":true,"template":"","format":"standard","meta":{"footnotes":""},"categories":[24,29,27],"tags":[],"class_list":["post-466543","post","type-post","status-publish","format-standard","has-post-thumbnail","hentry","category-justicia-y-derecho","category-policiasucesos","category-portada"],"_links":{"self":[{"href":"https:\/\/diariodominicano.com\/index.php?rest_route=\/wp\/v2\/posts\/466543","targetHints":{"allow":["GET"]}}],"collection":[{"href":"https:\/\/diariodominicano.com\/index.php?rest_route=\/wp\/v2\/posts"}],"about":[{"href":"https:\/\/diariodominicano.com\/index.php?rest_route=\/wp\/v2\/types\/post"}],"author":[{"embeddable":true,"href":"https:\/\/diariodominicano.com\/index.php?rest_route=\/wp\/v2\/users\/28"}],"replies":[{"embeddable":true,"href":"https:\/\/diariodominicano.com\/index.php?rest_route=%2Fwp%2Fv2%2Fcomments&post=466543"}],"version-history":[{"count":2,"href":"https:\/\/diariodominicano.com\/index.php?rest_route=\/wp\/v2\/posts\/466543\/revisions"}],"predecessor-version":[{"id":466545,"href":"https:\/\/diariodominicano.com\/index.php?rest_route=\/wp\/v2\/posts\/466543\/revisions\/466545"}],"wp:featuredmedia":[{"embeddable":true,"href":"https:\/\/diariodominicano.com\/index.php?rest_route=\/wp\/v2\/media\/302166"}],"wp:attachment":[{"href":"https:\/\/diariodominicano.com\/index.php?rest_route=%2Fwp%2Fv2%2Fmedia&parent=466543"}],"wp:term":[{"taxonomy":"category","embeddable":true,"href":"https:\/\/diariodominicano.com\/index.php?rest_route=%2Fwp%2Fv2%2Fcategories&post=466543"},{"taxonomy":"post_tag","embeddable":true,"href":"https:\/\/diariodominicano.com\/index.php?rest_route=%2Fwp%2Fv2%2Ftags&post=466543"}],"curies":[{"name":"wp","href":"https:\/\/api.w.org\/{rel}","templated":true}]}}