{"id":466453,"date":"2023-08-25T09:30:41","date_gmt":"2023-08-25T13:30:41","guid":{"rendered":"http:\/\/diariodominicano.com\/?p=466453"},"modified":"2023-08-25T10:18:35","modified_gmt":"2023-08-25T14:18:35","slug":"enterprise-mantiene-expansion-de-su-red-de-sucursales","status":"publish","type":"post","link":"https:\/\/diariodominicano.com\/?p=466453","title":{"rendered":"Enterprise mantiene expansi\u00f3n de su red de sucursales"},"content":{"rendered":"\n<p>Marsella Rollins y Jos\u00e9 Mu\u00f1iz<\/p>\n\n\n\n<p><strong>SANTO DOMINGO, RD.-&nbsp;<\/strong>Enterprise Rent-A-Car, marca de alquiler de veh\u00edculos franquiciada desde el a\u00f1o 2018 en Rep\u00fablica Dominicana por Motor Plan S.A., inaugur\u00f3 su sucursal n\u00famero 12 ubicada en la Av. Independencia esquina Av. M\u00e1ximo G\u00f3mez en la ciudad de Santo Domingo.<\/p>\n\n\n\n<figure class=\"wp-block-image size-large\"><img loading=\"lazy\" decoding=\"async\" width=\"1024\" height=\"683\" src=\"https:\/\/diariodominicano.com\/wp-content\/uploads\/2023\/08\/Estacion-Enterprise-Av.-Independencia-esquina-Av.-Maximo-Gomez-1024x683.jpg\" alt=\"\" class=\"wp-image-466457\" srcset=\"https:\/\/diariodominicano.com\/wp-content\/uploads\/2023\/08\/Estacion-Enterprise-Av.-Independencia-esquina-Av.-Maximo-Gomez-1024x683.jpg 1024w, https:\/\/diariodominicano.com\/wp-content\/uploads\/2023\/08\/Estacion-Enterprise-Av.-Independencia-esquina-Av.-Maximo-Gomez-300x200.jpg 300w, https:\/\/diariodominicano.com\/wp-content\/uploads\/2023\/08\/Estacion-Enterprise-Av.-Independencia-esquina-Av.-Maximo-Gomez-768x512.jpg 768w, https:\/\/diariodominicano.com\/wp-content\/uploads\/2023\/08\/Estacion-Enterprise-Av.-Independencia-esquina-Av.-Maximo-Gomez-1536x1024.jpg 1536w, https:\/\/diariodominicano.com\/wp-content\/uploads\/2023\/08\/Estacion-Enterprise-Av.-Independencia-esquina-Av.-Maximo-Gomez-2048x1365.jpg 2048w, https:\/\/diariodominicano.com\/wp-content\/uploads\/2023\/08\/Estacion-Enterprise-Av.-Independencia-esquina-Av.-Maximo-Gomez-816x544.jpg 816w\" sizes=\"auto, (max-width: 1024px) 100vw, 1024px\" \/><figcaption>Estaci\u00f3n Enterprise  en  la Avenida Independencia esquina Avenida M\u00e1ximo G\u00f3mez, en ciudad Santo Domingo.<\/figcaption><\/figure>\n\n\n\n<p>\u201cLa apertura de esta estaci\u00f3n es un paso adelante hacia el logro de nuestros principales objetivos:&nbsp;<em>brindar la mejor experiencia de alquiler de veh\u00edculos en el mercado local<\/em>&nbsp;y&nbsp;<em>estar cada vez m\u00e1s cerca de nuestros clientes tanto geogr\u00e1fica como digitalmente<\/em>. Hemos acompa\u00f1ado nuestra expansi\u00f3n geogr\u00e1fica con el desarrollo de los canales digitales como:&nbsp;<a href=\"http:\/\/www.enteprise.com.do\/\" target=\"_blank\" rel=\"noreferrer noopener\">www.enteprise.com.do<\/a>, nuestro centro de contacto y Auto WhatsApp, ambos en el 809-562-1444, para que los clientes puedan autogestionar su reserva desde su tel\u00e9fono m\u00f3vil. \u00a8&nbsp;coment\u00f3&nbsp;<a><strong>Jos\u00e9 Mu\u00f1iz, Director Comercial<\/strong>&nbsp;<\/a>de Motor Plan S.A.<\/p>\n\n\n\n<figure class=\"wp-block-image size-large\"><img loading=\"lazy\" decoding=\"async\" width=\"1024\" height=\"683\" src=\"https:\/\/diariodominicano.com\/wp-content\/uploads\/2023\/08\/Maria-Amelia-Toral-y-Nurys-Jimenez.-1024x683.jpg\" alt=\"\" class=\"wp-image-466460\" srcset=\"https:\/\/diariodominicano.com\/wp-content\/uploads\/2023\/08\/Maria-Amelia-Toral-y-Nurys-Jimenez.-1024x683.jpg 1024w, https:\/\/diariodominicano.com\/wp-content\/uploads\/2023\/08\/Maria-Amelia-Toral-y-Nurys-Jimenez.-300x200.jpg 300w, https:\/\/diariodominicano.com\/wp-content\/uploads\/2023\/08\/Maria-Amelia-Toral-y-Nurys-Jimenez.-768x512.jpg 768w, https:\/\/diariodominicano.com\/wp-content\/uploads\/2023\/08\/Maria-Amelia-Toral-y-Nurys-Jimenez.-1536x1024.jpg 1536w, https:\/\/diariodominicano.com\/wp-content\/uploads\/2023\/08\/Maria-Amelia-Toral-y-Nurys-Jimenez.-2048x1365.jpg 2048w, https:\/\/diariodominicano.com\/wp-content\/uploads\/2023\/08\/Maria-Amelia-Toral-y-Nurys-Jimenez.-816x544.jpg 816w\" sizes=\"auto, (max-width: 1024px) 100vw, 1024px\" \/><figcaption>Mar\u00eda Amelia Toral y Nurys Jim\u00e9nez.<\/figcaption><\/figure>\n\n\n\n<p>En una nota divulgada a los medios, el ejecutivo se\u00f1ala que: \u201cEl reconocimiento como&nbsp;<strong><em>la mejor marca de renta de veh\u00edculos del 2023&nbsp;<\/em><\/strong>en Estados Unidos otorgado por&nbsp;<a href=\"http:\/\/www.tripsavvy.com%2A\/\" target=\"_blank\" rel=\"noreferrer noopener\">www.tripsavvy.com*<\/a>&nbsp; y el logro de una valoraci\u00f3n promedio por encima de los 4 puntos en Google Maps otorgada por nuestros usuarios confirman nuestro compromiso de brindar la mejor experiencia de servicio del mercado de renta de veh\u00edculos\u201d.<\/p>\n\n\n\n<figure class=\"wp-block-image size-large\"><img loading=\"lazy\" decoding=\"async\" width=\"683\" height=\"1024\" src=\"https:\/\/diariodominicano.com\/wp-content\/uploads\/2023\/08\/Jose-Muniz-Director-Comercial-683x1024.jpg\" alt=\"\" class=\"wp-image-466463\" srcset=\"https:\/\/diariodominicano.com\/wp-content\/uploads\/2023\/08\/Jose-Muniz-Director-Comercial-683x1024.jpg 683w, https:\/\/diariodominicano.com\/wp-content\/uploads\/2023\/08\/Jose-Muniz-Director-Comercial-200x300.jpg 200w, https:\/\/diariodominicano.com\/wp-content\/uploads\/2023\/08\/Jose-Muniz-Director-Comercial-768x1152.jpg 768w, https:\/\/diariodominicano.com\/wp-content\/uploads\/2023\/08\/Jose-Muniz-Director-Comercial-1024x1536.jpg 1024w, https:\/\/diariodominicano.com\/wp-content\/uploads\/2023\/08\/Jose-Muniz-Director-Comercial-1365x2048.jpg 1365w, https:\/\/diariodominicano.com\/wp-content\/uploads\/2023\/08\/Jose-Muniz-Director-Comercial-816x1224.jpg 816w, https:\/\/diariodominicano.com\/wp-content\/uploads\/2023\/08\/Jose-Muniz-Director-Comercial-scaled.jpg 1706w\" sizes=\"auto, (max-width: 683px) 100vw, 683px\" \/><figcaption>Jos\u00e9 Muniz Director Comercial<\/figcaption><\/figure>\n\n\n\n<p>Enterprise Rent-A-Car se encuentra en los 5 principales aeropuertos internacionales y en las 6 ciudades con mayor desarrollo comercial y tur\u00edstico del pa\u00eds, y su presencia tiene como objetivo estar donde sus clientes los necesiten.&nbsp;<strong>Jos\u00e9 Mu\u00f1iz, Director Comercial&nbsp;<\/strong>tambi\u00e9n coment\u00f3 que la expansi\u00f3n de Enterprise Rent A Car continuar\u00e1 con la inclusi\u00f3n de la marca en dos estaciones m\u00e1s antes de finalizar el 2023.<\/p>\n\n\n\n<figure class=\"wp-block-image size-large\"><img loading=\"lazy\" decoding=\"async\" width=\"1024\" height=\"679\" src=\"https:\/\/diariodominicano.com\/wp-content\/uploads\/2023\/08\/Nurys-Jimenez-Yakerlin-Navarro-y-Lucy-Medina-1024x679.jpg\" alt=\"\" class=\"wp-image-466464\" srcset=\"https:\/\/diariodominicano.com\/wp-content\/uploads\/2023\/08\/Nurys-Jimenez-Yakerlin-Navarro-y-Lucy-Medina-1024x679.jpg 1024w, https:\/\/diariodominicano.com\/wp-content\/uploads\/2023\/08\/Nurys-Jimenez-Yakerlin-Navarro-y-Lucy-Medina-300x199.jpg 300w, https:\/\/diariodominicano.com\/wp-content\/uploads\/2023\/08\/Nurys-Jimenez-Yakerlin-Navarro-y-Lucy-Medina-768x509.jpg 768w, https:\/\/diariodominicano.com\/wp-content\/uploads\/2023\/08\/Nurys-Jimenez-Yakerlin-Navarro-y-Lucy-Medina-1536x1018.jpg 1536w, https:\/\/diariodominicano.com\/wp-content\/uploads\/2023\/08\/Nurys-Jimenez-Yakerlin-Navarro-y-Lucy-Medina-2048x1357.jpg 2048w, https:\/\/diariodominicano.com\/wp-content\/uploads\/2023\/08\/Nurys-Jimenez-Yakerlin-Navarro-y-Lucy-Medina-816x541.jpg 816w\" sizes=\"auto, (max-width: 1024px) 100vw, 1024px\" \/><figcaption>Nurys Jim\u00e9nez, Yakerlin Navarro y Lucy Medina<\/figcaption><\/figure>\n\n\n\n<p><strong><em><u>Sobre Motor Plan S.A.:<\/u><\/em><\/strong><strong><em>&nbsp;<\/em><\/strong><em>Es representante de franquicias como Enterprise Rent-A-Car, National Car Rental y Alamo Rent a Car. Con m\u00e1s de 50 a\u00f1os en el mercado y m\u00e1s de 20 sucursales en total en el territorio dominicano, demuestra un liderazgo consolidado en el sector de alquiler de veh\u00edculos en Rep\u00fablica Dominicana.<\/em><\/p>\n\n\n\n<p><strong><em><u>Sobre Enterprise Holdings:<\/u><\/em><\/strong><em>&nbsp;A trav\u00e9s de su red integrada de subsidiarios y franquicias, opera las marcas de alquiler de autos Enterprise Rent-A-Car, Alamo Rent a Car y National Car Rental en m\u00e1s de 10,000 sucursales en localidades y aeropuertos del mundo.<\/em><\/p>\n\n\n\n<p><em>*Fuente:&nbsp;<\/em><a rel=\"noreferrer noopener\" href=\"https:\/\/www.tripsavvy.com\/best-car-rental-companies-4174551\" target=\"_blank\"><em>https:\/\/www.tripsavvy.com\/best-car-rental-companies-4174551<\/em><\/a><\/p>\n\n\n\n<p>Henry Coradin<a target=\"_blank\" href=\"mailto:henrycoradinrelacionespublicas@gmail.com\" rel=\"noreferrer noopener\">henrycoradinrelacionespublicas@gmail.com<\/a><\/p>\n","protected":false},"excerpt":{"rendered":"<p>Marsella Rollins y Jos\u00e9 Mu\u00f1iz SANTO DOMINGO, RD.-&nbsp;Enterprise Rent-A-Car, marca de alquiler de veh\u00edculos franquiciada desde el a\u00f1o 2018 en Rep\u00fablica Dominicana por Motor Plan S.A., inaugur\u00f3 su sucursal n\u00famero 12 ubicada en la Av. Independencia esquina Av. M\u00e1ximo G\u00f3mez en la ciudad de Santo Domingo. \u201cLa apertura de esta estaci\u00f3n es un paso adelante [&hellip;]<\/p>\n","protected":false},"author":28,"featured_media":466454,"comment_status":"closed","ping_status":"","sticky":true,"template":"","format":"standard","meta":{"footnotes":""},"categories":[36,18,27,32],"tags":[],"class_list":["post-466453","post","type-post","status-publish","format-standard","has-post-thumbnail","hentry","category-hombresmujeresycosas","category-economia","category-portada","category-turismo"],"_links":{"self":[{"href":"https:\/\/diariodominicano.com\/index.php?rest_route=\/wp\/v2\/posts\/466453","targetHints":{"allow":["GET"]}}],"collection":[{"href":"https:\/\/diariodominicano.com\/index.php?rest_route=\/wp\/v2\/posts"}],"about":[{"href":"https:\/\/diariodominicano.com\/index.php?rest_route=\/wp\/v2\/types\/post"}],"author":[{"embeddable":true,"href":"https:\/\/diariodominicano.com\/index.php?rest_route=\/wp\/v2\/users\/28"}],"replies":[{"embeddable":true,"href":"https:\/\/diariodominicano.com\/index.php?rest_route=%2Fwp%2Fv2%2Fcomments&post=466453"}],"version-history":[{"count":7,"href":"https:\/\/diariodominicano.com\/index.php?rest_route=\/wp\/v2\/posts\/466453\/revisions"}],"predecessor-version":[{"id":466483,"href":"https:\/\/diariodominicano.com\/index.php?rest_route=\/wp\/v2\/posts\/466453\/revisions\/466483"}],"wp:featuredmedia":[{"embeddable":true,"href":"https:\/\/diariodominicano.com\/index.php?rest_route=\/wp\/v2\/media\/466454"}],"wp:attachment":[{"href":"https:\/\/diariodominicano.com\/index.php?rest_route=%2Fwp%2Fv2%2Fmedia&parent=466453"}],"wp:term":[{"taxonomy":"category","embeddable":true,"href":"https:\/\/diariodominicano.com\/index.php?rest_route=%2Fwp%2Fv2%2Fcategories&post=466453"},{"taxonomy":"post_tag","embeddable":true,"href":"https:\/\/diariodominicano.com\/index.php?rest_route=%2Fwp%2Fv2%2Ftags&post=466453"}],"curies":[{"name":"wp","href":"https:\/\/api.w.org\/{rel}","templated":true}]}}