{"id":466375,"date":"2023-08-25T00:31:25","date_gmt":"2023-08-25T04:31:25","guid":{"rendered":"http:\/\/diariodominicano.com\/?p=466375"},"modified":"2023-08-25T00:36:33","modified_gmt":"2023-08-25T04:36:33","slug":"mexico-vence-a-puerto-rico-en-reanudacion-del-final-six","status":"publish","type":"post","link":"https:\/\/diariodominicano.com\/?p=466375","title":{"rendered":"M\u00e9xico vence a Puerto Rico en reanudaci\u00f3n del Final Six"},"content":{"rendered":"\n<figure class=\"wp-block-image size-large\"><img loading=\"lazy\" decoding=\"async\" width=\"1024\" height=\"682\" src=\"https:\/\/diariodominicano.com\/wp-content\/uploads\/2023\/08\/MEX-01-1024x682.jpg\" alt=\"\" class=\"wp-image-466387\" srcset=\"https:\/\/diariodominicano.com\/wp-content\/uploads\/2023\/08\/MEX-01-1024x682.jpg 1024w, https:\/\/diariodominicano.com\/wp-content\/uploads\/2023\/08\/MEX-01-300x200.jpg 300w, https:\/\/diariodominicano.com\/wp-content\/uploads\/2023\/08\/MEX-01-768x512.jpg 768w, https:\/\/diariodominicano.com\/wp-content\/uploads\/2023\/08\/MEX-01-1536x1023.jpg 1536w, https:\/\/diariodominicano.com\/wp-content\/uploads\/2023\/08\/MEX-01-2048x1364.jpg 2048w, https:\/\/diariodominicano.com\/wp-content\/uploads\/2023\/08\/MEX-01-816x543.jpg 816w\" sizes=\"auto, (max-width: 1024px) 100vw, 1024px\" \/><figcaption> M\u00e9xico <\/figcaption><\/figure>\n\n\n\n<p>Santo Domingo, RD.- El sexteto de M\u00e9xico dispuso con facilidad de su similar de Puerto Rico tres sets por cero &nbsp;(25-12, 25-15 y 25-11), durante la reanudaci\u00f3n este jueves de&nbsp;la Copa Norceca Panam Final Six, que se realiza en el Palacio del Voleibol Ricardo Gioriver Arias, del Centro Ol\u00edmpico Juan Pablo Duarte.<\/p>\n\n\n\n<figure class=\"wp-block-image size-large\"><img loading=\"lazy\" decoding=\"async\" width=\"1024\" height=\"682\" src=\"https:\/\/diariodominicano.com\/wp-content\/uploads\/2023\/08\/DANIELA-SILLER-10MEX-1024x682.jpg\" alt=\"\" class=\"wp-image-466377\" srcset=\"https:\/\/diariodominicano.com\/wp-content\/uploads\/2023\/08\/DANIELA-SILLER-10MEX-1024x682.jpg 1024w, https:\/\/diariodominicano.com\/wp-content\/uploads\/2023\/08\/DANIELA-SILLER-10MEX-300x200.jpg 300w, https:\/\/diariodominicano.com\/wp-content\/uploads\/2023\/08\/DANIELA-SILLER-10MEX-768x512.jpg 768w, https:\/\/diariodominicano.com\/wp-content\/uploads\/2023\/08\/DANIELA-SILLER-10MEX-1536x1023.jpg 1536w, https:\/\/diariodominicano.com\/wp-content\/uploads\/2023\/08\/DANIELA-SILLER-10MEX-2048x1364.jpg 2048w, https:\/\/diariodominicano.com\/wp-content\/uploads\/2023\/08\/DANIELA-SILLER-10MEX-816x543.jpg 816w\" sizes=\"auto, (max-width: 1024px) 100vw, 1024px\" \/><figcaption>Daniela Siller <\/figcaption><\/figure>\n\n\n\n<figure class=\"wp-block-image size-large\"><img loading=\"lazy\" decoding=\"async\" width=\"1024\" height=\"682\" src=\"https:\/\/diariodominicano.com\/wp-content\/uploads\/2023\/08\/ITALIA-BERNAL-17MEX-1024x682.jpg\" alt=\"\" class=\"wp-image-466378\" srcset=\"https:\/\/diariodominicano.com\/wp-content\/uploads\/2023\/08\/ITALIA-BERNAL-17MEX-1024x682.jpg 1024w, https:\/\/diariodominicano.com\/wp-content\/uploads\/2023\/08\/ITALIA-BERNAL-17MEX-300x200.jpg 300w, https:\/\/diariodominicano.com\/wp-content\/uploads\/2023\/08\/ITALIA-BERNAL-17MEX-768x512.jpg 768w, https:\/\/diariodominicano.com\/wp-content\/uploads\/2023\/08\/ITALIA-BERNAL-17MEX-1536x1023.jpg 1536w, https:\/\/diariodominicano.com\/wp-content\/uploads\/2023\/08\/ITALIA-BERNAL-17MEX-2048x1364.jpg 2048w, https:\/\/diariodominicano.com\/wp-content\/uploads\/2023\/08\/ITALIA-BERNAL-17MEX-816x543.jpg 816w\" sizes=\"auto, (max-width: 1024px) 100vw, 1024px\" \/><figcaption>Italia Bernal<\/figcaption><\/figure>\n\n\n\n<figure class=\"wp-block-image size-large\"><img loading=\"lazy\" decoding=\"async\" width=\"1024\" height=\"682\" src=\"https:\/\/diariodominicano.com\/wp-content\/uploads\/2023\/08\/JOSELINE-LANDEROS-12MEX-1024x682.jpg\" alt=\"\" class=\"wp-image-466379\" srcset=\"https:\/\/diariodominicano.com\/wp-content\/uploads\/2023\/08\/JOSELINE-LANDEROS-12MEX-1024x682.jpg 1024w, https:\/\/diariodominicano.com\/wp-content\/uploads\/2023\/08\/JOSELINE-LANDEROS-12MEX-300x200.jpg 300w, https:\/\/diariodominicano.com\/wp-content\/uploads\/2023\/08\/JOSELINE-LANDEROS-12MEX-768x512.jpg 768w, https:\/\/diariodominicano.com\/wp-content\/uploads\/2023\/08\/JOSELINE-LANDEROS-12MEX-1536x1023.jpg 1536w, https:\/\/diariodominicano.com\/wp-content\/uploads\/2023\/08\/JOSELINE-LANDEROS-12MEX-2048x1364.jpg 2048w, https:\/\/diariodominicano.com\/wp-content\/uploads\/2023\/08\/JOSELINE-LANDEROS-12MEX-816x543.jpg 816w\" sizes=\"auto, (max-width: 1024px) 100vw, 1024px\" \/><figcaption>Joseline Linderos <\/figcaption><\/figure>\n\n\n\n<p>Ambas selecciones saltaron al taraflex para dar inicio a la doble-triple jornada del evento que reces\u00f3 por el paso de la tormenta tropical Franklin.<\/p>\n\n\n\n<p>Las mexicanas no perdieron tiempo para dominar a su antojo a las noveles dirigidas por el t\u00e9cnico Jos\u00e9 Ricardo Rivera y dominaron, adem\u00e1s de todos los tiempos t\u00e9cnicos, los ataques (81-66) al igual que los servicios (73-36).<\/p>\n\n\n\n<figure class=\"wp-block-image size-large\"><img loading=\"lazy\" decoding=\"async\" width=\"1024\" height=\"682\" src=\"https:\/\/diariodominicano.com\/wp-content\/uploads\/2023\/08\/KAREN-RIVERA-15MEX-KARINA-FLORES-33MEX-1024x682.jpg\" alt=\"\" class=\"wp-image-466380\" srcset=\"https:\/\/diariodominicano.com\/wp-content\/uploads\/2023\/08\/KAREN-RIVERA-15MEX-KARINA-FLORES-33MEX-1024x682.jpg 1024w, https:\/\/diariodominicano.com\/wp-content\/uploads\/2023\/08\/KAREN-RIVERA-15MEX-KARINA-FLORES-33MEX-300x200.jpg 300w, https:\/\/diariodominicano.com\/wp-content\/uploads\/2023\/08\/KAREN-RIVERA-15MEX-KARINA-FLORES-33MEX-768x512.jpg 768w, https:\/\/diariodominicano.com\/wp-content\/uploads\/2023\/08\/KAREN-RIVERA-15MEX-KARINA-FLORES-33MEX-1536x1023.jpg 1536w, https:\/\/diariodominicano.com\/wp-content\/uploads\/2023\/08\/KAREN-RIVERA-15MEX-KARINA-FLORES-33MEX-2048x1364.jpg 2048w, https:\/\/diariodominicano.com\/wp-content\/uploads\/2023\/08\/KAREN-RIVERA-15MEX-KARINA-FLORES-33MEX-816x543.jpg 816w\" sizes=\"auto, (max-width: 1024px) 100vw, 1024px\" \/><figcaption>Karen Rivera <\/figcaption><\/figure>\n\n\n\n<figure class=\"wp-block-image size-large\"><img loading=\"lazy\" decoding=\"async\" width=\"1024\" height=\"682\" src=\"https:\/\/diariodominicano.com\/wp-content\/uploads\/2023\/08\/MARIA-VELA-09MEX-01-1024x682.jpg\" alt=\"\" class=\"wp-image-466382\" srcset=\"https:\/\/diariodominicano.com\/wp-content\/uploads\/2023\/08\/MARIA-VELA-09MEX-01-1024x682.jpg 1024w, https:\/\/diariodominicano.com\/wp-content\/uploads\/2023\/08\/MARIA-VELA-09MEX-01-300x200.jpg 300w, https:\/\/diariodominicano.com\/wp-content\/uploads\/2023\/08\/MARIA-VELA-09MEX-01-768x512.jpg 768w, https:\/\/diariodominicano.com\/wp-content\/uploads\/2023\/08\/MARIA-VELA-09MEX-01-1536x1023.jpg 1536w, https:\/\/diariodominicano.com\/wp-content\/uploads\/2023\/08\/MARIA-VELA-09MEX-01-2048x1364.jpg 2048w, https:\/\/diariodominicano.com\/wp-content\/uploads\/2023\/08\/MARIA-VELA-09MEX-01-816x543.jpg 816w\" sizes=\"auto, (max-width: 1024px) 100vw, 1024px\" \/><figcaption>Maria Vela <\/figcaption><\/figure>\n\n\n\n<figure class=\"wp-block-image size-large\"><img loading=\"lazy\" decoding=\"async\" width=\"1024\" height=\"682\" src=\"https:\/\/diariodominicano.com\/wp-content\/uploads\/2023\/08\/MARIA-RODRIGUEZ-04MEX-1024x682.jpg\" alt=\"\" class=\"wp-image-466384\" srcset=\"https:\/\/diariodominicano.com\/wp-content\/uploads\/2023\/08\/MARIA-RODRIGUEZ-04MEX-1024x682.jpg 1024w, https:\/\/diariodominicano.com\/wp-content\/uploads\/2023\/08\/MARIA-RODRIGUEZ-04MEX-300x200.jpg 300w, https:\/\/diariodominicano.com\/wp-content\/uploads\/2023\/08\/MARIA-RODRIGUEZ-04MEX-768x512.jpg 768w, https:\/\/diariodominicano.com\/wp-content\/uploads\/2023\/08\/MARIA-RODRIGUEZ-04MEX-1536x1023.jpg 1536w, https:\/\/diariodominicano.com\/wp-content\/uploads\/2023\/08\/MARIA-RODRIGUEZ-04MEX-2048x1364.jpg 2048w, https:\/\/diariodominicano.com\/wp-content\/uploads\/2023\/08\/MARIA-RODRIGUEZ-04MEX-816x543.jpg 816w\" sizes=\"auto, (max-width: 1024px) 100vw, 1024px\" \/><figcaption>Mar\u00eda Rodr\u00edguez <\/figcaption><\/figure>\n\n\n\n<p>Grecia Castro fue la responsable de comandar a las aztecas tras conseguir 13 puntos durante el encuentro que daba inicio a una jornada de cinco partidos este jueves.<\/p>\n\n\n\n<p>\u201cFue una victoria muy importante para nosotras ya que nos interesas avanzar a la final, gracias a Dios se pudo volver a jugar y que la tormenta no gener\u00f3 tanto da\u00f1os a un pa\u00eds que amamos\u201d, dijo Castro, quien fue clave para que M\u00e9xico se coloque en el tercer puesto con marca de 2-1.<\/p>\n\n\n\n<p>Adem\u00e1s de Castro tambi\u00e9n se destacaron Karen Rivera con 13 tantos, mientras que Fernanda Rodr\u00edguez aport\u00f3 10 puntos en el torneo<strong>dedicado &nbsp;selecci\u00f3n dominicana de voleibol femenino que obtuvo la medalla de oro en los Juegos Panamericanos Santo Domingo 2003.<\/strong><\/p>\n\n\n\n<p>Por las boricuas la mejor fue Sofia Vega con seis puntos, escoltada por\u00a0 Noemi Ceballos con 5 puntos.<\/p>\n\n\n\n<p><strong>PRENSA Norceca Panam Final 6<\/strong><\/p>\n","protected":false},"excerpt":{"rendered":"<p>Santo Domingo, RD.- El sexteto de M\u00e9xico dispuso con facilidad de su similar de Puerto Rico tres sets por cero &nbsp;(25-12, 25-15 y 25-11), durante la reanudaci\u00f3n este jueves de&nbsp;la Copa Norceca Panam Final Six, que se realiza en el Palacio del Voleibol Ricardo Gioriver Arias, del Centro Ol\u00edmpico Juan Pablo Duarte. Ambas selecciones saltaron [&hellip;]<\/p>\n","protected":false},"author":28,"featured_media":466376,"comment_status":"closed","ping_status":"","sticky":true,"template":"","format":"standard","meta":{"footnotes":""},"categories":[17,27,32],"tags":[],"class_list":["post-466375","post","type-post","status-publish","format-standard","has-post-thumbnail","hentry","category-deportes","category-portada","category-turismo"],"_links":{"self":[{"href":"https:\/\/diariodominicano.com\/index.php?rest_route=\/wp\/v2\/posts\/466375","targetHints":{"allow":["GET"]}}],"collection":[{"href":"https:\/\/diariodominicano.com\/index.php?rest_route=\/wp\/v2\/posts"}],"about":[{"href":"https:\/\/diariodominicano.com\/index.php?rest_route=\/wp\/v2\/types\/post"}],"author":[{"embeddable":true,"href":"https:\/\/diariodominicano.com\/index.php?rest_route=\/wp\/v2\/users\/28"}],"replies":[{"embeddable":true,"href":"https:\/\/diariodominicano.com\/index.php?rest_route=%2Fwp%2Fv2%2Fcomments&post=466375"}],"version-history":[{"count":5,"href":"https:\/\/diariodominicano.com\/index.php?rest_route=\/wp\/v2\/posts\/466375\/revisions"}],"predecessor-version":[{"id":466389,"href":"https:\/\/diariodominicano.com\/index.php?rest_route=\/wp\/v2\/posts\/466375\/revisions\/466389"}],"wp:featuredmedia":[{"embeddable":true,"href":"https:\/\/diariodominicano.com\/index.php?rest_route=\/wp\/v2\/media\/466376"}],"wp:attachment":[{"href":"https:\/\/diariodominicano.com\/index.php?rest_route=%2Fwp%2Fv2%2Fmedia&parent=466375"}],"wp:term":[{"taxonomy":"category","embeddable":true,"href":"https:\/\/diariodominicano.com\/index.php?rest_route=%2Fwp%2Fv2%2Fcategories&post=466375"},{"taxonomy":"post_tag","embeddable":true,"href":"https:\/\/diariodominicano.com\/index.php?rest_route=%2Fwp%2Fv2%2Ftags&post=466375"}],"curies":[{"name":"wp","href":"https:\/\/api.w.org\/{rel}","templated":true}]}}