{"id":466353,"date":"2023-08-24T23:58:19","date_gmt":"2023-08-25T03:58:19","guid":{"rendered":"http:\/\/diariodominicano.com\/?p=466353"},"modified":"2023-08-25T00:02:28","modified_gmt":"2023-08-25T04:02:28","slug":"dominicana-ante-filipinas-partido-vendido-por-completo-en-copa-mundial-fiba-2023","status":"publish","type":"post","link":"https:\/\/diariodominicano.com\/?p=466353","title":{"rendered":"Dominicana ante Filipinas, partido vendido por completo en Copa Mundial FIBA 2023"},"content":{"rendered":"\n<p>Rafael Uribe inform\u00f3 que se romper\u00e1 r\u00e9cord de asistencia en historia torneo de este nivel<\/p>\n\n\n\n<figure class=\"wp-block-image size-large\"><img loading=\"lazy\" decoding=\"async\" width=\"872\" height=\"1024\" src=\"https:\/\/diariodominicano.com\/wp-content\/uploads\/2023\/08\/2e9a3a60-c278-4100-a16e-7c680cc45403-872x1024.jpg\" alt=\"\" class=\"wp-image-466356\" srcset=\"https:\/\/diariodominicano.com\/wp-content\/uploads\/2023\/08\/2e9a3a60-c278-4100-a16e-7c680cc45403-872x1024.jpg 872w, https:\/\/diariodominicano.com\/wp-content\/uploads\/2023\/08\/2e9a3a60-c278-4100-a16e-7c680cc45403-255x300.jpg 255w, https:\/\/diariodominicano.com\/wp-content\/uploads\/2023\/08\/2e9a3a60-c278-4100-a16e-7c680cc45403-768x902.jpg 768w, https:\/\/diariodominicano.com\/wp-content\/uploads\/2023\/08\/2e9a3a60-c278-4100-a16e-7c680cc45403-1308x1536.jpg 1308w, https:\/\/diariodominicano.com\/wp-content\/uploads\/2023\/08\/2e9a3a60-c278-4100-a16e-7c680cc45403-816x959.jpg 816w, https:\/\/diariodominicano.com\/wp-content\/uploads\/2023\/08\/2e9a3a60-c278-4100-a16e-7c680cc45403.jpg 1362w\" sizes=\"auto, (max-width: 872px) 100vw, 872px\" \/><\/figure>\n\n\n\n<p>GRANADA, ESPA\u00d1A.-&nbsp; El partido que enfrentar\u00e1 este viernes a Rep\u00fablica Dominicana y Filipinas est\u00e1 totalmente vendido, en el cierre de la jornada de apertura del Campeonato Mundial de Baloncesto FIBA 2023, en la sede de la ciudad de Manila, el Filipinas Arena.<\/p>\n\n\n\n<p>El choque est\u00e1 programado para las 8:00 de la ma\u00f1ana (hora dominicana), que ser\u00e1n las 8:00 de la noche en Manila, cuya asistencia establecer\u00e1 un r\u00e9cord hist\u00f3rico para un evento internacional de esa magnitud en una instalaci\u00f3n techada que acoge a 54 mil espectadores.<\/p>\n\n\n\n<figure class=\"wp-block-image size-large\"><img loading=\"lazy\" decoding=\"async\" width=\"1024\" height=\"945\" src=\"https:\/\/diariodominicano.com\/wp-content\/uploads\/2023\/08\/03e00cbc-8ec5-43e8-be34-5dde6316db7f-1024x945.jpg\" alt=\"\" class=\"wp-image-466358\" srcset=\"https:\/\/diariodominicano.com\/wp-content\/uploads\/2023\/08\/03e00cbc-8ec5-43e8-be34-5dde6316db7f-1024x945.jpg 1024w, https:\/\/diariodominicano.com\/wp-content\/uploads\/2023\/08\/03e00cbc-8ec5-43e8-be34-5dde6316db7f-300x277.jpg 300w, https:\/\/diariodominicano.com\/wp-content\/uploads\/2023\/08\/03e00cbc-8ec5-43e8-be34-5dde6316db7f-768x709.jpg 768w, https:\/\/diariodominicano.com\/wp-content\/uploads\/2023\/08\/03e00cbc-8ec5-43e8-be34-5dde6316db7f-1536x1418.jpg 1536w, https:\/\/diariodominicano.com\/wp-content\/uploads\/2023\/08\/03e00cbc-8ec5-43e8-be34-5dde6316db7f-816x753.jpg 816w, https:\/\/diariodominicano.com\/wp-content\/uploads\/2023\/08\/03e00cbc-8ec5-43e8-be34-5dde6316db7f.jpg 1600w\" sizes=\"auto, (max-width: 1024px) 100vw, 1024px\" \/><\/figure>\n\n\n\n<figure class=\"wp-block-image size-large\"><img loading=\"lazy\" decoding=\"async\" width=\"1024\" height=\"852\" src=\"https:\/\/diariodominicano.com\/wp-content\/uploads\/2023\/08\/5cf3c5f6-6a27-4176-952e-5b13d721f0db-1024x852.jpg\" alt=\"\" class=\"wp-image-466359\" srcset=\"https:\/\/diariodominicano.com\/wp-content\/uploads\/2023\/08\/5cf3c5f6-6a27-4176-952e-5b13d721f0db-1024x852.jpg 1024w, https:\/\/diariodominicano.com\/wp-content\/uploads\/2023\/08\/5cf3c5f6-6a27-4176-952e-5b13d721f0db-300x250.jpg 300w, https:\/\/diariodominicano.com\/wp-content\/uploads\/2023\/08\/5cf3c5f6-6a27-4176-952e-5b13d721f0db-768x639.jpg 768w, https:\/\/diariodominicano.com\/wp-content\/uploads\/2023\/08\/5cf3c5f6-6a27-4176-952e-5b13d721f0db-1536x1278.jpg 1536w, https:\/\/diariodominicano.com\/wp-content\/uploads\/2023\/08\/5cf3c5f6-6a27-4176-952e-5b13d721f0db-816x679.jpg 816w, https:\/\/diariodominicano.com\/wp-content\/uploads\/2023\/08\/5cf3c5f6-6a27-4176-952e-5b13d721f0db.jpg 1600w\" sizes=\"auto, (max-width: 1024px) 100vw, 1024px\" \/><figcaption> el t\u00e9cnico argentino N\u00e9stor (Ch\u00e9) Garc\u00eda <\/figcaption><\/figure>\n\n\n\n<p>Dominicanos y filipinos captan la atenci\u00f3n del p\u00fablico local y de los visitantes internacionales por la calidad de ambos combinados, en especial el de los isle\u00f1os del Caribe que tiene en su plantel al jugador de mayor salario anual en la NBA accionando en la Copa del Mundo 2023, Karl Towns, de Minnesota Timberwolves, con un ingreso de US$55.5 millones de d\u00f3lares, tras un contrato de cuatro a\u00f1os y US$222.0 millones.<\/p>\n\n\n\n<p>Towns participa en su primera Copa Mundial de Baloncesto en su retorno a la selecci\u00f3n dominicana, luego de su ver acci\u00f3n en el Premundial del 2013, 10 a\u00f1os despu\u00e9s.<\/p>\n\n\n\n<figure class=\"wp-block-image size-large\"><img loading=\"lazy\" decoding=\"async\" width=\"1024\" height=\"684\" src=\"https:\/\/diariodominicano.com\/wp-content\/uploads\/2023\/08\/4c071b49-eeb6-4d11-9de6-a2c72b437692-1024x684.jpg\" alt=\"\" class=\"wp-image-466361\" srcset=\"https:\/\/diariodominicano.com\/wp-content\/uploads\/2023\/08\/4c071b49-eeb6-4d11-9de6-a2c72b437692-1024x684.jpg 1024w, https:\/\/diariodominicano.com\/wp-content\/uploads\/2023\/08\/4c071b49-eeb6-4d11-9de6-a2c72b437692-300x200.jpg 300w, https:\/\/diariodominicano.com\/wp-content\/uploads\/2023\/08\/4c071b49-eeb6-4d11-9de6-a2c72b437692-768x513.jpg 768w, https:\/\/diariodominicano.com\/wp-content\/uploads\/2023\/08\/4c071b49-eeb6-4d11-9de6-a2c72b437692-1536x1025.jpg 1536w, https:\/\/diariodominicano.com\/wp-content\/uploads\/2023\/08\/4c071b49-eeb6-4d11-9de6-a2c72b437692-816x545.jpg 816w, https:\/\/diariodominicano.com\/wp-content\/uploads\/2023\/08\/4c071b49-eeb6-4d11-9de6-a2c72b437692.jpg 1600w\" sizes=\"auto, (max-width: 1024px) 100vw, 1024px\" \/><\/figure>\n\n\n\n<figure class=\"wp-block-image size-large\"><img loading=\"lazy\" decoding=\"async\" width=\"1024\" height=\"972\" src=\"https:\/\/diariodominicano.com\/wp-content\/uploads\/2023\/08\/6f1991ba-f004-4b95-a719-43bcaaf030ff-1024x972.jpg\" alt=\"\" class=\"wp-image-466363\" srcset=\"https:\/\/diariodominicano.com\/wp-content\/uploads\/2023\/08\/6f1991ba-f004-4b95-a719-43bcaaf030ff-1024x972.jpg 1024w, https:\/\/diariodominicano.com\/wp-content\/uploads\/2023\/08\/6f1991ba-f004-4b95-a719-43bcaaf030ff-300x285.jpg 300w, https:\/\/diariodominicano.com\/wp-content\/uploads\/2023\/08\/6f1991ba-f004-4b95-a719-43bcaaf030ff-768x729.jpg 768w, https:\/\/diariodominicano.com\/wp-content\/uploads\/2023\/08\/6f1991ba-f004-4b95-a719-43bcaaf030ff-1536x1458.jpg 1536w, https:\/\/diariodominicano.com\/wp-content\/uploads\/2023\/08\/6f1991ba-f004-4b95-a719-43bcaaf030ff-816x775.jpg 816w, https:\/\/diariodominicano.com\/wp-content\/uploads\/2023\/08\/6f1991ba-f004-4b95-a719-43bcaaf030ff.jpg 1600w\" sizes=\"auto, (max-width: 1024px) 100vw, 1024px\" \/><\/figure>\n\n\n\n<p>Dominicana est\u00e1 en su tercera incursi\u00f3n seguida en una Copa del Mundo con Espa\u00f1a 2014, China 2019 y Filipinas, Jap\u00f3n e Indonesia 2023, cuarta en total con Filipinas 1978.<\/p>\n\n\n\n<p>Los dos conjuntos pertenecen al grupo A, que adem\u00e1s conforman Italia y Angola, que se medir\u00e1n a las 4:00 de la tarde (4:00 am en RD), en el primer encuentro del d\u00eda en Manila.<\/p>\n\n\n\n<p>El presidente de la Federaci\u00f3n Dominicana de Baloncesto (Fedombal), Rafael Uribe, inform\u00f3 este jueves que la escuadra quisqueyana practic\u00f3 a las 6:30 de la tarde de Manila (6:00 am en RD) en el Filipinas Arena, en lo que fue su \u00faltimo entrenamiento previo a un partido oficial en la Copa del Mundo, en la que Dominicana est\u00e1 lista para echar el pleito.<\/p>\n\n\n\n<p>\u201cEsto es hist\u00f3rico lo que se est\u00e1 viviendo en Filipinas, nuestro partido contra el local romper\u00e1 el r\u00e9cord de asistencias en un certamen de esta naturaleza\u201d, precis\u00f3 Uribe.<\/p>\n\n\n\n<p>Uribe destac\u00f3 que conf\u00eda plenamente en el plantel tricolor que dirige el t\u00e9cnico argentino N\u00e9stor (Ch\u00e9) Garc\u00eda y que cuenta con el capit\u00e1n V\u00edctor Liz, Karl Town, \u00c1ngel Luis Delgado, Lester Qui\u00f1ones, Eloy Vargas, Andr\u00e9s Feliz, Gelvis Solano, Jean Montero, Rigoberto Mendoza, Lionel Figueroa, Antonio Pe\u00f1a y Gerardo Suero.<\/p>\n\n\n\n<p>Sostuvo que \u201ctenemos plenas esperanzas de salir airosos ante el local de Filipinas, sabemos jugar y ganar en tierras lejanas, y conseguir avanzar a la siguiente fase\u201d.<\/p>\n\n\n\n<p>Adem\u00e1s del Ch\u00e9 Garc\u00eda, el cuerpo t\u00e9cnico lo integran sus asistentes David D\u00edaz, Abraham Disla y Daniel Seoane.<\/p>\n\n\n\n<p>Federaci\u00f3n Dominicana de Baloncesto Fedombal<a target=\"_blank\" href=\"mailto:prensafedombal@gmail.com\" rel=\"noreferrer noopener\">prensafedombal@gmail.com<\/a><\/p>\n","protected":false},"excerpt":{"rendered":"<p>Rafael Uribe inform\u00f3 que se romper\u00e1 r\u00e9cord de asistencia en historia torneo de este nivel GRANADA, ESPA\u00d1A.-&nbsp; El partido que enfrentar\u00e1 este viernes a Rep\u00fablica Dominicana y Filipinas est\u00e1 totalmente vendido, en el cierre de la jornada de apertura del Campeonato Mundial de Baloncesto FIBA 2023, en la sede de la ciudad de Manila, el [&hellip;]<\/p>\n","protected":false},"author":28,"featured_media":466354,"comment_status":"closed","ping_status":"","sticky":true,"template":"","format":"standard","meta":{"footnotes":""},"categories":[17,27,32],"tags":[],"class_list":["post-466353","post","type-post","status-publish","format-standard","has-post-thumbnail","hentry","category-deportes","category-portada","category-turismo"],"_links":{"self":[{"href":"https:\/\/diariodominicano.com\/index.php?rest_route=\/wp\/v2\/posts\/466353","targetHints":{"allow":["GET"]}}],"collection":[{"href":"https:\/\/diariodominicano.com\/index.php?rest_route=\/wp\/v2\/posts"}],"about":[{"href":"https:\/\/diariodominicano.com\/index.php?rest_route=\/wp\/v2\/types\/post"}],"author":[{"embeddable":true,"href":"https:\/\/diariodominicano.com\/index.php?rest_route=\/wp\/v2\/users\/28"}],"replies":[{"embeddable":true,"href":"https:\/\/diariodominicano.com\/index.php?rest_route=%2Fwp%2Fv2%2Fcomments&post=466353"}],"version-history":[{"count":6,"href":"https:\/\/diariodominicano.com\/index.php?rest_route=\/wp\/v2\/posts\/466353\/revisions"}],"predecessor-version":[{"id":466365,"href":"https:\/\/diariodominicano.com\/index.php?rest_route=\/wp\/v2\/posts\/466353\/revisions\/466365"}],"wp:featuredmedia":[{"embeddable":true,"href":"https:\/\/diariodominicano.com\/index.php?rest_route=\/wp\/v2\/media\/466354"}],"wp:attachment":[{"href":"https:\/\/diariodominicano.com\/index.php?rest_route=%2Fwp%2Fv2%2Fmedia&parent=466353"}],"wp:term":[{"taxonomy":"category","embeddable":true,"href":"https:\/\/diariodominicano.com\/index.php?rest_route=%2Fwp%2Fv2%2Fcategories&post=466353"},{"taxonomy":"post_tag","embeddable":true,"href":"https:\/\/diariodominicano.com\/index.php?rest_route=%2Fwp%2Fv2%2Ftags&post=466353"}],"curies":[{"name":"wp","href":"https:\/\/api.w.org\/{rel}","templated":true}]}}