{"id":466321,"date":"2023-08-24T23:18:10","date_gmt":"2023-08-25T03:18:10","guid":{"rendered":"http:\/\/diariodominicano.com\/?p=466321"},"modified":"2023-08-24T23:25:51","modified_gmt":"2023-08-25T03:25:51","slug":"disenadores-logran-nueva-imagen-a-la-feria-del-libro-sd-2023","status":"publish","type":"post","link":"https:\/\/diariodominicano.com\/?p=466321","title":{"rendered":"Dise\u00f1adores logran nueva imagen a la Feria del Libro SD 2023"},"content":{"rendered":"\n<p> Imagen de los trabajos del montaje del Gran Paseo del Libro, junto al Museo de Arte Moderno, una estructura que acomodar\u00e1 a todos los libreros participantes. <\/p>\n\n\n\n<figure class=\"wp-block-image size-full\"><img loading=\"lazy\" decoding=\"async\" width=\"576\" height=\"918\" src=\"https:\/\/diariodominicano.com\/wp-content\/uploads\/2023\/08\/Senaletica-que-orienta-la-zona-de-pabellones.jpg\" alt=\"\" class=\"wp-image-466325\" srcset=\"https:\/\/diariodominicano.com\/wp-content\/uploads\/2023\/08\/Senaletica-que-orienta-la-zona-de-pabellones.jpg 576w, https:\/\/diariodominicano.com\/wp-content\/uploads\/2023\/08\/Senaletica-que-orienta-la-zona-de-pabellones-188x300.jpg 188w\" sizes=\"auto, (max-width: 576px) 100vw, 576px\" \/><\/figure>\n\n\n\n<p> Los hitos de se\u00f1al\u00e9tica tienen una imagen atractiva y amigable, indicando la ubicaci\u00f3n de los pabellones y espacios de encuentro de la Feria del Libro 2023. <\/p>\n\n\n\n<p>La vida y obra de la poeta, narradora y ensayista Jeannette Miller se detalla en un pabell\u00f3n que ha estado a cargo de Ilonka Nacidit Perdomo.<\/p>\n\n\n\n<p>Servicio de Prensa<\/p>\n\n\n\n<p>A diferencia de la apariencia del pasado en esta Plaza de la Cultura, la Feria del Libro no tendr\u00e1 en esta su vig\u00e9simo quinta versi\u00f3n, decenas de carpas&nbsp;individuales y,&nbsp;en cambio, se alojar\u00e1 a los libreros en un corredor de ambiente moderno y con Aire Acondicionado con un mobiliario que se estrena en esta edici\u00f3n del evento, basado en el color blanco.<\/p>\n\n\n\n<p>La Feria del Libro que se inaugura&nbsp;este viernes 25 de agosto, ofrecer\u00e1&nbsp;un nuevo rostro caracterizado por cambios funcionales y un dise\u00f1o amigable, colectivo y muy moderno, tras un &nbsp;recorrido realizado&nbsp;la v\u00edspera de la inauguraci\u00f3n oficial, este viernes 25 en el Teatro Nacional a las siete de la noche.<\/p>\n\n\n\n<p>El equipo de infraestructura, que coordina la arquitecta&nbsp;Roxanna&nbsp;Luke, al frente de ingenieros, arquitectos, t\u00e9cnicos de montaje y obreros especializados, han logrado un perfil distinto a los diversos espacios.<\/p>\n\n\n\n<figure class=\"wp-block-image size-large\"><img loading=\"lazy\" decoding=\"async\" width=\"1024\" height=\"461\" src=\"https:\/\/diariodominicano.com\/wp-content\/uploads\/2023\/08\/Lo-visual-es-predominante-en-el-Pabellon-del-Comic-en-el-cual-ha-trabajado-activamente-Moro-Studios-y-un-grupo-de-artistas.-1-1024x461.jpg\" alt=\"\" class=\"wp-image-466326\" srcset=\"https:\/\/diariodominicano.com\/wp-content\/uploads\/2023\/08\/Lo-visual-es-predominante-en-el-Pabellon-del-Comic-en-el-cual-ha-trabajado-activamente-Moro-Studios-y-un-grupo-de-artistas.-1-1024x461.jpg 1024w, https:\/\/diariodominicano.com\/wp-content\/uploads\/2023\/08\/Lo-visual-es-predominante-en-el-Pabellon-del-Comic-en-el-cual-ha-trabajado-activamente-Moro-Studios-y-un-grupo-de-artistas.-1-300x135.jpg 300w, https:\/\/diariodominicano.com\/wp-content\/uploads\/2023\/08\/Lo-visual-es-predominante-en-el-Pabellon-del-Comic-en-el-cual-ha-trabajado-activamente-Moro-Studios-y-un-grupo-de-artistas.-1-768x346.jpg 768w, https:\/\/diariodominicano.com\/wp-content\/uploads\/2023\/08\/Lo-visual-es-predominante-en-el-Pabellon-del-Comic-en-el-cual-ha-trabajado-activamente-Moro-Studios-y-un-grupo-de-artistas.-1-1536x691.jpg 1536w, https:\/\/diariodominicano.com\/wp-content\/uploads\/2023\/08\/Lo-visual-es-predominante-en-el-Pabellon-del-Comic-en-el-cual-ha-trabajado-activamente-Moro-Studios-y-un-grupo-de-artistas.-1-816x367.jpg 816w, https:\/\/diariodominicano.com\/wp-content\/uploads\/2023\/08\/Lo-visual-es-predominante-en-el-Pabellon-del-Comic-en-el-cual-ha-trabajado-activamente-Moro-Studios-y-un-grupo-de-artistas.-1.jpg 1600w\" sizes=\"auto, (max-width: 1024px) 100vw, 1024px\" \/><figcaption>El Pabell\u00f3n del Comic tiene una potente imagen atractiva basada en los dise\u00f1os para este g\u00e9nero, probablemente el material de lectura y gr\u00e1fica m\u00e1s buscado en el mundo.<\/figcaption><\/figure>\n\n\n\n<p>Esta fiesta literaria, que tiene como lema \u201cPara todo hay un libro\u00bb se extiende ahora hasta el 4 de septiembre, con una dedicatoria especial a la intelectual&nbsp;Jeannette&nbsp;Miller y con la participaci\u00f3n de Israel como pa\u00eds invitado.<\/p>\n\n\n\n<p>Se ofrecer\u00e1n al p\u00fablico visitantes los pabellones: Pabell\u00f3n Azul de la Poes\u00eda, de Pabell\u00f3n Identidad y Ciudadan\u00eda, el muy atrayente Pabell\u00f3n del C\u00f3mic, el Pabell\u00f3n de Israel (en el Museo Nacional de Historia y Geograf\u00eda), Pabell\u00f3n&nbsp;Jeannette&nbsp;Miller (la autora dominicana a la cual se dedica el evento), el Pabell\u00f3n de Autores Dominicanos y Talleres Literarios, el Pabell\u00f3n de Animaci\u00f3n a la Lectura y el de la Imaginaci\u00f3n.<\/p>\n\n\n\n<p>Los espacios de encuentro son: Sala de Universidades, Sala Carlos&nbsp;Piantini&nbsp;(para las mayores presentaciones art\u00edsticas), Sala de encuentros (para los acuerdos editoriales entre autores y editoriales y el intercambio entre creadores literarios) Cine y Literatura (en la Cinemateca Dominicana) y Sala de Letras.<\/p>\n\n\n\n<p>Quienes montan la Feria del Libro, un equipo afanoso dirigido por arquitectos e ingenieros, luchaban contra el retraso provocado por la tormenta Franklin, que provoc\u00f3 la posposici\u00f3n del jueves 24 al viernes 25, en vista de la paralizaci\u00f3n que se verific\u00f3 por el paso del fen\u00f3meno atmosf\u00e9rico.<\/p>\n\n\n\n<figure class=\"wp-block-image size-large\"><img loading=\"lazy\" decoding=\"async\" width=\"1024\" height=\"461\" src=\"https:\/\/diariodominicano.com\/wp-content\/uploads\/2023\/08\/El-gran-paseo-del-libro-visto-desde-fuera-1-1024x461.jpg\" alt=\"\" class=\"wp-image-466327\" srcset=\"https:\/\/diariodominicano.com\/wp-content\/uploads\/2023\/08\/El-gran-paseo-del-libro-visto-desde-fuera-1-1024x461.jpg 1024w, https:\/\/diariodominicano.com\/wp-content\/uploads\/2023\/08\/El-gran-paseo-del-libro-visto-desde-fuera-1-300x135.jpg 300w, https:\/\/diariodominicano.com\/wp-content\/uploads\/2023\/08\/El-gran-paseo-del-libro-visto-desde-fuera-1-768x346.jpg 768w, https:\/\/diariodominicano.com\/wp-content\/uploads\/2023\/08\/El-gran-paseo-del-libro-visto-desde-fuera-1-816x367.jpg 816w, https:\/\/diariodominicano.com\/wp-content\/uploads\/2023\/08\/El-gran-paseo-del-libro-visto-desde-fuera-1.jpg 1280w\" sizes=\"auto, (max-width: 1024px) 100vw, 1024px\" \/><figcaption>Este es el aspecto exterior del Gran Corredor de los Libros en la FILSD 2023.<\/figcaption><\/figure>\n\n\n\n<p>Uno de los arquitectos dijo, a condici\u00f3n de que su nombre se mantuviera en reservas, que se trabaja con la intenci\u00f3n de entregar las instalaciones ma\u00f1ana viernes a mediod\u00eda y sin los episodios traum\u00e1ticos que provocan detalles no concluidos, que generan situaciones e incomodidades.<\/p>\n\n\n\n<p>\u201cHemos trabajado para hacer la diferencia. Hemos logrado un cambio de rostro de la Feria, que esperamos corresponda a la nueva orientaci\u00f3n de los contenidos que ofrece el programa y que el evento se vea importantizado por la oferta con precios reales de feria por parte de libreros y editoriales\u201d dijo el profesional.<\/p>\n\n\n\n<figure class=\"wp-block-image size-full\"><img loading=\"lazy\" decoding=\"async\" width=\"800\" height=\"360\" src=\"https:\/\/diariodominicano.com\/wp-content\/uploads\/2023\/08\/Con-algunos-estantes-aun-en-su-papel-de-celofran-el-trabajo-por-instalar-todo-continuara-esta-noche-y-manana-todo-el-dia-.jpg\" alt=\"\" class=\"wp-image-466329\" srcset=\"https:\/\/diariodominicano.com\/wp-content\/uploads\/2023\/08\/Con-algunos-estantes-aun-en-su-papel-de-celofran-el-trabajo-por-instalar-todo-continuara-esta-noche-y-manana-todo-el-dia-.jpg 800w, https:\/\/diariodominicano.com\/wp-content\/uploads\/2023\/08\/Con-algunos-estantes-aun-en-su-papel-de-celofran-el-trabajo-por-instalar-todo-continuara-esta-noche-y-manana-todo-el-dia--300x135.jpg 300w, https:\/\/diariodominicano.com\/wp-content\/uploads\/2023\/08\/Con-algunos-estantes-aun-en-su-papel-de-celofran-el-trabajo-por-instalar-todo-continuara-esta-noche-y-manana-todo-el-dia--768x346.jpg 768w\" sizes=\"auto, (max-width: 800px) 100vw, 800px\" \/><figcaption> En estos m\u00f3dulos y estanter\u00eda estar\u00e1n los libreros que participar\u00e1n del 25 de agosto al 4 de septiembre en la XXV Feria Internacional del Libro Santo Domingo 2023. <\/figcaption><\/figure>\n\n\n\n<p>Al recorrer los trabajos, se notan diferencias desde la se\u00f1al\u00e9tica (el sistema para indicar la ubicaci\u00f3n de pabellones y espacios) que ahora resulta muy visual y amigable, hasta la estructura y rostro de los pabellones.<\/p>\n\n\n\n<figure class=\"wp-block-image size-large\"><img loading=\"lazy\" decoding=\"async\" width=\"1024\" height=\"461\" src=\"https:\/\/diariodominicano.com\/wp-content\/uploads\/2023\/08\/Estanteria-modular-para-libreros-FiLSD-1024x461.jpg\" alt=\"\" class=\"wp-image-466331\" srcset=\"https:\/\/diariodominicano.com\/wp-content\/uploads\/2023\/08\/Estanteria-modular-para-libreros-FiLSD-1024x461.jpg 1024w, https:\/\/diariodominicano.com\/wp-content\/uploads\/2023\/08\/Estanteria-modular-para-libreros-FiLSD-300x135.jpg 300w, https:\/\/diariodominicano.com\/wp-content\/uploads\/2023\/08\/Estanteria-modular-para-libreros-FiLSD-768x346.jpg 768w, https:\/\/diariodominicano.com\/wp-content\/uploads\/2023\/08\/Estanteria-modular-para-libreros-FiLSD-816x367.jpg 816w, https:\/\/diariodominicano.com\/wp-content\/uploads\/2023\/08\/Estanteria-modular-para-libreros-FiLSD.jpg 1280w\" sizes=\"auto, (max-width: 1024px) 100vw, 1024px\" \/><\/figure>\n\n\n\n<p><strong>Lo que oferta Israel<\/strong><\/p>\n\n\n\n<p>La embajada de Israel adelant\u00f3 que como pais invitado tendr\u00e1 en su pabell\u00f3n una oferta literaria con m\u00e1s de 120 libros con trabajos de los m\u00e1s prestigiosos escritores de ese pais en material de narrativa, tecnolog\u00eda y poes\u00eda, habr\u00e1 tecnolog\u00eda in situ y una representaci\u00f3n del Muro de los Lamentos y las personas podr\u00e1n escribir sus deseos indicando que los mismos, ser\u00e1n llevados por la delegaci\u00f3n diplom\u00e1tica, al muro real.<\/p>\n\n\n\n<p><strong>Mil parqueos disponibles<\/strong><\/p>\n\n\n\n<p>Un parte de prensa del Ministerio de Cultura indica que se ha establecido un plan de movilidad y estacionamiento que procura evitar que la zona sea taponada en su tr\u00e1nsito en derredor y que los visitantes encuentren f\u00e1cilmente la forma de parquear y cinco puertas de acceso a la Plaza de la Cultura: tres de ellas por la avenida M\u00e1ximo G\u00f3mez y la otra por la calle C\u00e9sar Nicol\u00e1s Penson.<\/p>\n\n\n\n<p>El p\u00fablico tendr\u00e1 acceso a estacionamientos en el Ministerio de Educaci\u00f3n Superior, Ciencia y Tecnolog\u00eda (MESCYT), en la avenida M\u00e1ximo G\u00f3mez, esquina Pedro Henr\u00edquez Ure\u00f1a, de lunes a viernes, de 5:00 de la tarde a 10:00 de la noche, y s\u00e1bados y domingos, de 8:00 de la ma\u00f1ana a 10:00 de la noche.<\/p>\n\n\n\n<p>A estos se suman, los parqueos de la Universidad Iberoamericana (UNIBE), ubicada cerca del recinto ferial, de 9:00 de la ma\u00f1ana a 9:00 de la noche, as\u00ed como los de la Universidad Aut\u00f3noma de Santo Domingo (UASD), en horario de 9:00 de la ma\u00f1ana a 8:00 de la noche.<\/p>\n\n\n\n<p>Los estacionamientos situados en el Centro Ol\u00edmpico Juan Pablo Duarte tambi\u00e9n podr\u00e1n ser utilizados por los visitantes de la Feria del Libro 2023 en horario de 9:00 de la ma\u00f1ana a 9:00 de la noche.<\/p>\n\n\n\n<p>Los dos fines de semana en los que se realizar\u00e1 la feria estar\u00e1n a disposici\u00f3n de los ciudadanos los parqueos del Palacio de Bellas Artes, ubicado en la avenida M\u00e1ximo G\u00f3mez, esquina Independencia, de 9:00 de la ma\u00f1ana a 9:00 de la noche.<\/p>\n\n\n\n<p>Para quienes usen los parqueos&nbsp;del Centro Ol\u00edmpico, la UASD y Bellas Artes se han establecido rutas gratis con autobuses de la Oficina Metropolitana de Servicios de Autobuses (OMSA) transportar\u00e1n a los visitantes desde los parqueos del hasta el recinto ferial y en sentido contrario.<\/p>\n\n\n\n<p>La organizaci\u00f3n inform\u00f3, adem\u00e1s, que la realizaci\u00f3n de esta fiesta literaria afectar\u00e1 al tr\u00e1fico vehicular en el entorno de las avenidas M\u00e1ximo G\u00f3mez, Pedro Henr\u00edquez Ure\u00f1a y C\u00e9sar Nicol\u00e1s Penson, por lo que se recomienda a los usuarios de estas v\u00edas buscar rutas alternativas para transitar con mayor movilidad.<\/p>\n\n\n\n<p>Se recomienda a los asistentes acceder al recinto con servicios de taxis, as\u00ed como utilizando el metro, cuya estaci\u00f3n Casandra Damir\u00f3n se encuentra dentro de la Plaza de la Cultura.<\/p>\n\n\n\n<p>Las entradas peatonales a la Plaza de la Cultura son cinco, tres de ellas por la avenida M\u00e1ximo G\u00f3mez (una junto a la estaci\u00f3n de metro Casandra Damir\u00f3n y dos frente al Teatro Nacional), una por la calle Pedro Henr\u00edquez Ure\u00f1a (frente al Museo de Arte Moderno) y la otra por la calle C\u00e9sar Nicol\u00e1s Penson (cercana a la Biblioteca Nacional).<\/p>\n\n\n\n<p>El programa y el mapa est\u00e1n disponibles en la web de Cultura, el programa completo, el mapa que se\u00f1ala las diversas instalaciones y la opci\u00f3n de Metaverso. <\/p>\n\n\n\n<p>VER ENLACE:\u00a0<a rel=\"noreferrer noopener\" href=\"https:\/\/fil.com.do\/\" target=\"_blank\">Feria Internacional del Libro 2023 (fil.com.do)<\/a><\/p>\n","protected":false},"excerpt":{"rendered":"<p>Imagen de los trabajos del montaje del Gran Paseo del Libro, junto al Museo de Arte Moderno, una estructura que acomodar\u00e1 a todos los libreros participantes. Los hitos de se\u00f1al\u00e9tica tienen una imagen atractiva y amigable, indicando la ubicaci\u00f3n de los pabellones y espacios de encuentro de la Feria del Libro 2023. La vida y [&hellip;]<\/p>\n","protected":false},"author":28,"featured_media":466322,"comment_status":"closed","ping_status":"","sticky":true,"template":"","format":"standard","meta":{"footnotes":""},"categories":[21,27,32],"tags":[],"class_list":["post-466321","post","type-post","status-publish","format-standard","has-post-thumbnail","hentry","category-cultura","category-portada","category-turismo"],"_links":{"self":[{"href":"https:\/\/diariodominicano.com\/index.php?rest_route=\/wp\/v2\/posts\/466321","targetHints":{"allow":["GET"]}}],"collection":[{"href":"https:\/\/diariodominicano.com\/index.php?rest_route=\/wp\/v2\/posts"}],"about":[{"href":"https:\/\/diariodominicano.com\/index.php?rest_route=\/wp\/v2\/types\/post"}],"author":[{"embeddable":true,"href":"https:\/\/diariodominicano.com\/index.php?rest_route=\/wp\/v2\/users\/28"}],"replies":[{"embeddable":true,"href":"https:\/\/diariodominicano.com\/index.php?rest_route=%2Fwp%2Fv2%2Fcomments&post=466321"}],"version-history":[{"count":5,"href":"https:\/\/diariodominicano.com\/index.php?rest_route=\/wp\/v2\/posts\/466321\/revisions"}],"predecessor-version":[{"id":466332,"href":"https:\/\/diariodominicano.com\/index.php?rest_route=\/wp\/v2\/posts\/466321\/revisions\/466332"}],"wp:featuredmedia":[{"embeddable":true,"href":"https:\/\/diariodominicano.com\/index.php?rest_route=\/wp\/v2\/media\/466322"}],"wp:attachment":[{"href":"https:\/\/diariodominicano.com\/index.php?rest_route=%2Fwp%2Fv2%2Fmedia&parent=466321"}],"wp:term":[{"taxonomy":"category","embeddable":true,"href":"https:\/\/diariodominicano.com\/index.php?rest_route=%2Fwp%2Fv2%2Fcategories&post=466321"},{"taxonomy":"post_tag","embeddable":true,"href":"https:\/\/diariodominicano.com\/index.php?rest_route=%2Fwp%2Fv2%2Ftags&post=466321"}],"curies":[{"name":"wp","href":"https:\/\/api.w.org\/{rel}","templated":true}]}}