{"id":466254,"date":"2023-08-24T18:04:08","date_gmt":"2023-08-24T22:04:08","guid":{"rendered":"http:\/\/diariodominicano.com\/?p=466254"},"modified":"2023-08-24T18:11:02","modified_gmt":"2023-08-24T22:11:02","slug":"gran-exito-primer-festival-de-la-brigada-de-esperanza-en-queens","status":"publish","type":"post","link":"https:\/\/diariodominicano.com\/?p=466254","title":{"rendered":"Gran \u00e9xito, Primer Festival de la Brigada de Esperanza en Queens"},"content":{"rendered":"\n<p>Equipo Brigada La Esperanza <\/p>\n\n\n\n<figure class=\"wp-block-image size-large\"><img loading=\"lazy\" decoding=\"async\" width=\"768\" height=\"1024\" src=\"https:\/\/diariodominicano.com\/wp-content\/uploads\/2023\/08\/Juez-Carmen-V.-768x1024.jpg\" alt=\"\" class=\"wp-image-466257\" srcset=\"https:\/\/diariodominicano.com\/wp-content\/uploads\/2023\/08\/Juez-Carmen-V.-768x1024.jpg 768w, https:\/\/diariodominicano.com\/wp-content\/uploads\/2023\/08\/Juez-Carmen-V.-225x300.jpg 225w, https:\/\/diariodominicano.com\/wp-content\/uploads\/2023\/08\/Juez-Carmen-V.-1152x1536.jpg 1152w, https:\/\/diariodominicano.com\/wp-content\/uploads\/2023\/08\/Juez-Carmen-V.-1536x2048.jpg 1536w, https:\/\/diariodominicano.com\/wp-content\/uploads\/2023\/08\/Juez-Carmen-V.-816x1088.jpg 816w, https:\/\/diariodominicano.com\/wp-content\/uploads\/2023\/08\/Juez-Carmen-V.-scaled.jpg 1920w\" sizes=\"auto, (max-width: 768px) 100vw, 768px\" \/><figcaption>Jueza Carmen Vel\u00e1squez<\/figcaption><\/figure>\n\n\n\n<p>Por: Dr. Am\u00edn Cruz<\/p>\n\n\n\n<p>Fotos: Clara Webb<\/p>\n\n\n\n<p>Con gran \u00e9xito se celebr\u00f3 el Primer Festival de la Esperanza, gracias al esfuerzo del grupo de mujeres y hombres encabezado por la jueza la honorable Carmen Vel\u00e1zquez, bajo la organizaci\u00f3n comunitaria \u201cBrigada de Esperanza NY\u201d, la cual fue fundada a ra\u00edz del inicio de la pandemia en el a\u00f1o 2020 y se ha convertido en el pa\u00f1o de l\u00e1grimas de centenas de familias humildes.<\/p>\n\n\n\n<figure class=\"wp-block-image size-large is-resized\"><img loading=\"lazy\" decoding=\"async\" src=\"https:\/\/diariodominicano.com\/wp-content\/uploads\/2023\/08\/Asambleista-Catalina-Cruz-768x1024.jpg\" alt=\"\" class=\"wp-image-466260\" width=\"616\" height=\"821\" srcset=\"https:\/\/diariodominicano.com\/wp-content\/uploads\/2023\/08\/Asambleista-Catalina-Cruz-768x1024.jpg 768w, https:\/\/diariodominicano.com\/wp-content\/uploads\/2023\/08\/Asambleista-Catalina-Cruz-225x300.jpg 225w, https:\/\/diariodominicano.com\/wp-content\/uploads\/2023\/08\/Asambleista-Catalina-Cruz-816x1088.jpg 816w, https:\/\/diariodominicano.com\/wp-content\/uploads\/2023\/08\/Asambleista-Catalina-Cruz.jpg 843w\" sizes=\"auto, (max-width: 616px) 100vw, 616px\" \/><figcaption>Asamblei\u00edta Catalina Cruz <\/figcaption><\/figure>\n\n\n\n<figure class=\"wp-block-image size-large\"><img loading=\"lazy\" decoding=\"async\" width=\"768\" height=\"1024\" src=\"https:\/\/diariodominicano.com\/wp-content\/uploads\/2023\/08\/Los-Toro-Banda-y-Jueza-768x1024.jpg\" alt=\"\" class=\"wp-image-466261\" srcset=\"https:\/\/diariodominicano.com\/wp-content\/uploads\/2023\/08\/Los-Toro-Banda-y-Jueza-768x1024.jpg 768w, https:\/\/diariodominicano.com\/wp-content\/uploads\/2023\/08\/Los-Toro-Banda-y-Jueza-225x300.jpg 225w, https:\/\/diariodominicano.com\/wp-content\/uploads\/2023\/08\/Los-Toro-Banda-y-Jueza-1152x1536.jpg 1152w, https:\/\/diariodominicano.com\/wp-content\/uploads\/2023\/08\/Los-Toro-Banda-y-Jueza-1536x2048.jpg 1536w, https:\/\/diariodominicano.com\/wp-content\/uploads\/2023\/08\/Los-Toro-Banda-y-Jueza-816x1088.jpg 816w, https:\/\/diariodominicano.com\/wp-content\/uploads\/2023\/08\/Los-Toro-Banda-y-Jueza-scaled.jpg 1920w\" sizes=\"auto, (max-width: 768px) 100vw, 768px\" \/><figcaption>Los Toro Banda y juez  Vel\u00e1squez<\/figcaption><\/figure>\n\n\n\n<p>Este evento realizado el pasado domingo 20, era un festival que ten\u00eda una causa com\u00fan, pro recaudaci\u00f3n de fondos, ayuda que ir\u00e1 dirigida a la misi\u00f3n que se ha propuesto la organizaci\u00f3n sin fines de lucro, \u201cBrigada de Esperanza NY\u201d, que prestan un servicio a la ciudadan\u00eda de manera gratuita, donando comidas tanto cocida como cruda, igual ropas entre otras facilidades a centenas de personas de bajos recursos, haciendo la diferencia en el servicio, bajo la coordinaci\u00f3n de la Jueza Carmen Vel\u00e1squez.<\/p>\n\n\n\n<p>El Primer Festival de la Esperanza fue todo un \u00e9xito con la presencia de grande personalidades entre ellos pol\u00edticos electos como la Asamble\u00edsta Catalina Cruz, Hiram Monserrate, entre otros, adem\u00e1s, un centenar de personas que se dio cita a disfrutar y compartir de manera directa con la docena de artistas, orquestas y cantantes que se unieron a la iniciativa de la organizaci\u00f3n \u201cBrigada de Esperanza\u201d, con el objetivo de seguir ayudando a las personas m\u00e1s necesitadas y vulnerable de nuestras comunidades de Queens, as\u00ed lo expres\u00f3 la se\u00f1ora juez Carmen Vel\u00e1zquez.<\/p>\n\n\n\n<figure class=\"wp-block-image size-large\"><img loading=\"lazy\" decoding=\"async\" width=\"1024\" height=\"768\" src=\"https:\/\/diariodominicano.com\/wp-content\/uploads\/2023\/08\/Los-Toro-Banda-1024x768.jpg\" alt=\"\" class=\"wp-image-466264\" srcset=\"https:\/\/diariodominicano.com\/wp-content\/uploads\/2023\/08\/Los-Toro-Banda-1024x768.jpg 1024w, https:\/\/diariodominicano.com\/wp-content\/uploads\/2023\/08\/Los-Toro-Banda-300x225.jpg 300w, https:\/\/diariodominicano.com\/wp-content\/uploads\/2023\/08\/Los-Toro-Banda-768x576.jpg 768w, https:\/\/diariodominicano.com\/wp-content\/uploads\/2023\/08\/Los-Toro-Banda-1536x1152.jpg 1536w, https:\/\/diariodominicano.com\/wp-content\/uploads\/2023\/08\/Los-Toro-Banda-2048x1536.jpg 2048w, https:\/\/diariodominicano.com\/wp-content\/uploads\/2023\/08\/Los-Toro-Banda-816x612.jpg 816w\" sizes=\"auto, (max-width: 1024px) 100vw, 1024px\" \/><\/figure>\n\n\n\n<p>La presencia de los artistas, cantantes, orquestas, humoristas fue algo muy especial para todas las personas presentes, convirti\u00e9ndose en un gran momento de alegr\u00eda y satisfacci\u00f3n de vida, bailar, cantar, re\u00edr, llorar y recordar canciones de su infancia entre otras que han sido icono de su vida, interpretadas por una bater\u00eda de orquestas, artistas y cantantes como:&nbsp;Ximena Ibarra, Teresita Andrade, Vanessa la Verduga, Jacqueline la Estrellita de Am\u00e9rica, Jei Santander, Adriana Vargas, Alex Bautista, Holger Vallejo, Christian Herrera, Stanley Pineda, William Ruiz, D\u00fao Zabala Cer\u00f3n, Luis Moya,&nbsp;Mois\u00e9s&nbsp;Salazar y su Conjunto, Tendremos la presencia de \u201cLa Jara Band de la&nbsp;Polic\u00eda&nbsp;de New York\u201d, y \u201cLos Toros Band\u201d.<\/p>\n\n\n\n<p>Los organizadores de este 1er. Festival de Esperanza, tuvo como iniciativa motivar y motorizar un operativo m\u00e9dico equipado con varias facilidades: salud, bienestar, seguros m\u00e9dicos, asesor\u00edas, aplicaciones de alimentos para todos, al igual, tambi\u00e9n se cont\u00f3 con otros tipos de ayudas y facilidades, adem\u00e1s se regal\u00f3 muchas otras cosas de parte de instituciones que estaban promoviendo sus productos y se comparti\u00f3 con una suculenta&nbsp;gastronom\u00eda,&nbsp;comida variada a buen precio de diferentes pa\u00edses de Am\u00e9rica.<\/p>\n\n\n\n<figure class=\"wp-block-image size-large\"><img loading=\"lazy\" decoding=\"async\" width=\"1024\" height=\"768\" src=\"https:\/\/diariodominicano.com\/wp-content\/uploads\/2023\/08\/Jueza-publico-1-1024x768.jpg\" alt=\"\" class=\"wp-image-466265\" srcset=\"https:\/\/diariodominicano.com\/wp-content\/uploads\/2023\/08\/Jueza-publico-1-1024x768.jpg 1024w, https:\/\/diariodominicano.com\/wp-content\/uploads\/2023\/08\/Jueza-publico-1-300x225.jpg 300w, https:\/\/diariodominicano.com\/wp-content\/uploads\/2023\/08\/Jueza-publico-1-768x576.jpg 768w, https:\/\/diariodominicano.com\/wp-content\/uploads\/2023\/08\/Jueza-publico-1-1536x1152.jpg 1536w, https:\/\/diariodominicano.com\/wp-content\/uploads\/2023\/08\/Jueza-publico-1-2048x1536.jpg 2048w, https:\/\/diariodominicano.com\/wp-content\/uploads\/2023\/08\/Jueza-publico-1-816x612.jpg 816w\" sizes=\"auto, (max-width: 1024px) 100vw, 1024px\" \/><\/figure>\n\n\n\n<p>La honorable jueza Carmen Vel\u00e1squez, fue la primera mujer hispana en presidir la Corte Suprema del Estado de Nueva York y se distingue por su honestidad, responsabilidad, humildad y trabajo, se incorpor\u00f3 desde el mismo momento que lleg\u00f3 el Covid 19 a la ciudad de New York de manera directa 24\/7 al servicio de la comunidad y desafiando el peligro de la pandemia.<\/p>\n\n\n\n<p>Al final del Festival la honorable jueza le dio las gracias a todos los presentes y al Comit\u00e9\u00a0de la Brigada de la Esperanza por el trabajo realizado, a los comerciantes patrocinadores, pol\u00edticos, artistas, m\u00fasicos, a todos los que tuvieron que ver para que\u00a0la actividad fuera todo un \u00e9xito\u00a0y concluy\u00f3\u00a0diciendo el a\u00f1o que viene ser\u00e1 mucho mejor.<br>Brigada de Esperanza Inc., ha logrado incluir en su programaci\u00f3n de trabajo, brindar ayuda aquellos que necesitan apoyo de asistencia en alquiler, proporcionar lentes a quienes los necesitan, brindar informaci\u00f3n sobre pruebas y vacunas del COVID, ayuda para los funerales, distribuye m\u00e1s de 500 cajas de alimentos semanales a los neoyorquinos necesitados y vulnerables, incluido adultos mayores e inmigrantes, llevamos tres (3) a\u00f1os y seguimos brindando ayudas a nuestra comunidad.<br>Quiero agradecer enhorabuena a la honorable jueza Carmen Vel\u00e1squez y a la locutora Clara Webb, por invitarnos a su actividad y brindarnos ese c\u00e1lido recibimiento, gracias, igual por apoyarnos, tambi\u00e9n felicitamos a todo el equipo de trabajo de la Brigada de la Esperanza,\u00a0\u00a0para mayor informaci\u00f3n pueden llamar al\u00a0director ejecutivo Fabian Cabrera, (Conde), Tel: 718-530-8638.<\/p>\n\n\n\n<p>Libre Press<a rel=\"noreferrer noopener\" target=\"_blank\" href=\"mailto:libropress@gmail.com\">libropress@gmail.com<\/a><\/p>\n","protected":false},"excerpt":{"rendered":"<p>Equipo Brigada La Esperanza Por: Dr. Am\u00edn Cruz Fotos: Clara Webb Con gran \u00e9xito se celebr\u00f3 el Primer Festival de la Esperanza, gracias al esfuerzo del grupo de mujeres y hombres encabezado por la jueza la honorable Carmen Vel\u00e1zquez, bajo la organizaci\u00f3n comunitaria \u201cBrigada de Esperanza NY\u201d, la cual fue fundada a ra\u00edz del inicio [&hellip;]<\/p>\n","protected":false},"author":28,"featured_media":466255,"comment_status":"closed","ping_status":"","sticky":false,"template":"","format":"standard","meta":{"footnotes":""},"categories":[36,25,23,32],"tags":[],"class_list":["post-466254","post","type-post","status-publish","format-standard","has-post-thumbnail","hentry","category-hombresmujeresycosas","category-gente","category-internacional","category-turismo"],"_links":{"self":[{"href":"https:\/\/diariodominicano.com\/index.php?rest_route=\/wp\/v2\/posts\/466254","targetHints":{"allow":["GET"]}}],"collection":[{"href":"https:\/\/diariodominicano.com\/index.php?rest_route=\/wp\/v2\/posts"}],"about":[{"href":"https:\/\/diariodominicano.com\/index.php?rest_route=\/wp\/v2\/types\/post"}],"author":[{"embeddable":true,"href":"https:\/\/diariodominicano.com\/index.php?rest_route=\/wp\/v2\/users\/28"}],"replies":[{"embeddable":true,"href":"https:\/\/diariodominicano.com\/index.php?rest_route=%2Fwp%2Fv2%2Fcomments&post=466254"}],"version-history":[{"count":5,"href":"https:\/\/diariodominicano.com\/index.php?rest_route=\/wp\/v2\/posts\/466254\/revisions"}],"predecessor-version":[{"id":466266,"href":"https:\/\/diariodominicano.com\/index.php?rest_route=\/wp\/v2\/posts\/466254\/revisions\/466266"}],"wp:featuredmedia":[{"embeddable":true,"href":"https:\/\/diariodominicano.com\/index.php?rest_route=\/wp\/v2\/media\/466255"}],"wp:attachment":[{"href":"https:\/\/diariodominicano.com\/index.php?rest_route=%2Fwp%2Fv2%2Fmedia&parent=466254"}],"wp:term":[{"taxonomy":"category","embeddable":true,"href":"https:\/\/diariodominicano.com\/index.php?rest_route=%2Fwp%2Fv2%2Fcategories&post=466254"},{"taxonomy":"post_tag","embeddable":true,"href":"https:\/\/diariodominicano.com\/index.php?rest_route=%2Fwp%2Fv2%2Ftags&post=466254"}],"curies":[{"name":"wp","href":"https:\/\/api.w.org\/{rel}","templated":true}]}}