{"id":466165,"date":"2023-08-24T00:28:27","date_gmt":"2023-08-24T04:28:27","guid":{"rendered":"http:\/\/diariodominicano.com\/?p=466165"},"modified":"2023-08-24T00:30:22","modified_gmt":"2023-08-24T04:30:22","slug":"copa-del-caribe-concacaf-2023-sergio-guzman-y-richard-dabas-el-reto-es-grande-es-nuestra-oportunidad-de-trascender-a-nivel-internacional","status":"publish","type":"post","link":"https:\/\/diariodominicano.com\/?p=466165","title":{"rendered":"Copa del Caribe Concacaf 2023; Sergio Guzm\u00e1n y Richard Dabas; El reto es grande, es nuestra oportunidad de trascender a nivel internacional"},"content":{"rendered":"\n<p> Richard Dabas y Sergio Guzm\u00e1n <\/p>\n\n\n\n<p>MOCA, RD. &#8211; El reto no es f\u00e1cil, es nuestra oportunidad de trascender a nivel internacional, explicaban por separados el DT Sergio Guzm\u00e1n y el capit\u00e1n Richard Dabas del Moca FC de la Rep\u00fablica Dominicana que estar\u00e1 enfrentando a Port of Spain de Trinidad y Tobago en el Grupo A en el Estadio Moca 85, este jueves 24 de agosto en la Copa del Caribe Concacaf 2023.<\/p>\n\n\n\n<p>Guzm\u00e1n el DT, del equipo Aurinegro, contest\u00f3 las preguntas de los periodistas a trav\u00e9s del Zoom de la Concacaf, de cara al primer enfrentamiento de Moca FC, clasificado como uno de los no campeones con el mejor registro global durante el \u00faltimo a\u00f1o en la Rep\u00fablica Dominicana.<\/p>\n\n\n\n<p>\u201cEs algo bonito saber que somos el primer DT encargado de estar en ese banquillo aurinegro junto a un cuerpo t\u00e9cnico, como Jair Ferney Alzate Botero, preparador f\u00edsico, colombiano, el entrenador de porteros el argentino N\u00e9stor Fabi\u00e1n Benedetich, Johan Ortiz preparador f\u00edsico venezolano, el mocano Jonathan Ure\u00f1a asistente, Jhoan P\u00e9rez fisioterapeuta, Jos\u00e9 Cruz doctor y Lewis Garc\u00eda utilero.<\/p>\n\n\n\n<p>En sus palabras el colombiano manifest\u00f3 que el equipo est\u00e1 listo, \u201cEstamos s\u00faper orgullosos de estar en este escenario tan importante para el club que enfrenta al Port of Spain de Trinidad y Tobago, en un partido internacional, y ya todos est\u00e1n al cien por ciento de sus capacidades para poder dar resultados positivos\u201d. &nbsp;&nbsp;<\/p>\n\n\n\n<p>El capit\u00e1n Richard Dabas de su parte expres\u00f3. \u201cNos sentimos super emocionados, adem\u00e1s es con mi pueblo y el club de mis amores, por eso nos preparamos m\u00e1s fuerte para sacar los resultados, confiamos en el trabajo que realiza el profe Sergio Guzm\u00e1n, quien nos motiva d\u00eda a d\u00eda\u201d. Declar\u00f3 el capit\u00e1n del aurinegro.<\/p>\n\n\n\n<p>La primera semana de acci\u00f3n en la Copa del Caribe Concacaf 2023, tendr\u00e1 el jueves partidos con Moca FC de la Rep\u00fablica Dominicana enfrentando a Port of Spain de Trinidad y Tobago en el Grupo A y un enfrentamiento totalmente dominicano en el Grupo B, entre Cibao FC y Pantoja, en el estadio Cibao de Santiago.<\/p>\n\n\n\n<p>Jose Luis Paulino Reyes<a target=\"_blank\" href=\"mailto:josepaulinodeportesjp@gmail.com\" rel=\"noreferrer noopener\">josepaulinodeportesjp@gmail.com<\/a><\/p>\n\n\n\n<p><strong>Prensa y Relaciones P\u00fablicas MOCA FC<\/strong><\/p>\n","protected":false},"excerpt":{"rendered":"<p>Richard Dabas y Sergio Guzm\u00e1n MOCA, RD. &#8211; El reto no es f\u00e1cil, es nuestra oportunidad de trascender a nivel internacional, explicaban por separados el DT Sergio Guzm\u00e1n y el capit\u00e1n Richard Dabas del Moca FC de la Rep\u00fablica Dominicana que estar\u00e1 enfrentando a Port of Spain de Trinidad y Tobago en el Grupo A [&hellip;]<\/p>\n","protected":false},"author":28,"featured_media":466166,"comment_status":"closed","ping_status":"","sticky":false,"template":"","format":"standard","meta":{"footnotes":""},"categories":[17,32],"tags":[],"class_list":["post-466165","post","type-post","status-publish","format-standard","has-post-thumbnail","hentry","category-deportes","category-turismo"],"_links":{"self":[{"href":"https:\/\/diariodominicano.com\/index.php?rest_route=\/wp\/v2\/posts\/466165","targetHints":{"allow":["GET"]}}],"collection":[{"href":"https:\/\/diariodominicano.com\/index.php?rest_route=\/wp\/v2\/posts"}],"about":[{"href":"https:\/\/diariodominicano.com\/index.php?rest_route=\/wp\/v2\/types\/post"}],"author":[{"embeddable":true,"href":"https:\/\/diariodominicano.com\/index.php?rest_route=\/wp\/v2\/users\/28"}],"replies":[{"embeddable":true,"href":"https:\/\/diariodominicano.com\/index.php?rest_route=%2Fwp%2Fv2%2Fcomments&post=466165"}],"version-history":[{"count":3,"href":"https:\/\/diariodominicano.com\/index.php?rest_route=\/wp\/v2\/posts\/466165\/revisions"}],"predecessor-version":[{"id":466169,"href":"https:\/\/diariodominicano.com\/index.php?rest_route=\/wp\/v2\/posts\/466165\/revisions\/466169"}],"wp:featuredmedia":[{"embeddable":true,"href":"https:\/\/diariodominicano.com\/index.php?rest_route=\/wp\/v2\/media\/466166"}],"wp:attachment":[{"href":"https:\/\/diariodominicano.com\/index.php?rest_route=%2Fwp%2Fv2%2Fmedia&parent=466165"}],"wp:term":[{"taxonomy":"category","embeddable":true,"href":"https:\/\/diariodominicano.com\/index.php?rest_route=%2Fwp%2Fv2%2Fcategories&post=466165"},{"taxonomy":"post_tag","embeddable":true,"href":"https:\/\/diariodominicano.com\/index.php?rest_route=%2Fwp%2Fv2%2Ftags&post=466165"}],"curies":[{"name":"wp","href":"https:\/\/api.w.org\/{rel}","templated":true}]}}