{"id":466064,"date":"2023-08-23T19:30:42","date_gmt":"2023-08-23T23:30:42","guid":{"rendered":"http:\/\/diariodominicano.com\/?p=466064"},"modified":"2023-08-23T19:34:14","modified_gmt":"2023-08-23T23:34:14","slug":"mini-pacman-rosa-expondra-su-titulo-mundial-este-viernes-en-rd","status":"publish","type":"post","link":"https:\/\/diariodominicano.com\/?p=466064","title":{"rendered":"\u201cMini PacMan\u201d Rosa expondr\u00e1 su t\u00edtulo mundial este viernes en RD"},"content":{"rendered":"\n<p> Erick \u00abMini PacMan\u00bb Rosa. <\/p>\n\n\n\n<figure class=\"wp-block-image size-full is-resized\"><img loading=\"lazy\" decoding=\"async\" src=\"https:\/\/diariodominicano.com\/wp-content\/uploads\/2023\/08\/Erick-Mini-PacMan-Rosa-2.jpg\" alt=\"\" class=\"wp-image-466067\" width=\"616\" height=\"411\" srcset=\"https:\/\/diariodominicano.com\/wp-content\/uploads\/2023\/08\/Erick-Mini-PacMan-Rosa-2.jpg 718w, https:\/\/diariodominicano.com\/wp-content\/uploads\/2023\/08\/Erick-Mini-PacMan-Rosa-2-300x201.jpg 300w\" sizes=\"auto, (max-width: 616px) 100vw, 616px\" \/><figcaption>Erick Mini PacMan Rosa <\/figcaption><\/figure>\n\n\n\n<p><strong>Pesaje ser\u00e1 este jueves en el Pabell\u00f3n de Esgrima<\/strong><\/p>\n\n\n\n<p>El combate en el que el dominicano Erick \u201cMini PacMan\u201d Rosa expondr\u00e1 su t\u00edtulo mundial contra el venezolano Orlando Pino se mantiene en pie para ma\u00f1ana (viernes) en el Pabell\u00f3n de Esgrima del Centro Ol\u00edmpico Juan Pablo Duarte.<\/p>\n\n\n\n<p>As\u00ed lo inform\u00f3 B\u00e9lgica Pe\u00f1a, presidenta de Shuan Boxing, promotora que tiene a su cargo el montaje del evento.<\/p>\n\n\n\n<p>Pe\u00f1a expuso que el venezolano Pino llegar\u00e1 al pa\u00eds este jueves, a las 10 de la ma\u00f1ana, por el Aeropuerto Internacional de Las Am\u00e9ricas.<\/p>\n\n\n\n<p>&nbsp;La ceremonia del pesaje est\u00e1 programada para las dos de la tarde de este jueves en el mismo escenario donde se realizar\u00e1 el combate.<\/p>\n\n\n\n<p>De acuerdo con B\u00e9lgica Pe\u00f1a, lo peor de la tormenta Franklin, que azot\u00f3 a Rep\u00fablica Dominicana, ya pas\u00f3 y que la Asociaci\u00f3n Mundial de Boxeo (AMB), organismo que avala la corona universal que ostenta el dominicano \u201cMini PacMan\u201d Rosa acept\u00f3 el 25 de este mes como fecha l\u00edmite para que Rosa exponga el t\u00edtulo regular del peso m\u00ednimo (105 libras).<\/p>\n\n\n\n<p>El dominicano Rosa se hizo campe\u00f3n mundial el 21 de diciembre del 2021, tras derrotar por puntos al filipino V\u00edctor Saludar en Santo Domingo.<\/p>\n\n\n\n<p>Frente al venezolano Pino, \u201cMini PacMan\u201d Rosa har\u00e1 la primera defensa de su t\u00edtulo mundial.<\/p>\n\n\n\n<p>\u201cY qu\u00e9 bueno es tener la oportunidad de exponer la faja mundial en mi pa\u00eds. Nunca he defraudado a mi pa\u00eds y no lo har\u00e9 en esta ocasi\u00f3n. Estoy listo para ganar\u201d, a\u00f1adi\u00f3.<\/p>\n\n\n\n<p>Primitivo Cadete<a target=\"_blank\" href=\"mailto:primitivo.cadete@gmail.com\" rel=\"noreferrer noopener\">primitivo.cadete@gmail.com<\/a><\/p>\n","protected":false},"excerpt":{"rendered":"<p>Erick \u00abMini PacMan\u00bb Rosa. Pesaje ser\u00e1 este jueves en el Pabell\u00f3n de Esgrima El combate en el que el dominicano Erick \u201cMini PacMan\u201d Rosa expondr\u00e1 su t\u00edtulo mundial contra el venezolano Orlando Pino se mantiene en pie para ma\u00f1ana (viernes) en el Pabell\u00f3n de Esgrima del Centro Ol\u00edmpico Juan Pablo Duarte. As\u00ed lo inform\u00f3 B\u00e9lgica [&hellip;]<\/p>\n","protected":false},"author":28,"featured_media":466065,"comment_status":"closed","ping_status":"","sticky":true,"template":"","format":"standard","meta":{"footnotes":""},"categories":[17,27,32],"tags":[],"class_list":["post-466064","post","type-post","status-publish","format-standard","has-post-thumbnail","hentry","category-deportes","category-portada","category-turismo"],"_links":{"self":[{"href":"https:\/\/diariodominicano.com\/index.php?rest_route=\/wp\/v2\/posts\/466064","targetHints":{"allow":["GET"]}}],"collection":[{"href":"https:\/\/diariodominicano.com\/index.php?rest_route=\/wp\/v2\/posts"}],"about":[{"href":"https:\/\/diariodominicano.com\/index.php?rest_route=\/wp\/v2\/types\/post"}],"author":[{"embeddable":true,"href":"https:\/\/diariodominicano.com\/index.php?rest_route=\/wp\/v2\/users\/28"}],"replies":[{"embeddable":true,"href":"https:\/\/diariodominicano.com\/index.php?rest_route=%2Fwp%2Fv2%2Fcomments&post=466064"}],"version-history":[{"count":3,"href":"https:\/\/diariodominicano.com\/index.php?rest_route=\/wp\/v2\/posts\/466064\/revisions"}],"predecessor-version":[{"id":466070,"href":"https:\/\/diariodominicano.com\/index.php?rest_route=\/wp\/v2\/posts\/466064\/revisions\/466070"}],"wp:featuredmedia":[{"embeddable":true,"href":"https:\/\/diariodominicano.com\/index.php?rest_route=\/wp\/v2\/media\/466065"}],"wp:attachment":[{"href":"https:\/\/diariodominicano.com\/index.php?rest_route=%2Fwp%2Fv2%2Fmedia&parent=466064"}],"wp:term":[{"taxonomy":"category","embeddable":true,"href":"https:\/\/diariodominicano.com\/index.php?rest_route=%2Fwp%2Fv2%2Fcategories&post=466064"},{"taxonomy":"post_tag","embeddable":true,"href":"https:\/\/diariodominicano.com\/index.php?rest_route=%2Fwp%2Fv2%2Ftags&post=466064"}],"curies":[{"name":"wp","href":"https:\/\/api.w.org\/{rel}","templated":true}]}}