{"id":465934,"date":"2023-08-23T12:28:20","date_gmt":"2023-08-23T16:28:20","guid":{"rendered":"http:\/\/diariodominicano.com\/?p=465934"},"modified":"2023-08-23T12:28:52","modified_gmt":"2023-08-23T16:28:52","slug":"miembro-de-academia-cubana-de-la-lengua-celebra-cumpleanos","status":"publish","type":"post","link":"https:\/\/diariodominicano.com\/?p=465934","title":{"rendered":"Miembro de Academia Cubana de la Lengua celebra cumplea\u00f1os"},"content":{"rendered":"\n<p>La Habana, 23 ago (Prensa Latina) El ensayista cubano Reynaldo Gonz\u00e1lez, miembro de la Academia Cubana de la Lengua y Premio Nacional de Literatura 2003 celebra hoy su cumplea\u00f1os 83 con un c\u00famulo de trabajos cr\u00edticos y literarios.&nbsp;&nbsp;&nbsp;&nbsp;<\/p>\n\n\n\n<ul class=\"wp-block-list\"><li>agosto 23, 2023<\/li><li>CDT11:49 (GMT) -0400<\/li><\/ul>\n\n\n\n<p>Considerado uno de los m\u00e1s prestigiosos ensayistas cubanos, periodista, adem\u00e1s, Gonz\u00e1lez present\u00f3 desde sus inicios en este recorrido por la literatura una prosa bien documentada.<\/p>\n\n\n\n<p>De su pluma se deben textos medulares para el conocimiento de la cultura cubana, a\u00f1adi\u00e9ndole una obra enriquecida con un peculiar sentido del humor, y abordando temas, desde la historia y el recuerdo, a la inmediatez, as\u00ed como, valoraciones literarias.<\/p>\n\n\n\n<p>Naci\u00f3 el 23 de agosto de 1940 en la actual provincia central cubana de Ciego de \u00c1vila y antes de ser el excelso escritor y ensayista que es, desempe\u00f1\u00f3 diversos trabajos como empleado bancario de 1956 a 1959.<\/p>\n\n\n\n<p>En 1960 matricul\u00f3 en la Escuela de Artes Pl\u00e1sticas e ingres\u00f3 a la Asociaci\u00f3n de J\u00f3venes Rebeldes, tambi\u00e9n fue brigadista alfabetizador en 1961.<\/p>\n\n\n\n<p>Su quehacer literario se regodea con las m\u00e1s importantes figuras de Cuba y for\u00e1neas, tanto ilustres de la historia, como de la m\u00fasica o la cultura.<\/p>\n\n\n\n<p>Es autor de trabajos cr\u00edticos y coautor de Che comandante. Biograf\u00eda de Ernesto Che Guevara (1969), de la Editorial Di\u00f3genes.<\/p>\n\n\n\n<p>Cuentos suyos fueron traducidos al ruso por Pavel Brusco y al ingl\u00e9s por J. M. Cohen.<\/p>\n\n\n\n<p>Tambi\u00e9n fue redactor jefe de la revista Pueblo y Cultura, \u00f3rgano del Consejo Nacional de Cultura, y dirigi\u00f3 la p\u00e1gina cultural del peri\u00f3dico Revoluci\u00f3n en la d\u00e9cada del 60 del pasado siglo.<\/p>\n\n\n\n<p>Gonz\u00e1lez fue, adem\u00e1s, director de la Cinemateca de Cuba durante 11 a\u00f1os.<\/p>\n\n\n\n<p>Como conferencista sobre temas culturales e hist\u00f3ricos, y asuntos de la comunicaci\u00f3n, este prol\u00edfico literato cubano imparti\u00f3 coloquios en universidades de Alemania, Brasil, Chile, Espa\u00f1a, Estados Unidos, de igual forma, en Francia, Grecia, Hungr\u00eda, Italia, Polonia, Uruguay y Cuba.<\/p>\n\n\n\n<p>Obtuvo el Premio de la Cr\u00edtica Literaria por sexta ocasi\u00f3n en el Centro Cultural Dulce Mar\u00eda Loynaz por la obra Cine cubano, ese ojo que nos ve, publicado por la Editorial Oriente en 2010.<\/p>\n\n\n\n<p>Sobre \u00e9l escribi\u00f3 el historiador e intelectual cubano Manuel Moreno Fraginals que \u201cha hecho un aporte muy importante y significativo a la cultura cubana con sus Contradanzas y latigazos\u201d.<\/p>\n\n\n\n<p>Su bibliograf\u00eda activa contiene Miel sobre hojuelas (cuentos, 1964); Siempre la muerte, su paso breve (novela, 1968), traducida esta en Francia, Alemania y Polonia; Che comandante, una obra de periodismo hist\u00f3rico; La fiesta de los tiburones (relato testimonial, 1978; Lezama Lima, el ingenuo culpable (ensayos, la que le dio el Premio Nacional de la Cr\u00edtica Literaria, 1988); Llorar es un placer (ensayo, Premio Nacional de la Cr\u00edtica Literaria, 1989).<\/p>\n\n\n\n<p>Este productivo creador ha sido merecedor de muchos premios y distinciones, y entre ellos est\u00e1n, los mencionados de Cr\u00edtica Literaria, el Premio Juan Rulfo de Cuento (1993), Premio Italo Calvino de novela (2000), Premio Nacional de Periodismo Cultural (2007).<\/p>\n\n\n\n<p>La edici\u00f3n de 2010 de la Feria Internacional del Libro de La Habana fue dedicada a su obra.<\/p>\n\n\n\n<p>ro\/dpm<\/p>\n","protected":false},"excerpt":{"rendered":"<p>La Habana, 23 ago (Prensa Latina) El ensayista cubano Reynaldo Gonz\u00e1lez, miembro de la Academia Cubana de la Lengua y Premio Nacional de Literatura 2003 celebra hoy su cumplea\u00f1os 83 con un c\u00famulo de trabajos cr\u00edticos y literarios.&nbsp;&nbsp;&nbsp;&nbsp; agosto 23, 2023 CDT11:49 (GMT) -0400 Considerado uno de los m\u00e1s prestigiosos ensayistas cubanos, periodista, adem\u00e1s, Gonz\u00e1lez [&hellip;]<\/p>\n","protected":false},"author":28,"featured_media":465937,"comment_status":"closed","ping_status":"","sticky":false,"template":"","format":"standard","meta":{"footnotes":""},"categories":[21,36,32],"tags":[],"class_list":["post-465934","post","type-post","status-publish","format-standard","has-post-thumbnail","hentry","category-cultura","category-hombresmujeresycosas","category-turismo"],"_links":{"self":[{"href":"https:\/\/diariodominicano.com\/index.php?rest_route=\/wp\/v2\/posts\/465934","targetHints":{"allow":["GET"]}}],"collection":[{"href":"https:\/\/diariodominicano.com\/index.php?rest_route=\/wp\/v2\/posts"}],"about":[{"href":"https:\/\/diariodominicano.com\/index.php?rest_route=\/wp\/v2\/types\/post"}],"author":[{"embeddable":true,"href":"https:\/\/diariodominicano.com\/index.php?rest_route=\/wp\/v2\/users\/28"}],"replies":[{"embeddable":true,"href":"https:\/\/diariodominicano.com\/index.php?rest_route=%2Fwp%2Fv2%2Fcomments&post=465934"}],"version-history":[{"count":1,"href":"https:\/\/diariodominicano.com\/index.php?rest_route=\/wp\/v2\/posts\/465934\/revisions"}],"predecessor-version":[{"id":465936,"href":"https:\/\/diariodominicano.com\/index.php?rest_route=\/wp\/v2\/posts\/465934\/revisions\/465936"}],"wp:featuredmedia":[{"embeddable":true,"href":"https:\/\/diariodominicano.com\/index.php?rest_route=\/wp\/v2\/media\/465937"}],"wp:attachment":[{"href":"https:\/\/diariodominicano.com\/index.php?rest_route=%2Fwp%2Fv2%2Fmedia&parent=465934"}],"wp:term":[{"taxonomy":"category","embeddable":true,"href":"https:\/\/diariodominicano.com\/index.php?rest_route=%2Fwp%2Fv2%2Fcategories&post=465934"},{"taxonomy":"post_tag","embeddable":true,"href":"https:\/\/diariodominicano.com\/index.php?rest_route=%2Fwp%2Fv2%2Ftags&post=465934"}],"curies":[{"name":"wp","href":"https:\/\/api.w.org\/{rel}","templated":true}]}}