{"id":465832,"date":"2023-08-22T22:28:01","date_gmt":"2023-08-23T02:28:01","guid":{"rendered":"http:\/\/diariodominicano.com\/?p=465832"},"modified":"2023-08-22T22:28:01","modified_gmt":"2023-08-23T02:28:01","slug":"gobierno-de-ecuador-prorroga-concesion-a-telefonica-claro","status":"publish","type":"post","link":"https:\/\/diariodominicano.com\/?p=465832","title":{"rendered":"Gobierno de Ecuador prorroga concesi\u00f3n a telef\u00f3nica Claro"},"content":{"rendered":"\n<p>Quito, 22 ago (Prensa Latina) El gobierno de Ecuador anunci\u00f3 hoy la pr\u00f3rroga por seis meses de la concesi\u00f3n para ofrecer servicios de telefon\u00eda al Consorcio Ecuatoriano de Telecomunicaciones (Conecel), operador de la marca Claro.&nbsp;&nbsp;&nbsp;&nbsp;<\/p>\n\n\n\n<ul class=\"wp-block-list\"><li>agosto 22, 2023<\/li><li>CDT20:13 (GMT) -0400<\/li><\/ul>\n\n\n\n<p>El contrato, que permite las operaciones de esa empresa, fue firmado en 2008 y venc\u00eda el 27 de agosto pr\u00f3ximo, con lo cual cerca de nueve millones de usuarios pod\u00edan quedar sin servicio.<\/p>\n\n\n\n<p>En rueda de prensa este martes desde el Palacio de Carondelet, sede del Ejecutivo, la ministra de Telecomunicaciones Vianna Maino inform\u00f3 que el nuevo periodo de validez del contrato se extender\u00e1 hasta que concluyan las negociaciones con el Gobierno, unos seis meses.<\/p>\n\n\n\n<p>Maino precis\u00f3 que las condiciones se mantienen y Conecel seguir\u00e1 pagando durante ese periodo, pero lo har\u00e1 de forma mensual en cuotas de 3,37 millones de d\u00f3lares a partir de septiembre.<\/p>\n\n\n\n<p>Lo pactado no contempla elementos distintos a los que ya se ten\u00edan en el contrato previo, indic\u00f3 la ministra y a\u00f1adi\u00f3 que las nuevas condiciones, inversiones, coberturas o tecnolog\u00edas corresponden a la negociaci\u00f3n del nuevo contrato.<\/p>\n\n\n\n<p>La actual administraci\u00f3n ecuatoriana, liderada por el presidente Guillermo Lasso, suspendi\u00f3 en mayo pasado por 120 d\u00edas las negociaciones con Conecel y tambi\u00e9n con Otecel, otra compa\u00f1\u00eda que ofrece servicios telef\u00f3nicos con las marcas Movistar y Tuenti.<\/p>\n\n\n\n<p>De acuerdo con Maino, era necesario m\u00e1s tiempo para evaluar cuestiones regulatorias y tambi\u00e9n la posibilidad de incluir otras tecnolog\u00edas, como m\u00e1s espectro de 4G y 5G.<\/p>\n\n\n\n<p>Conecel y Otecel son los dos \u00fanicos operadores privados de telefon\u00eda m\u00f3vil en Ecuador, mientras que el Estado participa en ese mercado con la Compa\u00f1\u00eda Nacional de Telecomunicaci\u00f3n (CNT).<\/p>\n\n\n\n<p>De no concretarse nada con los prestadores en los pr\u00f3ximos tres meses, corresponder\u00e1 al pr\u00f3ximo Gobierno encargarse del asunto.<\/p>\n\n\n\n<p>npg\/avr<\/p>\n","protected":false},"excerpt":{"rendered":"<p>Quito, 22 ago (Prensa Latina) El gobierno de Ecuador anunci\u00f3 hoy la pr\u00f3rroga por seis meses de la concesi\u00f3n para ofrecer servicios de telefon\u00eda al Consorcio Ecuatoriano de Telecomunicaciones (Conecel), operador de la marca Claro.&nbsp;&nbsp;&nbsp;&nbsp; agosto 22, 2023 CDT20:13 (GMT) -0400 El contrato, que permite las operaciones de esa empresa, fue firmado en 2008 y [&hellip;]<\/p>\n","protected":false},"author":28,"featured_media":465833,"comment_status":"closed","ping_status":"","sticky":false,"template":"","format":"standard","meta":{"footnotes":""},"categories":[18,23,32],"tags":[],"class_list":["post-465832","post","type-post","status-publish","format-standard","has-post-thumbnail","hentry","category-economia","category-internacional","category-turismo"],"_links":{"self":[{"href":"https:\/\/diariodominicano.com\/index.php?rest_route=\/wp\/v2\/posts\/465832","targetHints":{"allow":["GET"]}}],"collection":[{"href":"https:\/\/diariodominicano.com\/index.php?rest_route=\/wp\/v2\/posts"}],"about":[{"href":"https:\/\/diariodominicano.com\/index.php?rest_route=\/wp\/v2\/types\/post"}],"author":[{"embeddable":true,"href":"https:\/\/diariodominicano.com\/index.php?rest_route=\/wp\/v2\/users\/28"}],"replies":[{"embeddable":true,"href":"https:\/\/diariodominicano.com\/index.php?rest_route=%2Fwp%2Fv2%2Fcomments&post=465832"}],"version-history":[{"count":1,"href":"https:\/\/diariodominicano.com\/index.php?rest_route=\/wp\/v2\/posts\/465832\/revisions"}],"predecessor-version":[{"id":465834,"href":"https:\/\/diariodominicano.com\/index.php?rest_route=\/wp\/v2\/posts\/465832\/revisions\/465834"}],"wp:featuredmedia":[{"embeddable":true,"href":"https:\/\/diariodominicano.com\/index.php?rest_route=\/wp\/v2\/media\/465833"}],"wp:attachment":[{"href":"https:\/\/diariodominicano.com\/index.php?rest_route=%2Fwp%2Fv2%2Fmedia&parent=465832"}],"wp:term":[{"taxonomy":"category","embeddable":true,"href":"https:\/\/diariodominicano.com\/index.php?rest_route=%2Fwp%2Fv2%2Fcategories&post=465832"},{"taxonomy":"post_tag","embeddable":true,"href":"https:\/\/diariodominicano.com\/index.php?rest_route=%2Fwp%2Fv2%2Ftags&post=465832"}],"curies":[{"name":"wp","href":"https:\/\/api.w.org\/{rel}","templated":true}]}}