{"id":465692,"date":"2023-08-22T12:17:28","date_gmt":"2023-08-22T16:17:28","guid":{"rendered":"http:\/\/diariodominicano.com\/?p=465692"},"modified":"2023-08-22T12:19:37","modified_gmt":"2023-08-22T16:19:37","slug":"se-suman-nuevas-fechas-en-el-palenke-de-pechuca-2023","status":"publish","type":"post","link":"https:\/\/diariodominicano.com\/?p=465692","title":{"rendered":"Se suman nuevas fechas en el Palenke de Pechuca 2023"},"content":{"rendered":"\n<figure class=\"wp-block-table\"><table><tbody><tr><td><\/td><\/tr><\/tbody><\/table><\/figure>\n\n\n\n<figure class=\"wp-block-table\"><table><tbody><tr><td><img decoding=\"async\" alt=\"\" src=\"https:\/\/ci3.googleusercontent.com\/proxy\/UxI9CoQ_3pniKdsofbwNtcypmNqBSLBBWpTt5WuKR7lPUXwYemmQQoSyzIAtTSDpwfZUJv4_-JE6_GHqUwmiedUHyOs7UuI-FkiS3ZZzddddI_YB7aiE8r-td9gPKlhcYOd_HWMJagqbZoRTRN4_YEIFUFu0yg=s0-d-e1-ft#https:\/\/mcusercontent.com\/b97a42e3d9782536d86bd3195\/images\/1dda33c7-a4c9-ead9-3121-a7be473f4992.jpg\" width=\"564\"><\/td><\/tr><\/tbody><\/table><\/figure>\n\n\n\n<figure class=\"wp-block-table\"><table><tbody><tr><td><img decoding=\"async\" alt=\"\" src=\"https:\/\/ci3.googleusercontent.com\/proxy\/AS2NdYDRAy8LKnfvR9bjOiwvI-CAAm9BjArP8SXLF1JXgzqirxx6iqDkFuTjG2bMV_KVVUe9jqJ3zW7XsdYgjGhdzCq8wvA_CzhFcZmNMXsWZwoEUw5EK6e4YADCGJt2rBkH-UK0sDKUGp5KbsCbTWTlKDM-KA=s0-d-e1-ft#https:\/\/mcusercontent.com\/b97a42e3d9782536d86bd3195\/images\/04c7b6ab-c434-c2b6-a37c-e41dfad0810c.jpg\" width=\"564\"><\/td><\/tr><\/tbody><\/table><\/figure>\n\n\n\n<figure class=\"wp-block-table\"><table><tbody><tr><td><img decoding=\"async\" alt=\"\" src=\"https:\/\/ci6.googleusercontent.com\/proxy\/8eTu0d4LAukv-L6XEE--qzKOBRZ76L0Oqupu0vykwNDlmZ_dYgI_mRn7h_wq11ygqBblZyp_sWFxEZ55JsQDMjH_SelSlch6KTHQpWBggo8_R6UPbG8wza8kgj4ioOzsysDok3jykn1WFd1YoAnGCchl_Y90gxuPY9oFGQ=s0-d-e1-ft#https:\/\/mcusercontent.com\/b97a42e3d9782536d86bd3195\/_compresseds\/7dfbc9d5-d577-eebd-e4ca-39d9c5cbd416.jpg\" width=\"564\"><\/td><\/tr><\/tbody><\/table><\/figure>\n\n\n\n<figure class=\"wp-block-table\"><table><tbody><tr><td><strong>Guadalajara, Jalisco a 22&nbsp;de agosto&nbsp;de 2023.<\/strong><br><br>El Palenque Pachuca 2023 sorprendi\u00f3 a propios y extra\u00f1os con el gran cartel que este a\u00f1o deleitar\u00e1 a los hidalguenses y visitantes que se den cita este a\u00f1o en este gran recinto.<br><br>Debido a la gran aceptaci\u00f3n del p\u00fablico,<strong>&nbsp;tres artistas de los que conforman la cartelera original, tendr\u00e1n una fecha nueva&nbsp;<\/strong>para que todos sus fans puedan disfrutar de sus espect\u00e1culos.<br><br>La&nbsp;<strong>Banda MS<\/strong>&nbsp;pisar\u00e1 el redondel tambi\u00e9n&nbsp;<strong>en dos ocasiones<\/strong>. Primero el&nbsp;<strong>1 de octubre<\/strong>, volviendo a tierras hidalguenses el&nbsp;<strong>18 de octubre<\/strong>.<br><br><strong>Carin Le\u00f3n<\/strong>&nbsp;llegar\u00e1&nbsp;de nueva cuenta&nbsp;<strong>el 16 de octubre,&nbsp;<\/strong>recordando que&nbsp;l<strong>a primera fecha ser\u00e1 el 13 del mismo mes<\/strong>.<br><br><strong>Juli\u00f3n \u00c1lvarez<\/strong>&nbsp;adem\u00e1s de su show del&nbsp;<strong>15 de octubre<\/strong>&nbsp;<strong>tendr\u00e1 una cita nueva con su p\u00fablico el 22 del mismo mes.<\/strong><br><br><strong>La venta de boletos inici\u00f3 el lunes 21 de agosto<\/strong>&nbsp;<strong>en los puntos de venta oficiales:<\/strong>&nbsp;Plaza de toros, Gota de Plata y toptickets center. As\u00ed como tambi\u00e9n en el sitio web&nbsp;<a rel=\"noreferrer noopener\" href=\"https:\/\/com.us18.list-manage.com\/track\/click?u=b97a42e3d9782536d86bd3195&amp;id=9893737b6f&amp;e=3d78f00a74\" target=\"_blank\">http:\/\/www.toptickets.com.mx&nbsp;<\/a><br><br>Aprovechamos tambi\u00e9n para recordarles que el Palenque Pachuca 2023 no se hace responsable por boletos adquiridos en sitios y p\u00e1ginas no oficiales.&nbsp;<br><br>El Palenque Pachuca 2023 est\u00e1 a la vuelta de la esquina y estamos afinando detalles para que todos disfrute al m\u00e1ximo esta temporada.&nbsp;<br><br>Alex Jimenez<br><a rel=\"noreferrer noopener\" target=\"_blank\" href=\"mailto:alexjimenez2006@gmail.com\">alexjimenez2006@gmail.com<\/a><\/td><\/tr><\/tbody><\/table><\/figure>\n\n\n\n<figure class=\"wp-block-table\"><table><tbody><tr><td><br><\/td><\/tr><\/tbody><\/table><\/figure>\n\n\n\n<figure class=\"wp-block-table\"><table><tbody><tr><td><a href=\"https:\/\/com.us18.list-manage.com\/track\/click?u=b97a42e3d9782536d86bd3195&amp;id=2203b8d3d2&amp;e=3d78f00a74\" target=\"_blank\" rel=\"noreferrer noopener\"><\/a><a href=\"https:\/\/com.us18.list-manage.com\/track\/click?u=b97a42e3d9782536d86bd3195&amp;id=3b083bc11c&amp;e=3d78f00a74\" target=\"_blank\" rel=\"noreferrer noopener\"><\/a><\/td><\/tr><\/tbody><\/table><\/figure>\n\n\n\n<figure class=\"wp-block-table\"><table><tbody><tr><td><\/td><\/tr><\/tbody><\/table><\/figure>\n","protected":false},"excerpt":{"rendered":"<p>Guadalajara, Jalisco a 22&nbsp;de agosto&nbsp;de 2023. El Palenque Pachuca 2023 sorprendi\u00f3 a propios y extra\u00f1os con el gran cartel que este a\u00f1o deleitar\u00e1 a los hidalguenses y visitantes que se den cita este a\u00f1o en este gran recinto. Debido a la gran aceptaci\u00f3n del p\u00fablico,&nbsp;tres artistas de los que conforman la cartelera original, tendr\u00e1n una [&hellip;]<\/p>\n","protected":false},"author":28,"featured_media":465693,"comment_status":"closed","ping_status":"","sticky":false,"template":"","format":"standard","meta":{"footnotes":""},"categories":[36,25,32],"tags":[],"class_list":["post-465692","post","type-post","status-publish","format-standard","has-post-thumbnail","hentry","category-hombresmujeresycosas","category-gente","category-turismo"],"_links":{"self":[{"href":"https:\/\/diariodominicano.com\/index.php?rest_route=\/wp\/v2\/posts\/465692","targetHints":{"allow":["GET"]}}],"collection":[{"href":"https:\/\/diariodominicano.com\/index.php?rest_route=\/wp\/v2\/posts"}],"about":[{"href":"https:\/\/diariodominicano.com\/index.php?rest_route=\/wp\/v2\/types\/post"}],"author":[{"embeddable":true,"href":"https:\/\/diariodominicano.com\/index.php?rest_route=\/wp\/v2\/users\/28"}],"replies":[{"embeddable":true,"href":"https:\/\/diariodominicano.com\/index.php?rest_route=%2Fwp%2Fv2%2Fcomments&post=465692"}],"version-history":[{"count":2,"href":"https:\/\/diariodominicano.com\/index.php?rest_route=\/wp\/v2\/posts\/465692\/revisions"}],"predecessor-version":[{"id":465695,"href":"https:\/\/diariodominicano.com\/index.php?rest_route=\/wp\/v2\/posts\/465692\/revisions\/465695"}],"wp:featuredmedia":[{"embeddable":true,"href":"https:\/\/diariodominicano.com\/index.php?rest_route=\/wp\/v2\/media\/465693"}],"wp:attachment":[{"href":"https:\/\/diariodominicano.com\/index.php?rest_route=%2Fwp%2Fv2%2Fmedia&parent=465692"}],"wp:term":[{"taxonomy":"category","embeddable":true,"href":"https:\/\/diariodominicano.com\/index.php?rest_route=%2Fwp%2Fv2%2Fcategories&post=465692"},{"taxonomy":"post_tag","embeddable":true,"href":"https:\/\/diariodominicano.com\/index.php?rest_route=%2Fwp%2Fv2%2Ftags&post=465692"}],"curies":[{"name":"wp","href":"https:\/\/api.w.org\/{rel}","templated":true}]}}