{"id":465584,"date":"2023-08-22T00:16:01","date_gmt":"2023-08-22T04:16:01","guid":{"rendered":"http:\/\/diariodominicano.com\/?p=465584"},"modified":"2023-08-22T00:16:01","modified_gmt":"2023-08-22T04:16:01","slug":"exposicion-en-cuba-rinde-homenaje-al-movimiento-de-la-nueva-trova-foto","status":"publish","type":"post","link":"https:\/\/diariodominicano.com\/?p=465584","title":{"rendered":"Exposici\u00f3n en Cuba rinde homenaje al Movimiento de la Nueva Trova (+Foto)"},"content":{"rendered":"\n<p>La Habana, 21 ago (Prensa Latina) La exposici\u00f3n de grabados \u201cDos miradas para un reencuentro\u201d, de los artistas Carlos \u00abTato\u00bb Ayress&nbsp; y Omar Morales se inaugur\u00f3 hoy en el Taller Experimental de Gr\u00e1fica de La Habana.&nbsp;&nbsp;&nbsp;&nbsp;&nbsp;<\/p>\n\n\n\n<ul class=\"wp-block-list\"><li>agosto 21, 2023<\/li><li>CDT17:44 (GMT) -0400<\/li><\/ul>\n\n\n\n<ul class=\"wp-block-list\"><li>Fotos: Jorge P\u00e9rez<\/li><\/ul>\n\n\n\n<p><img loading=\"lazy\" decoding=\"async\" src=\"https:\/\/www.prensa-latina.cu\/wp-content\/uploads\/2023\/08\/IMG_20230821_151307.jpg\" alt=\"\" width=\"640\" height=\"480\" srcset=\"https:\/\/www.prensa-latina.cu\/wp-content\/uploads\/2023\/08\/IMG_20230821_151307.jpg 640w, https:\/\/www.prensa-latina.cu\/wp-content\/uploads\/2023\/08\/IMG_20230821_151307-500x375.jpg 500w, https:\/\/www.prensa-latina.cu\/wp-content\/uploads\/2023\/08\/IMG_20230821_151307-150x113.jpg 150w\">&nbsp;En aras de homenajear las relaciones diplom\u00e1ticas chileno-cubanas, Ayress, tambi\u00e9n m\u00fasico y escritor nacido en esa naci\u00f3n suramericana y radicado en la isla caribe\u00f1a, expone su m\u00e1s reciente creaci\u00f3n gr\u00e1fica junto al artista cubano en la sala principal de la instituci\u00f3n capitalina.<\/p>\n\n\n\n<p>La muestra est\u00e1 dedicada especialmente al aniversario 50 del Movimiento de la Nueva Trova y a los 50 a\u00f1os de la ca\u00edda del presidente Salvador Allende, coment\u00f3&nbsp;el artista visual chileno a Prensa Latina.<\/p>\n\n\n\n<p>Mis obras van de una experimentaci\u00f3n gr\u00e1fica, pero tambi\u00e9n toco elementos de los derechos humanos, aunque no quise profundizar mucho en eso; en el caso de Omar sus piezas son grabados con una f\u00f3rmula m\u00e1s escult\u00f3rica, porque esa es su especialidad, a\u00f1adi\u00f3.<\/p>\n\n\n\n<p>Durante la inauguraci\u00f3n,&nbsp; Omar Morales, quien tambi\u00e9n es trovador, recibi\u00f3&nbsp; la medalla por los 50 a\u00f1os del Movimiento de la Nueva Trova de manos de Indira Fajardo, presidenta del Instituto Cubano de la M\u00fasica.<\/p>\n\n\n\n<p>Hemos estado celebrando el aniversario del Movimiento&nbsp;todo el a\u00f1o 2023&nbsp;y&nbsp;por eso aprovechamos cada oportunidad que tenemos para hacer este tipo de reconocimiento a personas que han estado involucradas con su historia y que han aportado tanto a este g\u00e9nero musical, coment\u00f3 Fajardo.<\/p>\n\n\n\n<p>\u00abDos miradas para un reencuentro\u00bb permanecer\u00e1 abierta al p\u00fablico en el Taller Experimental de Gr\u00e1fica, que se encuentra en el centro hist\u00f3rico de esta ciudad, hasta el pr\u00f3ximo d\u00eda 18 de septiembre, fecha que coincide con la celebraci\u00f3n de las Fiestas Patrias en Chile.<\/p>\n\n\n\n<p>mem\/mml\/vnl<\/p>\n","protected":false},"excerpt":{"rendered":"<p>La Habana, 21 ago (Prensa Latina) La exposici\u00f3n de grabados \u201cDos miradas para un reencuentro\u201d, de los artistas Carlos \u00abTato\u00bb Ayress&nbsp; y Omar Morales se inaugur\u00f3 hoy en el Taller Experimental de Gr\u00e1fica de La Habana.&nbsp;&nbsp;&nbsp;&nbsp;&nbsp; agosto 21, 2023 CDT17:44 (GMT) -0400 Fotos: Jorge P\u00e9rez &nbsp;En aras de homenajear las relaciones diplom\u00e1ticas chileno-cubanas, Ayress, tambi\u00e9n [&hellip;]<\/p>\n","protected":false},"author":28,"featured_media":465585,"comment_status":"closed","ping_status":"","sticky":false,"template":"","format":"standard","meta":{"footnotes":""},"categories":[21,36,25,32],"tags":[],"class_list":["post-465584","post","type-post","status-publish","format-standard","has-post-thumbnail","hentry","category-cultura","category-hombresmujeresycosas","category-gente","category-turismo"],"_links":{"self":[{"href":"https:\/\/diariodominicano.com\/index.php?rest_route=\/wp\/v2\/posts\/465584","targetHints":{"allow":["GET"]}}],"collection":[{"href":"https:\/\/diariodominicano.com\/index.php?rest_route=\/wp\/v2\/posts"}],"about":[{"href":"https:\/\/diariodominicano.com\/index.php?rest_route=\/wp\/v2\/types\/post"}],"author":[{"embeddable":true,"href":"https:\/\/diariodominicano.com\/index.php?rest_route=\/wp\/v2\/users\/28"}],"replies":[{"embeddable":true,"href":"https:\/\/diariodominicano.com\/index.php?rest_route=%2Fwp%2Fv2%2Fcomments&post=465584"}],"version-history":[{"count":1,"href":"https:\/\/diariodominicano.com\/index.php?rest_route=\/wp\/v2\/posts\/465584\/revisions"}],"predecessor-version":[{"id":465586,"href":"https:\/\/diariodominicano.com\/index.php?rest_route=\/wp\/v2\/posts\/465584\/revisions\/465586"}],"wp:featuredmedia":[{"embeddable":true,"href":"https:\/\/diariodominicano.com\/index.php?rest_route=\/wp\/v2\/media\/465585"}],"wp:attachment":[{"href":"https:\/\/diariodominicano.com\/index.php?rest_route=%2Fwp%2Fv2%2Fmedia&parent=465584"}],"wp:term":[{"taxonomy":"category","embeddable":true,"href":"https:\/\/diariodominicano.com\/index.php?rest_route=%2Fwp%2Fv2%2Fcategories&post=465584"},{"taxonomy":"post_tag","embeddable":true,"href":"https:\/\/diariodominicano.com\/index.php?rest_route=%2Fwp%2Fv2%2Ftags&post=465584"}],"curies":[{"name":"wp","href":"https:\/\/api.w.org\/{rel}","templated":true}]}}