{"id":465462,"date":"2023-08-21T20:42:50","date_gmt":"2023-08-22T00:42:50","guid":{"rendered":"http:\/\/diariodominicano.com\/?p=465462"},"modified":"2023-08-21T20:44:19","modified_gmt":"2023-08-22T00:44:19","slug":"banco-promerica-abre-las-puertas-de-su-nueva-sucursal-en-la-vega","status":"publish","type":"post","link":"https:\/\/diariodominicano.com\/?p=465462","title":{"rendered":"Banco Promerica abre las puertas de su nueva sucursal en La Vega\u00a0"},"content":{"rendered":"\n<p>Licelotte Rodr\u00edguez, Marielyn Portorreal, Carlos Julio Camilo, Anibel P\u00e9rez Jim\u00e9nez, Johanna Encarnaci\u00f3n y Laura Molina.<\/p>\n\n\n\n<p>\u00a0Contar\u00e1 con \u00e1rea de caja con una posici\u00f3n preferencial para accesibilidad de los clientes con discapacidad f\u00edsico-motora.<\/p>\n\n\n\n<figure class=\"wp-block-image size-large\"><img loading=\"lazy\" decoding=\"async\" width=\"1024\" height=\"683\" src=\"https:\/\/diariodominicano.com\/wp-content\/uploads\/2023\/08\/Carlos-Julio-Camilo-presidente-de-Banco-Promerica-1024x683.jpg\" alt=\"\" class=\"wp-image-465464\" srcset=\"https:\/\/diariodominicano.com\/wp-content\/uploads\/2023\/08\/Carlos-Julio-Camilo-presidente-de-Banco-Promerica-1024x683.jpg 1024w, https:\/\/diariodominicano.com\/wp-content\/uploads\/2023\/08\/Carlos-Julio-Camilo-presidente-de-Banco-Promerica-300x200.jpg 300w, https:\/\/diariodominicano.com\/wp-content\/uploads\/2023\/08\/Carlos-Julio-Camilo-presidente-de-Banco-Promerica-768x512.jpg 768w, https:\/\/diariodominicano.com\/wp-content\/uploads\/2023\/08\/Carlos-Julio-Camilo-presidente-de-Banco-Promerica-1536x1024.jpg 1536w, https:\/\/diariodominicano.com\/wp-content\/uploads\/2023\/08\/Carlos-Julio-Camilo-presidente-de-Banco-Promerica-2048x1365.jpg 2048w, https:\/\/diariodominicano.com\/wp-content\/uploads\/2023\/08\/Carlos-Julio-Camilo-presidente-de-Banco-Promerica-816x544.jpg 816w\" sizes=\"auto, (max-width: 1024px) 100vw, 1024px\" \/><figcaption>Carlos Julio Camilo, presidente de Banco Promerica<\/figcaption><\/figure>\n\n\n\n<p>\u00a0<strong>La Vega, Rep\u00fablica Dominicana, agosto 2023.-\u00a0<\/strong>Banco Promerica se complace en anunciar la apertura de su nueva sucursal en la ciudad de La Vega, ubicada en la Av. Pedro A. Rivera No. 6, Residencial Santa Mar\u00eda. <\/p>\n\n\n\n<p>Con la presencia de la entidad bancaria en esta localidad,\u00a0Promerica ratifica su compromiso de continuar entregando un servicio cercano, ofreciendo productos innovadores y una respuesta \u00e1gil para satisfacer las necesidades financieras de las diferentes comunidades de nuestro pa\u00eds.\u00a0<\/p>\n\n\n\n<p>La inauguraci\u00f3n de la sucursal representa un pilar significativo en el plan de expansi\u00f3n continua de Banco Promerica en todo el territorio nacional, con su compromiso de brindar soluciones financieras convenientes y competitivas. La sucursal La Vega estar\u00e1 abierta para atender a sus clientes de lunes a viernes, en un horario de 8:30 a.m. a 5:00 p.m. y s\u00e1bados de 9:00 a.m. a 1:00 p.m.<\/p>\n\n\n\n<p>\u00a0En el acto de inauguraci\u00f3n de la oficina, Carlos Julio Camilo, presidente ejecutivo de Banco Promerica present\u00f3 la evoluci\u00f3n y el extraordinario crecimiento de la instituci\u00f3n en los \u00faltimos a\u00f1os: creciendo sus activos 2 veces m\u00e1s que el promedio de la banca m\u00faltiple en los \u00faltimos 2 a\u00f1os. Asimismo, enfatiz\u00f3 que, con el objetivo de llevar las mejores soluciones y experiencia a los clientes, Promerica ha desarrollado una estrategia basada en los diferentes segmentos de negocios, que abarca desde Personas, PyMEs y Corporativos.\u00a0<\/p>\n\n\n\n<p>\u201cNuestra misi\u00f3n es anticiparnos a las necesidades de nuestros clientes, as\u00ed como llevar una experiencia memorable, por eso, nuestra propuesta de valor cuenta con un completo portafolio de productos y servicios que abarcan desde las diferentes soluciones financieras, con atributos diferenciados y una robusta Banca Digital, desde la cual nuestros clientes personales y empresariales pueden auto atenderse: \u00a0aperturar cuentas y solicitar tarjetas 100% digital con respuesta inmediata, desembolsar facilidades como nuestro Crediplus y L\u00edneas de Cr\u00e9dito, realizar pagos de servicios, transferencias locales e internacionales, \u00a0entre otros\u201d, extern\u00f3 Camilo.\u00a0<\/p>\n\n\n\n<p>Por su parte, Marielyn Portorreal, vicepresidente senior de Banca Personas y PyME, resalt\u00f3, \u201cEsta nueva sucursal contar\u00e1 con m\u00faltiples posiciones de negocios, para brindar asesoramiento financiero adaptado a cada cliente; \u00c1rea de caja con una posici\u00f3n de caja preferencial, para mayor accesibilidad de los clientes con discapacidad f\u00edsico-motora; una estaci\u00f3n de Autoservicio Digital, permitiendo a los clientes realizar transacciones bancarias de manera r\u00e1pida y sencilla a trav\u00e9s de la Banca Digital Promerica\u201d.\u00a0<\/p>\n\n\n\n<p>La nueva oficina tambi\u00e9n posee m\u00faltiples parqueos, pensados en la comodidad de sus visitantes y cajero autom\u00e1tico 24 horas, el cual es parte de la red de cajeros Unared, disponibles en todo el territorio nacional para facilidad de todos los clientes de Banco Promerica.\u00a0Para obtener m\u00e1s informaci\u00f3n sobre la nueva sucursal en La Vega y los servicios que Banco Promerica ofrece, los interesados pueden visitar su p\u00e1gina web [<a>www.promerica.com.do]www.promerica.com.do<\/a>\u00a0o comunicarse a su Centro de Interacci\u00f3n con el Cliente 809.732.6006.\u00a0<\/p>\n\n\n\n<p><strong>Acerca de Banco Promerica<\/strong><\/p>\n\n\n\n<p>Con sede en Santo Domingo, Banco Promerica es un banco m\u00faltiple con m\u00e1s de 23 a\u00f1os de presencia local, con \u00e9nfasis en la atenci\u00f3n de clientes personales, en la peque\u00f1a y mediana empresa, en clientes corporativos e institucionales, as\u00ed como en el negocio de Medios de Pago. <\/p>\n\n\n\n<p>Banco Promerica es miembro de Grupo Promerica (a trav\u00e9s de la sociedad controladora Promerica Financial Corporation), conformado por un grupo de nueve bancos que operan en Centroam\u00e9rica, Ecuador, Islas Caim\u00e1n y Rep\u00fablica Dominicana.\u00a0Por medio de los servicios financieros que Grupo Promerica ofrece, contribuye permanentemente a la inclusi\u00f3n financiera, as\u00ed como al progreso econ\u00f3mico de las distintas sociedades y comunidades a las que sirve.\u00a0<\/p>\n\n\n\n<p><strong>Acerca de Grupo Promerica<\/strong><\/p>\n\n\n\n<p>Grupo Promerica es uno de los m\u00e1s importantes grupos financieros regionales, con activos totales que rondan los US$ 20.1 billones, con un patrimonio de alrededor de US $1.7 billones, adem\u00e1s de que cuenta con m\u00e1s de 3.1 millones de clientes y con una red de atenci\u00f3n a clientes de m\u00e1s de 780 sucursales y agencias y m\u00e1s de 1,187 cajeros autom\u00e1ticos propios.\u00a0Por medio de los servicios financieros que Grupo Promerica ofrece, contribuye permanentemente a la inclusi\u00f3n financiera, as\u00ed como al progreso econ\u00f3mico de las distintas sociedades y comunidades a las que sirve.\u00a0<\/p>\n\n\n\n<p>Leidy P\u00e9rez<a target=\"_blank\" href=\"mailto:medios@afcomunicacion.com\" rel=\"noreferrer noopener\">medios@afcomunicacion.com<\/a><\/p>\n","protected":false},"excerpt":{"rendered":"<p>Licelotte Rodr\u00edguez, Marielyn Portorreal, Carlos Julio Camilo, Anibel P\u00e9rez Jim\u00e9nez, Johanna Encarnaci\u00f3n y Laura Molina. \u00a0Contar\u00e1 con \u00e1rea de caja con una posici\u00f3n preferencial para accesibilidad de los clientes con discapacidad f\u00edsico-motora. \u00a0La Vega, Rep\u00fablica Dominicana, agosto 2023.-\u00a0Banco Promerica se complace en anunciar la apertura de su nueva sucursal en la ciudad de La Vega, [&hellip;]<\/p>\n","protected":false},"author":28,"featured_media":465463,"comment_status":"closed","ping_status":"","sticky":true,"template":"","format":"standard","meta":{"footnotes":""},"categories":[36,18,27,32],"tags":[],"class_list":["post-465462","post","type-post","status-publish","format-standard","has-post-thumbnail","hentry","category-hombresmujeresycosas","category-economia","category-portada","category-turismo"],"_links":{"self":[{"href":"https:\/\/diariodominicano.com\/index.php?rest_route=\/wp\/v2\/posts\/465462","targetHints":{"allow":["GET"]}}],"collection":[{"href":"https:\/\/diariodominicano.com\/index.php?rest_route=\/wp\/v2\/posts"}],"about":[{"href":"https:\/\/diariodominicano.com\/index.php?rest_route=\/wp\/v2\/types\/post"}],"author":[{"embeddable":true,"href":"https:\/\/diariodominicano.com\/index.php?rest_route=\/wp\/v2\/users\/28"}],"replies":[{"embeddable":true,"href":"https:\/\/diariodominicano.com\/index.php?rest_route=%2Fwp%2Fv2%2Fcomments&post=465462"}],"version-history":[{"count":2,"href":"https:\/\/diariodominicano.com\/index.php?rest_route=\/wp\/v2\/posts\/465462\/revisions"}],"predecessor-version":[{"id":465467,"href":"https:\/\/diariodominicano.com\/index.php?rest_route=\/wp\/v2\/posts\/465462\/revisions\/465467"}],"wp:featuredmedia":[{"embeddable":true,"href":"https:\/\/diariodominicano.com\/index.php?rest_route=\/wp\/v2\/media\/465463"}],"wp:attachment":[{"href":"https:\/\/diariodominicano.com\/index.php?rest_route=%2Fwp%2Fv2%2Fmedia&parent=465462"}],"wp:term":[{"taxonomy":"category","embeddable":true,"href":"https:\/\/diariodominicano.com\/index.php?rest_route=%2Fwp%2Fv2%2Fcategories&post=465462"},{"taxonomy":"post_tag","embeddable":true,"href":"https:\/\/diariodominicano.com\/index.php?rest_route=%2Fwp%2Fv2%2Ftags&post=465462"}],"curies":[{"name":"wp","href":"https:\/\/api.w.org\/{rel}","templated":true}]}}